{"id":52191,"date":"2012-10-19T19:08:43","date_gmt":"2012-10-19T22:08:43","guid":{"rendered":"http:\/\/www.r2cpress.com.br\/v1\/?p=52191"},"modified":"2012-10-19T19:08:43","modified_gmt":"2012-10-19T22:08:43","slug":"a-fundacao-fe-e-alegriaba-apresenta","status":"publish","type":"post","link":"https:\/\/www.r2cpress.com.br\/v1\/2012\/10\/19\/a-fundacao-fe-e-alegriaba-apresenta\/","title":{"rendered":"A  FUNDA\u00c7\u00c3O  F\u00c9  E  ALEGRIA\/BA apresenta:"},"content":{"rendered":"<p align=\"center\"><strong><\/strong><strong>FESTIVAL DA ALEGRIA<\/strong><\/p>\n<p align=\"center\"><strong>Espet\u00e1culo e Exposi\u00e7\u00e3o<\/strong><\/p>\n<p align=\"center\"><strong><\/strong><span style=\"font-size: large;\">A Funda\u00e7\u00e3o F\u00e9 e Alegria do Brasil-Unidade Ilh\u00e9us\/BA tem o prazer de anunciar o FESTVAL DA ALEGRIA onde a plat\u00e9ia \u00e9 convidada a conhecer, valorizar e se divertir atrav\u00e9s das apresenta\u00e7\u00f5es de teatro, dan\u00e7a, m\u00fasica e capoeira. O espet\u00e1culo corresponde ao resultado do trabalho desenvolvido pelas crian\u00e7as e adolescentes participantes das\u00a0 oficinas\u00a0 de arte e cultura realizada pela Funda\u00e7\u00e3o.<\/span><\/p>\n<p style=\"text-align: center;\">\u00a0<span style=\"font-size: large;\">A Exposi\u00e7\u00e3o: <strong>GUETO DA ALEGRIA<\/strong><\/span><\/p>\n<p align=\"center\"><span style=\"font-size: large;\"><strong><br \/>\n<\/strong><\/span><span style=\"font-size: large;\">A Exposi\u00e7\u00e3o de Grafitte: <strong>GUETO DA ALEGRIA<\/strong> re\u00fane trabalhos das crian\u00e7as do Bairro Nossa Senhora da Vit\u00f3ria participantes dos projetos sociais da <strong><em>Funda\u00e7\u00e3o F\u00e9 e alegria do Brasil \u2013 unidade Ilh\u00e9us<\/em><\/strong>. <\/span><\/p>\n<p><span style=\"font-size: large;\">Orientados pelo educador\/grafiteiro Rildo Foge, a exposi\u00e7\u00e3o prop\u00f5e uma reflex\u00e3o sobre o local onde vivem estas crian\u00e7as e suas circunst\u00e2ncias econ\u00f4micas e sociais, al\u00e9m da valoriza\u00e7\u00e3o da arte das ruas, que vem a cada dia ganhando mais espa\u00e7o e respeito.<\/span><\/p>\n<p><span style=\"font-size: large;\">A exposi\u00e7\u00e3o ser\u00e1 lan\u00e7ada dia 01 de novembro de 2012 \u00e0s 19h, e poder\u00e1 ser visitada at\u00e9 o dia 08 de novembro no Foyer do Teatro Municipal de Ilh\u00e9us das 09h \u00e0s 18h. <\/span><\/p>\n<p><span style=\"font-size: large;\">\u00a0\u00a0\u00a0\u00a0\u00a0\u00a0\u00a0\u00a0\u00a0\u00a0\u00a0\u00a0\u00a0\u00a0\u00a0\u00a0\u00a0\u00a0\u00a0\u00a0\u00a0\u00a0\u00a0\u00a0\u00a0\u00a0\u00a0\u00a0\u00a0\u00a0<wbr>\u00a0\u00a0\u00a0\u00a0\u00a0\u00a0\u00a0\u00a0\u00a0\u00a0\u00a0\u00a0\u00a0\u00a0\u00a0\u00a0\u00a0\u00a0\u00a0\u00a0\u00a0\u00a0\u00a0\u00a0\u00a0\u00a0\u00a0\u00a0\u00a0\u00a0<\/wbr><wbr>\u00a0\u00a0\u00a0 \u00a0\u00a0 Confira!!!<\/wbr><\/span><\/p>\n<p><strong><\/strong><span style=\"font-size: large;\"><strong>O qu\u00ea:<\/strong> FESTIVAL DA ALEGRIA- Funda\u00e7\u00e3o F\u00e9 e Alegria do Brasil-Unidade Ilh\u00e9us\/BA<br \/>\n<strong>Onde<\/strong>: Teatro Municipal de Ilh\u00e9us<br \/>\n<strong>Quando<\/strong>: de 01\u00a0 de novembro de 2012 (Espet\u00e1culo de abertura \u00e0s 19h) a 08 de novembro de 2012 (Exposi\u00e7\u00e3o de Grafitte no Foyer das 09h \u00e0s 18h).<\/span><\/p>\n","protected":false},"excerpt":{"rendered":"<p>FESTIVAL DA ALEGRIA Espet\u00e1culo e Exposi\u00e7\u00e3o A Funda\u00e7\u00e3o F\u00e9 e Alegria do Brasil-Unidade Ilh\u00e9us\/BA tem o prazer de anunciar o FESTVAL DA ALEGRIA onde a plat\u00e9ia \u00e9 convidada a conhecer, valorizar e se divertir atrav\u00e9s das apresenta\u00e7\u00f5es de teatro, dan\u00e7a, m\u00fasica e capoeira. O espet\u00e1culo corresponde ao resultado do trabalho desenvolvido pelas crian\u00e7as e adolescentes [&hellip;]<\/p>\n","protected":false},"author":2,"featured_media":0,"comment_status":"open","ping_status":"open","sticky":false,"template":"","format":"standard","meta":{"_links_to":"","_links_to_target":""},"categories":[5],"tags":[],"_links":{"self":[{"href":"https:\/\/www.r2cpress.com.br\/v1\/wp-json\/wp\/v2\/posts\/52191"}],"collection":[{"href":"https:\/\/www.r2cpress.com.br\/v1\/wp-json\/wp\/v2\/posts"}],"about":[{"href":"https:\/\/www.r2cpress.com.br\/v1\/wp-json\/wp\/v2\/types\/post"}],"author":[{"embeddable":true,"href":"https:\/\/www.r2cpress.com.br\/v1\/wp-json\/wp\/v2\/users\/2"}],"replies":[{"embeddable":true,"href":"https:\/\/www.r2cpress.com.br\/v1\/wp-json\/wp\/v2\/comments?post=52191"}],"version-history":[{"count":3,"href":"https:\/\/www.r2cpress.com.br\/v1\/wp-json\/wp\/v2\/posts\/52191\/revisions"}],"predecessor-version":[{"id":52194,"href":"https:\/\/www.r2cpress.com.br\/v1\/wp-json\/wp\/v2\/posts\/52191\/revisions\/52194"}],"wp:attachment":[{"href":"https:\/\/www.r2cpress.com.br\/v1\/wp-json\/wp\/v2\/media?parent=52191"}],"wp:term":[{"taxonomy":"category","embeddable":true,"href":"https:\/\/www.r2cpress.com.br\/v1\/wp-json\/wp\/v2\/categories?post=52191"},{"taxonomy":"post_tag","embeddable":true,"href":"https:\/\/www.r2cpress.com.br\/v1\/wp-json\/wp\/v2\/tags?post=52191"}],"curies":[{"name":"wp","href":"https:\/\/api.w.org\/{rel}","templated":true}]}}