{"id":5222,"date":"2010-12-24T20:00:19","date_gmt":"2010-12-24T23:00:19","guid":{"rendered":"http:\/\/www.r2cpress.com.br\/v1\/?p=5222"},"modified":"2010-12-24T18:23:33","modified_gmt":"2010-12-24T21:23:33","slug":"do-fundo-do-bau-de-jose-leite-9","status":"publish","type":"post","link":"https:\/\/www.r2cpress.com.br\/v1\/2010\/12\/24\/do-fundo-do-bau-de-jose-leite-9\/","title":{"rendered":"DO FUNDO DO BA\u00da DE JOS\u00c9 LEITE"},"content":{"rendered":"<p><img src = \"http:\/\/www.r2cpress.com.br\/v1\/wp-content\/uploads\/tampa-do-ba%C3%BA-com-camisa.jpg\"\/><br \/>\n<b>1) A FOR\u00c7A DO CDL NA D\u00c9CADA DE 1980<br \/>\n2) QUEM SE LEMBRA? BOB NELSON O CANTOR DAS MULTID\u00d5ES EM ILH\u00c9US.<br \/>\n3) AS FOTOS DESTAQUES DA SEMANA<\/b><\/p>\n<p><!--more--><\/p>\n<p>***<\/p>\n<p><b>A FOR\u00c7A DO CDL NA D\u00c9CADA DE 1980<\/b><\/p>\n<p>Na d\u00e9cada de 1980 o CDL de Ilh\u00e9us al\u00e9m de Promover o sorteio de pr\u00eamios aos consumidores do com\u00e9rcio, tamb\u00e9m promovia \u201cSHOWS\u201d com cantores locais e nacionais. Um desses SHOWS aconteceu no NATAL de 1989 com a presen\u00e7a da \u201cBANDA BEIJO\u201d com NETINHO fazendo o maior sucesso superlotando a pra\u00e7a J. J. Seabra com a presen\u00e7a de mais de 10.000 (dez mil) pessoas. O animador oficial dessas festas, sempre foi o radialista QUINTO DE SOUZA.<br \/>\nOutra grande festa era a chegada de PAPAI NOEL de HELICOPTERO no EST\u00c1DIO MARIO PESSOA, quando recebia a chave da cidade das m\u00e3os do Prefeito. Saudades do tempo que n\u00e3o voltam mais.<\/p>\n<p><center><div id=\"attachment_5223\" style=\"width: 310px\" class=\"wp-caption alignnone\"><a href=\"http:\/\/www.r2cpress.com.br\/v1\/wp-content\/uploads\/CDL_01.jpg\"><img aria-describedby=\"caption-attachment-5223\" loading=\"lazy\" src=\"http:\/\/www.r2cpress.com.br\/v1\/wp-content\/uploads\/CDL_01-300x229.jpg\" alt=\"\" title=\"CDL_01\" width=\"300\" height=\"229\" class=\"size-medium wp-image-5223\" srcset=\"https:\/\/www.r2cpress.com.br\/v1\/wp-content\/uploads\/CDL_01-300x229.jpg 300w, https:\/\/www.r2cpress.com.br\/v1\/wp-content\/uploads\/CDL_01.jpg 774w\" sizes=\"(max-width: 300px) 100vw, 300px\" \/><\/a><p id=\"caption-attachment-5223\" class=\"wp-caption-text\">PAPAI NOEL e a ARTISTA animadora da crian\u00e7ada \u201cTIA ARILMA\u201d de Salvador chegando de HELICOPTERO NO EST\u00c1DIO MARIO PESSOA. (Foto dezembro\/1988)<\/p><\/div><\/p>\n<div id=\"attachment_5224\" style=\"width: 310px\" class=\"wp-caption alignnone\"><a href=\"http:\/\/www.r2cpress.com.br\/v1\/wp-content\/uploads\/CDL_02.jpg\"><img aria-describedby=\"caption-attachment-5224\" loading=\"lazy\" src=\"http:\/\/www.r2cpress.com.br\/v1\/wp-content\/uploads\/CDL_02-300x222.jpg\" alt=\"\" title=\"CDL_02\" width=\"300\" height=\"222\" class=\"size-medium wp-image-5224\" srcset=\"https:\/\/www.r2cpress.com.br\/v1\/wp-content\/uploads\/CDL_02-300x222.jpg 300w, https:\/\/www.r2cpress.com.br\/v1\/wp-content\/uploads\/CDL_02.jpg 763w\" sizes=\"(max-width: 300px) 100vw, 300px\" \/><\/a><p id=\"caption-attachment-5224\" class=\"wp-caption-text\">Papai Noel (ADOCIVAL ARA\u00daJO) desfilando para a garotada no Est\u00e1dio Mario Pessoa. (Foto dezembro\/1988)<\/p><\/div>\n<div id=\"attachment_5225\" style=\"width: 310px\" class=\"wp-caption alignnone\"><a href=\"http:\/\/www.r2cpress.com.br\/v1\/wp-content\/uploads\/CDL_03.jpg\"><img aria-describedby=\"caption-attachment-5225\" loading=\"lazy\" src=\"http:\/\/www.r2cpress.com.br\/v1\/wp-content\/uploads\/CDL_03-300x239.jpg\" alt=\"\" title=\"CDL_03\" width=\"300\" height=\"239\" class=\"size-medium wp-image-5225\" srcset=\"https:\/\/www.r2cpress.com.br\/v1\/wp-content\/uploads\/CDL_03-300x239.jpg 300w, https:\/\/www.r2cpress.com.br\/v1\/wp-content\/uploads\/CDL_03.jpg 716w\" sizes=\"(max-width: 300px) 100vw, 300px\" \/><\/a><p id=\"caption-attachment-5225\" class=\"wp-caption-text\">Sorteio de Pr\u00eamios para a garotada. Na foto, destaque para o Presidente do CDL MOYS\u00c9S BOHANA com o microfone comandando a festa no Est\u00e1dio M\u00e1rio Pessoa. A festa s\u00f3 \u00e9 bonita com a presen\u00e7a do povo. (Foto: Natal de 1987)<\/p><\/div>\n<div id=\"attachment_5226\" style=\"width: 310px\" class=\"wp-caption alignnone\"><a href=\"http:\/\/www.r2cpress.com.br\/v1\/wp-content\/uploads\/CDL_04.jpg\"><img aria-describedby=\"caption-attachment-5226\" loading=\"lazy\" src=\"http:\/\/www.r2cpress.com.br\/v1\/wp-content\/uploads\/CDL_04-300x240.jpg\" alt=\"\" title=\"CDL_04\" width=\"300\" height=\"240\" class=\"size-medium wp-image-5226\" srcset=\"https:\/\/www.r2cpress.com.br\/v1\/wp-content\/uploads\/CDL_04-300x240.jpg 300w, https:\/\/www.r2cpress.com.br\/v1\/wp-content\/uploads\/CDL_04.jpg 746w\" sizes=\"(max-width: 300px) 100vw, 300px\" \/><\/a><p id=\"caption-attachment-5226\" class=\"wp-caption-text\">Como era lindo ver o Est\u00e1dio Mario Pessoa Lotado de crian\u00e7a acompanhada de seus pais aguardando a chegada de Papai Noel. Todos levavam um quilo de alimento n\u00e3o perec\u00edvel para serem doados a Entidades Beneficentes. <\/p><\/div>\n<div id=\"attachment_5227\" style=\"width: 310px\" class=\"wp-caption alignnone\"><a href=\"http:\/\/www.r2cpress.com.br\/v1\/wp-content\/uploads\/CDL_05.jpg\"><img aria-describedby=\"caption-attachment-5227\" loading=\"lazy\" src=\"http:\/\/www.r2cpress.com.br\/v1\/wp-content\/uploads\/CDL_05-300x243.jpg\" alt=\"\" title=\"CDL_05\" width=\"300\" height=\"243\" class=\"size-medium wp-image-5227\" srcset=\"https:\/\/www.r2cpress.com.br\/v1\/wp-content\/uploads\/CDL_05-300x243.jpg 300w, https:\/\/www.r2cpress.com.br\/v1\/wp-content\/uploads\/CDL_05.jpg 731w\" sizes=\"(max-width: 300px) 100vw, 300px\" \/><\/a><p id=\"caption-attachment-5227\" class=\"wp-caption-text\">Ganhador recebendo a chave do carro das m\u00e3os do Presidente do CDL MOY\u00c9S BOHANA na porta da loja UIRAPURU do nosso amigo Roque Fraga que aparece na foto junto com sua esposa. Aparecem tamb\u00e9m na foto JOS\u00c9 LEITE, TONI NETO e JOSUE SOUZA. (Foto: dezembro de 1988)<\/p><\/div>\n<p><div id=\"attachment_5228\" style=\"width: 310px\" class=\"wp-caption alignnone\"><a href=\"http:\/\/www.r2cpress.com.br\/v1\/wp-content\/uploads\/CDL_06.jpg\"><img aria-describedby=\"caption-attachment-5228\" loading=\"lazy\" src=\"http:\/\/www.r2cpress.com.br\/v1\/wp-content\/uploads\/CDL_06-300x221.jpg\" alt=\"\" title=\"CDL_06\" width=\"300\" height=\"221\" class=\"size-medium wp-image-5228\" srcset=\"https:\/\/www.r2cpress.com.br\/v1\/wp-content\/uploads\/CDL_06-300x221.jpg 300w, https:\/\/www.r2cpress.com.br\/v1\/wp-content\/uploads\/CDL_06.jpg 717w\" sizes=\"(max-width: 300px) 100vw, 300px\" \/><\/a><p id=\"caption-attachment-5228\" class=\"wp-caption-text\">Entrega do FUSCA da Promo\u00e7\u00e3o Natalina de 1984 ao ganhador ANTONIO LUZ (ex. funcion\u00e1rio da CASA ARNALDO) pelo presidente MOYS\u00c9S BOHANA. Aparecem tamb\u00e9m na foto: QUINTO DE SOUZA e ANTONIO LINO. (Foto: dezembro\/1984)<\/p><\/div> <\/center><\/p>\n<p><b>QUEM SE LEMBRA? BOB NELSON O CANTOR DAS MULTID\u00d5ES EM ILH\u00c9US<\/b><\/p>\n<p>BOB NELSON, o cantor conhecido por misturar m\u00fasica caipira com o ritmo COUNTRY, ficou famoso pela interpreta\u00e7\u00e3o da can\u00e7\u00e3o \u201cOH, SUZANA\u201d. No in\u00edcio de sua carreira BOB NELSON cantava em BAILES, RADIOS E ORQUESTRAS e chegou a acompanhar CARMEM MIRANDA em 1939 quando ela se apresentou na cidade de CAMPINAS (SP).<br \/>\nNo inicio dos anos 40, inspirado nos filmes do CAUB\u00d3I CANTOR GENE AUTRY, passou a se caracterizar como TIROL\u00caS \u2013 CAUBOI, e em 1943 ganhou o premio da RADIO CULTURA DE S\u00c3O PAULO por sua vers\u00e3o \u201cOH SUZANA\u201d. Durante sua carreira BOB NELSON tamb\u00e9m fez trabalhos no cinema. Ele apareceu nos filmes ESTE MUNDO \u00c9 UM PANDEIRO (1946), SEGURA ESSA MULHER (1946) e \u00c9 COM ESTE QUE EU VOU. Na d\u00e9cada de 1970 BOB NELSON entrou no ramo de \u00d3TICA trabalhando como VIAJANTE e fez v\u00e1rias viagens para ILH\u00c9US tornando-se amigo de JOS\u00c9 LEITE.<br \/>\nEm 1978, BOB NELSON aceitou um convite de Jos\u00e9 Leite (que na \u00e9poca presidia o CDL de Ilh\u00e9us) para fazer um SHOW na Pra\u00e7a J. J. SEABRA que aconteceu no dia 20-12-1978, ha 32 anos atr\u00e1s, com a pra\u00e7a completamente LOTADA.<br \/>\nBOB NELSON residia na AV. NOSSA SENHORA DE COPACABANA \u2013 RIO DE JANEIRO. Nasceu em CAMPINAS \u2013 SP em 12-10-1918 e faleceu no RIO DE JANEIRO de uma parada card\u00edaca em 26-08-2009.<\/p>\n<p><center><div id=\"attachment_5229\" style=\"width: 192px\" class=\"wp-caption alignnone\"><a href=\"http:\/\/www.r2cpress.com.br\/v1\/wp-content\/uploads\/BOB-NELSON_07.jpg\"><img aria-describedby=\"caption-attachment-5229\" loading=\"lazy\" src=\"http:\/\/www.r2cpress.com.br\/v1\/wp-content\/uploads\/BOB-NELSON_07-182x300.jpg\" alt=\"\" title=\"BOB NELSON_07\" width=\"182\" height=\"300\" class=\"size-medium wp-image-5229\" srcset=\"https:\/\/www.r2cpress.com.br\/v1\/wp-content\/uploads\/BOB-NELSON_07-182x300.jpg 182w, https:\/\/www.r2cpress.com.br\/v1\/wp-content\/uploads\/BOB-NELSON_07.jpg 195w\" sizes=\"(max-width: 182px) 100vw, 182px\" \/><\/a><p id=\"caption-attachment-5229\" class=\"wp-caption-text\">BOB NELSON. Na sua \u00e9poca, d\u00e9cada de 1940 e 1950, BOB NELSON teve fama igual ao cantor ROBERTO CARLOS \u2013 O Rei da juventude.<\/p><\/div> <\/p>\n<div id=\"attachment_5230\" style=\"width: 310px\" class=\"wp-caption alignnone\"><a href=\"http:\/\/www.r2cpress.com.br\/v1\/wp-content\/uploads\/BOB-NELSON_08.jpg\"><img aria-describedby=\"caption-attachment-5230\" loading=\"lazy\" src=\"http:\/\/www.r2cpress.com.br\/v1\/wp-content\/uploads\/BOB-NELSON_08-300x199.jpg\" alt=\"\" title=\"BOB NELSON_08\" width=\"300\" height=\"199\" class=\"size-medium wp-image-5230\" srcset=\"https:\/\/www.r2cpress.com.br\/v1\/wp-content\/uploads\/BOB-NELSON_08-300x199.jpg 300w, https:\/\/www.r2cpress.com.br\/v1\/wp-content\/uploads\/BOB-NELSON_08.jpg 716w\" sizes=\"(max-width: 300px) 100vw, 300px\" \/><\/a><p id=\"caption-attachment-5230\" class=\"wp-caption-text\">Cartaz apresentando o SHOW com o cantor BOB NELSON e o PRIMEIRO CARRO SORTEADO PELO CDL DE ILH\u00c9US. (Foto: dezembro\/1978).<\/p><\/div>\n<div id=\"attachment_5231\" style=\"width: 203px\" class=\"wp-caption alignnone\"><a href=\"http:\/\/www.r2cpress.com.br\/v1\/wp-content\/uploads\/BOB-NELSON_09.jpg\"><img aria-describedby=\"caption-attachment-5231\" loading=\"lazy\" src=\"http:\/\/www.r2cpress.com.br\/v1\/wp-content\/uploads\/BOB-NELSON_09-193x300.jpg\" alt=\"\" title=\"BOB NELSON_09\" width=\"193\" height=\"300\" class=\"size-medium wp-image-5231\" srcset=\"https:\/\/www.r2cpress.com.br\/v1\/wp-content\/uploads\/BOB-NELSON_09-193x300.jpg 193w, https:\/\/www.r2cpress.com.br\/v1\/wp-content\/uploads\/BOB-NELSON_09.jpg 381w\" sizes=\"(max-width: 193px) 100vw, 193px\" \/><\/a><p id=\"caption-attachment-5231\" class=\"wp-caption-text\">Cart\u00e3o de Natal recebido por Jos\u00e9 Leite enviado por seu amigo BOB NELSON em 21-12-2004. Observe o chap\u00e9u tipo caub\u00f3i desenhado por BOB NELSON.<\/p><\/div>\n<p><div id=\"attachment_5232\" style=\"width: 310px\" class=\"wp-caption alignnone\"><a href=\"http:\/\/www.r2cpress.com.br\/v1\/wp-content\/uploads\/BOB-NELSON_10.jpg\"><img aria-describedby=\"caption-attachment-5232\" loading=\"lazy\" src=\"http:\/\/www.r2cpress.com.br\/v1\/wp-content\/uploads\/BOB-NELSON_10-300x198.jpg\" alt=\"\" title=\"BOB NELSON_10\" width=\"300\" height=\"198\" class=\"size-medium wp-image-5232\" srcset=\"https:\/\/www.r2cpress.com.br\/v1\/wp-content\/uploads\/BOB-NELSON_10-300x198.jpg 300w, https:\/\/www.r2cpress.com.br\/v1\/wp-content\/uploads\/BOB-NELSON_10.jpg 711w\" sizes=\"(max-width: 300px) 100vw, 300px\" \/><\/a><p id=\"caption-attachment-5232\" class=\"wp-caption-text\">Decora\u00e7\u00e3o Natalina do Com\u00e9rcio de Ilh\u00e9us promovida pelo CDL de Ilh\u00e9us. Um trecho do Cal\u00e7ad\u00e3o da Rua D. Pedro II (Ao fundo o Ed. KAUFMANN). Observe a decora\u00e7\u00e3o com estrelas ao fundo que a noite ficavam todas iluminadas. (Foto: dezembro\/1978)<\/p><\/div> <\/center><\/p>\n<p><b>AS FOTOS DESTAQUES DA SEMANA<\/b><\/p>\n<p><center><div id=\"attachment_5233\" style=\"width: 310px\" class=\"wp-caption alignnone\"><a href=\"http:\/\/www.r2cpress.com.br\/v1\/wp-content\/uploads\/Fotos-destaque_11.jpg\"><img aria-describedby=\"caption-attachment-5233\" loading=\"lazy\" src=\"http:\/\/www.r2cpress.com.br\/v1\/wp-content\/uploads\/Fotos-destaque_11-300x209.jpg\" alt=\"\" title=\"Fotos destaque_11\" width=\"300\" height=\"209\" class=\"size-medium wp-image-5233\" srcset=\"https:\/\/www.r2cpress.com.br\/v1\/wp-content\/uploads\/Fotos-destaque_11-300x209.jpg 300w, https:\/\/www.r2cpress.com.br\/v1\/wp-content\/uploads\/Fotos-destaque_11.jpg 706w\" sizes=\"(max-width: 300px) 100vw, 300px\" \/><\/a><p id=\"caption-attachment-5233\" class=\"wp-caption-text\">PAL\u00c1CIO PARANAGU\u00c1 comemorou 103 anos no \u00faltimo dia 22-12-2010 (quarta \u2013 feira). Nossos Parab\u00e9ns! <\/p><\/div> <\/p>\n<div id=\"attachment_5234\" style=\"width: 310px\" class=\"wp-caption alignnone\"><a href=\"http:\/\/www.r2cpress.com.br\/v1\/wp-content\/uploads\/Fotos-destaque_12.jpg\"><img aria-describedby=\"caption-attachment-5234\" loading=\"lazy\" src=\"http:\/\/www.r2cpress.com.br\/v1\/wp-content\/uploads\/Fotos-destaque_12-300x201.jpg\" alt=\"\" title=\"Fotos destaque_12\" width=\"300\" height=\"201\" class=\"size-medium wp-image-5234\" srcset=\"https:\/\/www.r2cpress.com.br\/v1\/wp-content\/uploads\/Fotos-destaque_12-300x201.jpg 300w, https:\/\/www.r2cpress.com.br\/v1\/wp-content\/uploads\/Fotos-destaque_12.jpg 716w\" sizes=\"(max-width: 300px) 100vw, 300px\" \/><\/a><p id=\"caption-attachment-5234\" class=\"wp-caption-text\">Pal\u00e1cio Paranagu\u00e1 Iluminado. Natal de 2006.<\/p><\/div>\n<div id=\"attachment_5235\" style=\"width: 310px\" class=\"wp-caption alignnone\"><a href=\"http:\/\/www.r2cpress.com.br\/v1\/wp-content\/uploads\/Fotos-destaque_13.jpg\"><img aria-describedby=\"caption-attachment-5235\" loading=\"lazy\" src=\"http:\/\/www.r2cpress.com.br\/v1\/wp-content\/uploads\/Fotos-destaque_13-300x199.jpg\" alt=\"\" title=\"Fotos destaque_13\" width=\"300\" height=\"199\" class=\"size-medium wp-image-5235\" srcset=\"https:\/\/www.r2cpress.com.br\/v1\/wp-content\/uploads\/Fotos-destaque_13-300x199.jpg 300w, https:\/\/www.r2cpress.com.br\/v1\/wp-content\/uploads\/Fotos-destaque_13.jpg 713w\" sizes=\"(max-width: 300px) 100vw, 300px\" \/><\/a><p id=\"caption-attachment-5235\" class=\"wp-caption-text\">Rua Jorge Amado, Natal de 2008.<\/p><\/div>\n<p><div id=\"attachment_5236\" style=\"width: 310px\" class=\"wp-caption alignnone\"><a href=\"http:\/\/www.r2cpress.com.br\/v1\/wp-content\/uploads\/Fotos-destaque_14.jpg\"><img aria-describedby=\"caption-attachment-5236\" loading=\"lazy\" src=\"http:\/\/www.r2cpress.com.br\/v1\/wp-content\/uploads\/Fotos-destaque_14-300x190.jpg\" alt=\"\" title=\"Fotos destaque_14\" width=\"300\" height=\"190\" class=\"size-medium wp-image-5236\" srcset=\"https:\/\/www.r2cpress.com.br\/v1\/wp-content\/uploads\/Fotos-destaque_14-300x190.jpg 300w, https:\/\/www.r2cpress.com.br\/v1\/wp-content\/uploads\/Fotos-destaque_14.jpg 715w\" sizes=\"(max-width: 300px) 100vw, 300px\" \/><\/a><p id=\"caption-attachment-5236\" class=\"wp-caption-text\">Rua Jorge Amado, Natal de 2010<\/p><\/div> <\/center><\/p>\n<p><b>NATAL<\/b><\/p>\n<p>UNIVERSAL, ABRANGENTE, CALOROSA. Assim \u00e9 a festa de NATAL, uma das mais coloridas Celebra\u00e7\u00f5es da humanidade, \u00e9 tamb\u00e9m a maior festa da cristandade da CIVILIZA\u00c7\u00c3O surgida do CRISTIANISMO no OCIDENTE. N\u00e3o h\u00e1 quem consiga ignorar a data por mais que a sociedade de consumo insista em transformar o evento num banquete PROFANO no qual a figura importada do PAPAI NOEL procura assumir o lugar do MENINO JESUS. <\/p>\n<p><center><a href=\"http:\/\/www.r2cpress.com.br\/v1\/wp-content\/uploads\/Natal_15.jpg\"><img loading=\"lazy\" src=\"http:\/\/www.r2cpress.com.br\/v1\/wp-content\/uploads\/Natal_15-210x300.jpg\" alt=\"\" title=\"Natal_15\" width=\"210\" height=\"300\" class=\"alignnone size-medium wp-image-5237\" srcset=\"https:\/\/www.r2cpress.com.br\/v1\/wp-content\/uploads\/Natal_15-210x300.jpg 210w, https:\/\/www.r2cpress.com.br\/v1\/wp-content\/uploads\/Natal_15.jpg 442w\" sizes=\"(max-width: 210px) 100vw, 210px\" \/><\/a><\/center><\/p>\n<p>&#8212;<br \/>\nTexto e Fotos: Jos\u00e9 Leite de Souza<\/p>\n","protected":false},"excerpt":{"rendered":"<p>1) A FOR\u00c7A DO CDL NA D\u00c9CADA DE 1980 2) QUEM SE LEMBRA? BOB NELSON O CANTOR DAS MULTID\u00d5ES EM ILH\u00c9US. 3) AS FOTOS DESTAQUES DA SEMANA<\/p>\n","protected":false},"author":2,"featured_media":0,"comment_status":"open","ping_status":"open","sticky":false,"template":"","format":"standard","meta":{"_links_to":"","_links_to_target":""},"categories":[10],"tags":[],"_links":{"self":[{"href":"https:\/\/www.r2cpress.com.br\/v1\/wp-json\/wp\/v2\/posts\/5222"}],"collection":[{"href":"https:\/\/www.r2cpress.com.br\/v1\/wp-json\/wp\/v2\/posts"}],"about":[{"href":"https:\/\/www.r2cpress.com.br\/v1\/wp-json\/wp\/v2\/types\/post"}],"author":[{"embeddable":true,"href":"https:\/\/www.r2cpress.com.br\/v1\/wp-json\/wp\/v2\/users\/2"}],"replies":[{"embeddable":true,"href":"https:\/\/www.r2cpress.com.br\/v1\/wp-json\/wp\/v2\/comments?post=5222"}],"version-history":[{"count":7,"href":"https:\/\/www.r2cpress.com.br\/v1\/wp-json\/wp\/v2\/posts\/5222\/revisions"}],"predecessor-version":[{"id":5244,"href":"https:\/\/www.r2cpress.com.br\/v1\/wp-json\/wp\/v2\/posts\/5222\/revisions\/5244"}],"wp:attachment":[{"href":"https:\/\/www.r2cpress.com.br\/v1\/wp-json\/wp\/v2\/media?parent=5222"}],"wp:term":[{"taxonomy":"category","embeddable":true,"href":"https:\/\/www.r2cpress.com.br\/v1\/wp-json\/wp\/v2\/categories?post=5222"},{"taxonomy":"post_tag","embeddable":true,"href":"https:\/\/www.r2cpress.com.br\/v1\/wp-json\/wp\/v2\/tags?post=5222"}],"curies":[{"name":"wp","href":"https:\/\/api.w.org\/{rel}","templated":true}]}}