{"id":52277,"date":"2012-10-22T17:25:47","date_gmt":"2012-10-22T20:25:47","guid":{"rendered":"http:\/\/www.r2cpress.com.br\/v1\/?p=52277"},"modified":"2012-10-22T18:20:38","modified_gmt":"2012-10-22T21:20:38","slug":"falecimento-do-primo-everaldo-mendonca","status":"publish","type":"post","link":"https:\/\/www.r2cpress.com.br\/v1\/2012\/10\/22\/falecimento-do-primo-everaldo-mendonca\/","title":{"rendered":"FALECIMENTO DO PRIMO EVERALDO MENDON\u00c7A"},"content":{"rendered":"<p>Rabat.<\/p>\n<p>Acabo de receber a not\u00edcia que faleceu h\u00e1 pouco instante o primo Everaldo Mendon\u00e7a. Everaldo \u00e9 pai da prima Maria do Socorro Mendon\u00e7a, presidente da Associa\u00e7\u00e3o Nossa Ilh\u00e9us. Seu falecimento se deu no Bairro de Oliven\u00e7a, onde vivia h\u00e1 bastante tempo.<br \/>\nN\u00e3o sabemos maiores informa\u00e7\u00f5es. Mas, tentaremos te informar a sim que for poss\u00edvel.<\/p>\n<p>&#8212;<br \/>\nUm colega de Ceplac, que mora em Oliven\u00e7a, disse-me que o corpo est\u00e1 sendo velado no SAF da Avenida Itabuna, e  o enterro ser\u00e1 amanh\u00e3 \u00e0s 15:00hs, no Cemit\u00e9rio da Vit\u00f3ria.<\/p>\n<p>Rezende<\/p>\n","protected":false},"excerpt":{"rendered":"<p>Rabat. Acabo de receber a not\u00edcia que faleceu h\u00e1 pouco instante o primo Everaldo Mendon\u00e7a. Everaldo \u00e9 pai da prima Maria do Socorro Mendon\u00e7a, presidente da Associa\u00e7\u00e3o Nossa Ilh\u00e9us. Seu falecimento se deu no Bairro de Oliven\u00e7a, onde vivia h\u00e1 bastante tempo. N\u00e3o sabemos maiores informa\u00e7\u00f5es. Mas, tentaremos te informar a sim que for poss\u00edvel. [&hellip;]<\/p>\n","protected":false},"author":2,"featured_media":0,"comment_status":"open","ping_status":"open","sticky":false,"template":"","format":"standard","meta":{"_links_to":"","_links_to_target":""},"categories":[10],"tags":[],"_links":{"self":[{"href":"https:\/\/www.r2cpress.com.br\/v1\/wp-json\/wp\/v2\/posts\/52277"}],"collection":[{"href":"https:\/\/www.r2cpress.com.br\/v1\/wp-json\/wp\/v2\/posts"}],"about":[{"href":"https:\/\/www.r2cpress.com.br\/v1\/wp-json\/wp\/v2\/types\/post"}],"author":[{"embeddable":true,"href":"https:\/\/www.r2cpress.com.br\/v1\/wp-json\/wp\/v2\/users\/2"}],"replies":[{"embeddable":true,"href":"https:\/\/www.r2cpress.com.br\/v1\/wp-json\/wp\/v2\/comments?post=52277"}],"version-history":[{"count":3,"href":"https:\/\/www.r2cpress.com.br\/v1\/wp-json\/wp\/v2\/posts\/52277\/revisions"}],"predecessor-version":[{"id":52293,"href":"https:\/\/www.r2cpress.com.br\/v1\/wp-json\/wp\/v2\/posts\/52277\/revisions\/52293"}],"wp:attachment":[{"href":"https:\/\/www.r2cpress.com.br\/v1\/wp-json\/wp\/v2\/media?parent=52277"}],"wp:term":[{"taxonomy":"category","embeddable":true,"href":"https:\/\/www.r2cpress.com.br\/v1\/wp-json\/wp\/v2\/categories?post=52277"},{"taxonomy":"post_tag","embeddable":true,"href":"https:\/\/www.r2cpress.com.br\/v1\/wp-json\/wp\/v2\/tags?post=52277"}],"curies":[{"name":"wp","href":"https:\/\/api.w.org\/{rel}","templated":true}]}}