{"id":52283,"date":"2012-10-22T17:43:48","date_gmt":"2012-10-22T20:43:48","guid":{"rendered":"http:\/\/www.r2cpress.com.br\/v1\/?p=52283"},"modified":"2012-10-22T17:43:48","modified_gmt":"2012-10-22T20:43:48","slug":"reserva-de-pauta-no-teatro-municipal-de-ilheus-prioriza-atividades-culturais","status":"publish","type":"post","link":"https:\/\/www.r2cpress.com.br\/v1\/2012\/10\/22\/reserva-de-pauta-no-teatro-municipal-de-ilheus-prioriza-atividades-culturais\/","title":{"rendered":"Reserva de pauta no Teatro Municipal de Ilh\u00e9us prioriza atividades culturais"},"content":{"rendered":"<p>Para os interessados em apresentar espet\u00e1culos de teatro, m\u00fasica, dan\u00e7a e outras manifesta\u00e7\u00f5es art\u00edsticas no Teatro Municipal de Ilh\u00e9us (TMI), a Funda\u00e7\u00e3o Cultural de Ilh\u00e9us (FUNDACI) informa que estar\u00e3o abertas entre os dias 23 de outubro e 01 de novembro de 2012 as reservas de pauta exclusivamente para eventos culturais para o primeiro trimestre de 2013.<\/p>\n<p>As reservas podem ser feitas de ter\u00e7a a sexta-feira, das 14 \u00e0s 18 horas, na Diretoria do TMI, via Correios com aviso de recebimento (AR) para o endere\u00e7o Teatro Municipal de Ilh\u00e9us \u2013 S\/N \u2013 Centro \u2013 Ilh\u00e9us-BA &#8211; CEP 45650-000 ou via e-mail para teatromunicipaldeilheus@gmail.com, com a entrega de um Of\u00edcio de solicita\u00e7\u00e3o contendo a natureza do evento, o dia e o hor\u00e1rio que est\u00e3o sendo requisitados para montagem e apresenta\u00e7\u00e3o do espet\u00e1culo, o nome do respons\u00e1vel com contato telef\u00f4nico, e-mail v\u00e1lido e demais necessidades. No caso de solicita\u00e7\u00f5es feitas via e-mail, ser\u00e1 considerada a data e hor\u00e1rio de confirma\u00e7\u00e3o do recebimento do e-mail.<\/p>\n<p>Segundo o Presidente da FUNDACI, Maur\u00edcio Corso \u201ca id\u00e9ia \u00e9 organizar antecipadamente a programa\u00e7\u00e3o cultural do ver\u00e3o, dando transpar\u00eancia e oportunidades iguais a todos os artistas e gestores culturais interessados\u201d. O parecer acerca do agendamento ser\u00e1 apresentado no dia 07 de novembro de 2012 e ter\u00e1 como crit\u00e9rio a ordem de solicita\u00e7\u00e3o, sem preju\u00edzo de novas reservas de pessoas interessadas que ser\u00e3o acrescentados posteriormente na lista existente.<\/p>\n<p>A manuten\u00e7\u00e3o das referidas reservas ser\u00e1 feita at\u00e9 45 dias antes da realiza\u00e7\u00e3o do evento e este, por sua vez, s\u00f3 ser\u00e1 confirmado ap\u00f3s a concord\u00e2ncia e assinatura do Contrato Padr\u00e3o entre o interessado e a FUNDACI.<\/p>\n<p>Ilh\u00e9us, 22 de outubro de 2012.<\/p>\n<p>Fl\u00e1via Maciel<\/p>\n<p>Diretora do TMI<\/p>\n","protected":false},"excerpt":{"rendered":"<p>Para os interessados em apresentar espet\u00e1culos de teatro, m\u00fasica, dan\u00e7a e outras manifesta\u00e7\u00f5es art\u00edsticas no Teatro Municipal de Ilh\u00e9us (TMI), a Funda\u00e7\u00e3o Cultural de Ilh\u00e9us (FUNDACI) informa que estar\u00e3o abertas entre os dias 23 de outubro e 01 de novembro de 2012 as reservas de pauta exclusivamente para eventos culturais para o primeiro trimestre de [&hellip;]<\/p>\n","protected":false},"author":2,"featured_media":0,"comment_status":"open","ping_status":"open","sticky":false,"template":"","format":"standard","meta":{"_links_to":"","_links_to_target":""},"categories":[5],"tags":[],"_links":{"self":[{"href":"https:\/\/www.r2cpress.com.br\/v1\/wp-json\/wp\/v2\/posts\/52283"}],"collection":[{"href":"https:\/\/www.r2cpress.com.br\/v1\/wp-json\/wp\/v2\/posts"}],"about":[{"href":"https:\/\/www.r2cpress.com.br\/v1\/wp-json\/wp\/v2\/types\/post"}],"author":[{"embeddable":true,"href":"https:\/\/www.r2cpress.com.br\/v1\/wp-json\/wp\/v2\/users\/2"}],"replies":[{"embeddable":true,"href":"https:\/\/www.r2cpress.com.br\/v1\/wp-json\/wp\/v2\/comments?post=52283"}],"version-history":[{"count":2,"href":"https:\/\/www.r2cpress.com.br\/v1\/wp-json\/wp\/v2\/posts\/52283\/revisions"}],"predecessor-version":[{"id":52285,"href":"https:\/\/www.r2cpress.com.br\/v1\/wp-json\/wp\/v2\/posts\/52283\/revisions\/52285"}],"wp:attachment":[{"href":"https:\/\/www.r2cpress.com.br\/v1\/wp-json\/wp\/v2\/media?parent=52283"}],"wp:term":[{"taxonomy":"category","embeddable":true,"href":"https:\/\/www.r2cpress.com.br\/v1\/wp-json\/wp\/v2\/categories?post=52283"},{"taxonomy":"post_tag","embeddable":true,"href":"https:\/\/www.r2cpress.com.br\/v1\/wp-json\/wp\/v2\/tags?post=52283"}],"curies":[{"name":"wp","href":"https:\/\/api.w.org\/{rel}","templated":true}]}}