{"id":52343,"date":"2012-10-23T14:45:04","date_gmt":"2012-10-23T17:45:04","guid":{"rendered":"http:\/\/www.r2cpress.com.br\/v1\/?p=52343"},"modified":"2012-10-23T14:45:04","modified_gmt":"2012-10-23T17:45:04","slug":"inscricoes-abertas-para-workshop-canto-coral-e-regencia","status":"publish","type":"post","link":"https:\/\/www.r2cpress.com.br\/v1\/2012\/10\/23\/inscricoes-abertas-para-workshop-canto-coral-e-regencia\/","title":{"rendered":"Inscri\u00e7\u00f5es abertas para workshop \u201cCanto Coral e Reg\u00eancia\u201d"},"content":{"rendered":"<p><div id=\"attachment_52344\" style=\"width: 310px\" class=\"wp-caption alignright\"><a href=\"http:\/\/www.r2cpress.com.br\/v1\/wp-content\/uploads\/Workshop-Acen\u00edsia-Azevedo.jpg\"><img aria-describedby=\"caption-attachment-52344\" loading=\"lazy\" src=\"http:\/\/www.r2cpress.com.br\/v1\/wp-content\/uploads\/Workshop-Acen\u00edsia-Azevedo.jpg\" alt=\"\" title=\"Workshop - Acen\u00edsia Azevedo\" width=\"300\" height=\"400\" class=\"size-full wp-image-52344\" srcset=\"https:\/\/www.r2cpress.com.br\/v1\/wp-content\/uploads\/Workshop-Acen\u00edsia-Azevedo.jpg 300w, https:\/\/www.r2cpress.com.br\/v1\/wp-content\/uploads\/Workshop-Acen\u00edsia-Azevedo-225x300.jpg 225w\" sizes=\"(max-width: 300px) 100vw, 300px\" \/><\/a><p id=\"caption-attachment-52344\" class=\"wp-caption-text\">Acen\u00edsia Azevedo<\/p><\/div>O I Encantar \u2013 Encontro de Corais Grapi\u00fanas, que vai levar ao palco sete corais de Ilh\u00e9us e Itabuna, no pr\u00f3ximo dia 26, \u00e0s 19h, no Teatro Municipal de Ilh\u00e9us, oferece tamb\u00e9m um workshop gratuito para m\u00fasicos de Ilh\u00e9us e regi\u00e3o.<\/p>\n<p>O workshop \u201cCanto Coral e Reg\u00eancia\u201d acontece no dia 26, das 8h \u00e0s 13h, na Funda\u00e7\u00e3o Cultural de Ilh\u00e9us, e vai abordar t\u00e9cnicas e exerc\u00edcios vocais para aprimoramento do canto coral e pr\u00e1tica de reg\u00eancia. A ministrante \u00e9 a conceituada musicista Acen\u00edsia de Azevedo, fonoaudi\u00f3loga, cantora, professora de canto, regente, compositora, arranjadora, preparadora vocal e pesquisadora.<\/p>\n<p>Para se inscrever, o interessado deve enviar um e-mail para vejoarte@gmail.com, informando nome, telefone, profiss\u00e3o e raz\u00e3o pela qual se interessa em fazer o curso. As vagas s\u00e3o limitadas e abertas aos interessados da \u00e1rea musical. Mais informa\u00e7\u00f5es, acesse: facebook.com\/IEncantarGrapiuna.<\/p>\n<p>A realiza\u00e7\u00e3o do I Encantar &#8211; Encontro de Corais Grapi\u00fanas \u00e9 da Vejo Arte Solu\u00e7\u00f5es Culturais e da Ativa Ideia Produ\u00e7\u00e3o Cultural e Comunica\u00e7\u00e3o. Este projeto \u00e9 apoiado atrav\u00e9s da 2\u00aa Chamada do edital Calend\u00e1rio das Artes 2012, da Funda\u00e7\u00e3o Cultural do Estado da Bahia (FUNCEB), entidade vinculada a Secretaria de Cultura do Estado (SecultBA).<\/p>\n<p><strong>Breve curr\u00edculo de Acen\u00edsia de Azevedo<\/strong><\/p>\n<p><!--more--><\/p>\n<p>Formada pela Universidade Federal da Bahia, com Especializa\u00e7\u00e3o em Voz pela CLINVOZ\/RJ. \u00c9 considerada a primeira Professora de Canto formada em Fonoaudiologia na Bahia e o seu Trabalho de Conclus\u00e3o de Curso de Gradua\u00e7\u00e3o, tamb\u00e9m considerado pioneiro: \u201cT\u00e9cnicas Vocais para o Aprimoramento Vocal de Cantores Coralistas\u201d foi selecionado e apresentado no 17\u00ba Congresso Brasileiro de Fonoaudiologia e 1\u00ba Congresso Ibero-Americano de Fonoaudiologia.<\/p>\n<p>Elaborou um trabalho para a obten\u00e7\u00e3o de Especializa\u00e7\u00e3o em Voz na forma de artigo com o seguinte t\u00edtulo: \u201cAs Contribui\u00e7\u00f5es das T\u00e9cnicas e Exerc\u00edcios Vocais para o Aprimoramento do Canto Coral\u201d.<\/p>\n<p>Especialista em Educa\u00e7\u00e3o de Jovens e Adultos (Universidade Federal da Bahia); Pesquisadora na \u00e1rea de M\u00fasica e Fonoaudiologia; Musicista e Arte-Educadora.<\/p>\n<p>Foi Professora substituta da Escola de M\u00fasica da Universidade Federal da Bahia das disciplinas: Canto, T\u00e9cnica Vocal, Fisiologia da Voz e Canto Coral.<\/p>\n<p>\u00c9 tamb\u00e9m integrante do Madrigal da UFBA no cargo de M\u00fasico\/Soprano desde 1998.<\/p>\n","protected":false},"excerpt":{"rendered":"<p>O I Encantar \u2013 Encontro de Corais Grapi\u00fanas, que vai levar ao palco sete corais de Ilh\u00e9us e Itabuna, no pr\u00f3ximo dia 26, \u00e0s 19h, no Teatro Municipal de Ilh\u00e9us, oferece tamb\u00e9m um workshop gratuito para m\u00fasicos de Ilh\u00e9us e regi\u00e3o. O workshop \u201cCanto Coral e Reg\u00eancia\u201d acontece no dia 26, das 8h \u00e0s 13h, [&hellip;]<\/p>\n","protected":false},"author":2,"featured_media":0,"comment_status":"open","ping_status":"open","sticky":false,"template":"","format":"standard","meta":{"_links_to":"","_links_to_target":""},"categories":[5],"tags":[],"_links":{"self":[{"href":"https:\/\/www.r2cpress.com.br\/v1\/wp-json\/wp\/v2\/posts\/52343"}],"collection":[{"href":"https:\/\/www.r2cpress.com.br\/v1\/wp-json\/wp\/v2\/posts"}],"about":[{"href":"https:\/\/www.r2cpress.com.br\/v1\/wp-json\/wp\/v2\/types\/post"}],"author":[{"embeddable":true,"href":"https:\/\/www.r2cpress.com.br\/v1\/wp-json\/wp\/v2\/users\/2"}],"replies":[{"embeddable":true,"href":"https:\/\/www.r2cpress.com.br\/v1\/wp-json\/wp\/v2\/comments?post=52343"}],"version-history":[{"count":2,"href":"https:\/\/www.r2cpress.com.br\/v1\/wp-json\/wp\/v2\/posts\/52343\/revisions"}],"predecessor-version":[{"id":52346,"href":"https:\/\/www.r2cpress.com.br\/v1\/wp-json\/wp\/v2\/posts\/52343\/revisions\/52346"}],"wp:attachment":[{"href":"https:\/\/www.r2cpress.com.br\/v1\/wp-json\/wp\/v2\/media?parent=52343"}],"wp:term":[{"taxonomy":"category","embeddable":true,"href":"https:\/\/www.r2cpress.com.br\/v1\/wp-json\/wp\/v2\/categories?post=52343"},{"taxonomy":"post_tag","embeddable":true,"href":"https:\/\/www.r2cpress.com.br\/v1\/wp-json\/wp\/v2\/tags?post=52343"}],"curies":[{"name":"wp","href":"https:\/\/api.w.org\/{rel}","templated":true}]}}