{"id":52399,"date":"2012-10-24T18:10:00","date_gmt":"2012-10-24T21:10:00","guid":{"rendered":"http:\/\/www.r2cpress.com.br\/v1\/?p=52399"},"modified":"2012-10-24T18:10:00","modified_gmt":"2012-10-24T21:10:00","slug":"boletim-eletronico-da-agencia-camara-de-noticias-76","status":"publish","type":"post","link":"https:\/\/www.r2cpress.com.br\/v1\/2012\/10\/24\/boletim-eletronico-da-agencia-camara-de-noticias-76\/","title":{"rendered":"Boletim Eletr\u00f4nico da Ag\u00eancia C\u00e2mara de Not\u00edcias"},"content":{"rendered":"<table width=\"700\" border=\"0\" cellspacing=\"0\" cellpadding=\"0\" align=\"center\">\n<tbody>\n<tr>\n<td colspan=\"2\">\n<h2>Manchetes do dia<\/h2>\n<\/td>\n<\/tr>\n<tr>\n<td colspan=\"2\">\n<ul>\n<li><a title=\"\" href=\"http:\/\/www2.camara.gov.br\/agencia\/noticias\/ADMINISTRACAO-PUBLICA\/428469-EMENDAS-PARLAMENTARES-PODEM-SUPERAR-R$-22-BILHOES-NO-ORCAMENTO-DE-2013.html\" target=\"_blank\">Emendas parlamentares podem superar R$ 22 bilh\u00f5es no Or\u00e7amento de 2013<\/a><\/li>\n<li><a title=\"\" href=\"http:\/\/www2.camara.gov.br\/agencia\/noticias\/ECONOMIA\/428471-DEPUTADOS-COBRAM-COMPENSACAO-A-ESTADOS-POR-PERDAS-COM-A-LEI-KANDIR.html\" target=\"_blank\">Deputados cobram compensa\u00e7\u00e3o a estados por perdas com a Lei Kandir<\/a><\/li>\n<li><a title=\"\" href=\"http:\/\/www2.camara.gov.br\/agencia\/noticias\/TRABALHO-E-PREVIDENCIA\/428440-MINISTRA-PREVE-PARA-FEVEREIRO-ENTRADA-EM-VIGOR-DE-NOVA-PREVIDENCIA-DE-SERVIDOR.html\" target=\"_blank\">Ministra prev\u00ea para fevereiro entrada em vigor de nova previd\u00eancia de servidor<\/a><\/li>\n<li><a title=\"\" href=\"http:\/\/www2.camara.gov.br\/agencia\/noticias\/ECONOMIA\/428435-MP-CRIA-FUNDO-DO-CENTRO-OESTE-E-AUTORIZA-EMPRESTIMO-PARA-BANCOS-OFICIAIS.html\" target=\"_blank\">MP cria fundo do Centro-Oeste e autoriza empr\u00e9stimo para bancos oficiais<\/a><\/li>\n<\/ul>\n<\/td>\n<\/tr>\n<tr>\n<td colspan=\"2\"><\/td>\n<\/tr>\n<tr>\n<td colspan=\"2\">\n<table width=\"100%\" border=\"0\" cellspacing=\"0\" cellpadding=\"0\">\n<tbody>\n<tr>\n<td>\n<table width=\"100%\" border=\"0\" cellspacing=\"0\" cellpadding=\"0\">\n<tbody>\n<tr>\n<td rowspan=\"2\" valign=\"top\" width=\"70%\">\n<table width=\"100%\" border=\"0\" cellspacing=\"0\" cellpadding=\"0\">\n<tbody>\n<tr bgcolor=\"#FFFFFF\">\n<td>\n<h2>ADMINISTRA\u00c7\u00c3O P\u00daBLICA<\/h2>\n<\/td>\n<\/tr>\n<tr>\n<td>\n<ul>\n<li><a title=\"\" href=\"http:\/\/www2.camara.gov.br\/agencia\/noticias\/MEIO-AMBIENTE\/428407-PROJETO-LIBERA-PESCA-ARTESANAL-NA-ESTACAO-ECOLOGICA-DE-TAMOIOS.html\" target=\"_blank\">Projeto libera pesca artesanal na Esta\u00e7\u00e3o Ecol\u00f3gica de Tamoios<\/a><\/li>\n<li><a title=\"\" href=\"http:\/\/www2.camara.gov.br\/agencia\/noticias\/TRABALHO-E-PREVIDENCIA\/428448-PROPOSTA-MANTEM-OBRIGACAO-TRABALHISTA-EM-CASOS-DE-RECUPERACAO-JUDICIAL.html\" target=\"_blank\">Proposta mant\u00e9m obriga\u00e7\u00e3o trabalhista em casos de recupera\u00e7\u00e3o judicial<\/a><\/li>\n<li><a title=\"\" href=\"http:\/\/www2.camara.gov.br\/agencia\/noticias\/SAUDE\/428452-PROPOSTA-OBRIGA-HOSPITAIS-PUBLICOS-A-OFERECER-SERVICOS-ODONTOLOGICOS.html\" target=\"_blank\">Proposta obriga hospitais p\u00fablicos a oferecer servi\u00e7os odontol\u00f3gicos<\/a><\/li>\n<li><a title=\"\" href=\"http:\/\/www2.camara.gov.br\/agencia\/noticias\/TRABALHO-E-PREVIDENCIA\/428455-PROJETO-AMPLIA-BENEFICIOS-A-TRABALHADORES-COM-PROBLEMAS-DE-SAUDE.html\" target=\"_blank\">Projeto amplia benef\u00edcios a trabalhadores com problemas de sa\u00fade<\/a><\/li>\n<\/ul>\n<\/td>\n<\/tr>\n<tr bgcolor=\"#FFFFFF\">\n<td>\n<h2>DIREITO E JUSTI\u00c7A<\/h2>\n<\/td>\n<\/tr>\n<tr>\n<td>\n<ul>\n<li><a title=\"\" href=\"http:\/\/www2.camara.gov.br\/agencia\/noticias\/DIREITO-E-JUSTICA\/428447-PROJETO-MUDA-REGRA-PARA-EMBARGOS-NO-JUIZADO-ESPECIAL.html\" target=\"_blank\">Projeto muda regra para embargos no Juizado Especial<\/a><\/li>\n<li><a title=\"\" href=\"http:\/\/www2.camara.gov.br\/agencia\/noticias\/DIREITO-E-JUSTICA\/428503-OAB-QUER-REMUNERACAO-MAIOR-PARA-ADVOGADOS-NAS-CAUSAS-CONTRA-PODER-PUBLICO.html\" target=\"_blank\">OAB quer remunera\u00e7\u00e3o maior para advogados nas causas contra Poder P\u00fablico<\/a><\/li>\n<\/ul>\n<\/td>\n<\/tr>\n<tr bgcolor=\"#FFFFFF\">\n<td>\n<h2>ECONOMIA<\/h2>\n<\/td>\n<\/tr>\n<tr>\n<td>\n<ul>\n<li><a title=\"\" href=\"http:\/\/www2.camara.gov.br\/agencia\/noticias\/SAUDE\/428468-PROJETO-AMPLIA-ISENCAO-DE-IR-PARA-BOLSISTAS-DA-AREA-DA-SAUDE.html\" target=\"_blank\">Projeto amplia isen\u00e7\u00e3o de IR para bolsistas da \u00e1rea da sa\u00fade<\/a><\/li>\n<\/ul>\n<\/td>\n<\/tr>\n<tr bgcolor=\"#FFFFFF\">\n<td>\n<h2>EDUCA\u00c7\u00c3O E CULTURA<\/h2>\n<\/td>\n<\/tr>\n<tr>\n<td>\n<ul>\n<li><a title=\"\" href=\"http:\/\/www2.camara.gov.br\/agencia\/noticias\/EDUCACAO-E-CULTURA\/428444-PROJETO-TORNA-OBRIGATORIA-DIVULGACAO-DE-AUTORES-E-INTERPRETES-DE-MUSICAS.html\" target=\"_blank\">Projeto torna obrigat\u00f3ria divulga\u00e7\u00e3o de autores e int\u00e9rpretes de m\u00fasicas<\/a><\/li>\n<\/ul>\n<\/td>\n<\/tr>\n<tr bgcolor=\"#FFFFFF\">\n<td>\n<h2>SA\u00daDE<\/h2>\n<\/td>\n<\/tr>\n<tr>\n<td>\n<ul>\n<li><a title=\"\" href=\"http:\/\/www2.camara.gov.br\/agencia\/noticias\/SAUDE\/428490-FRENTE-PARLAMENTAR-FARA-MOBILIZACAO-PELO-FIM-DA-TUBERCULOSE.html\" target=\"_blank\">Frente Parlamentar far\u00e1 mobiliza\u00e7\u00e3o pelo fim da tuberculose<\/a><\/li>\n<\/ul>\n<\/td>\n<\/tr>\n<tr bgcolor=\"#FFFFFF\">\n<td>\n<h2>SEGURAN\u00c7A<\/h2>\n<\/td>\n<\/tr>\n<tr>\n<td>\n<ul>\n<li><a title=\"\" href=\"http:\/\/www2.camara.gov.br\/agencia\/noticias\/SEGURANCA\/428451-PROJETO-PREVE-PUNICAO-A-ADVOGADO-QUE-RECEBER-DINHEIRO-DE-ORIGEM-ILICITA.html\" target=\"_blank\">Projeto prev\u00ea puni\u00e7\u00e3o a advogado que receber dinheiro de origem il\u00edcita<\/a><\/li>\n<\/ul>\n<\/td>\n<\/tr>\n<\/tbody>\n<\/table>\n<\/td>\n<\/tr>\n<\/tbody>\n<\/table>\n<\/td>\n<\/tr>\n<\/tbody>\n<\/table>\n<\/td>\n<\/tr>\n<\/tbody>\n<\/table>\n","protected":false},"excerpt":{"rendered":"<p>Manchetes do dia Emendas parlamentares podem superar R$ 22 bilh\u00f5es no Or\u00e7amento de 2013 Deputados cobram compensa\u00e7\u00e3o a estados por perdas com a Lei Kandir Ministra prev\u00ea para fevereiro entrada em vigor de nova previd\u00eancia de servidor MP cria fundo do Centro-Oeste e autoriza empr\u00e9stimo para bancos oficiais ADMINISTRA\u00c7\u00c3O P\u00daBLICA Projeto libera pesca artesanal na [&hellip;]<\/p>\n","protected":false},"author":2,"featured_media":0,"comment_status":"open","ping_status":"open","sticky":false,"template":"","format":"standard","meta":{"_links_to":"","_links_to_target":""},"categories":[18],"tags":[],"_links":{"self":[{"href":"https:\/\/www.r2cpress.com.br\/v1\/wp-json\/wp\/v2\/posts\/52399"}],"collection":[{"href":"https:\/\/www.r2cpress.com.br\/v1\/wp-json\/wp\/v2\/posts"}],"about":[{"href":"https:\/\/www.r2cpress.com.br\/v1\/wp-json\/wp\/v2\/types\/post"}],"author":[{"embeddable":true,"href":"https:\/\/www.r2cpress.com.br\/v1\/wp-json\/wp\/v2\/users\/2"}],"replies":[{"embeddable":true,"href":"https:\/\/www.r2cpress.com.br\/v1\/wp-json\/wp\/v2\/comments?post=52399"}],"version-history":[{"count":3,"href":"https:\/\/www.r2cpress.com.br\/v1\/wp-json\/wp\/v2\/posts\/52399\/revisions"}],"predecessor-version":[{"id":52402,"href":"https:\/\/www.r2cpress.com.br\/v1\/wp-json\/wp\/v2\/posts\/52399\/revisions\/52402"}],"wp:attachment":[{"href":"https:\/\/www.r2cpress.com.br\/v1\/wp-json\/wp\/v2\/media?parent=52399"}],"wp:term":[{"taxonomy":"category","embeddable":true,"href":"https:\/\/www.r2cpress.com.br\/v1\/wp-json\/wp\/v2\/categories?post=52399"},{"taxonomy":"post_tag","embeddable":true,"href":"https:\/\/www.r2cpress.com.br\/v1\/wp-json\/wp\/v2\/tags?post=52399"}],"curies":[{"name":"wp","href":"https:\/\/api.w.org\/{rel}","templated":true}]}}