{"id":5245,"date":"2010-12-24T18:43:16","date_gmt":"2010-12-24T21:43:16","guid":{"rendered":"http:\/\/www.r2cpress.com.br\/v1\/?p=5245"},"modified":"2010-12-24T18:43:16","modified_gmt":"2010-12-24T21:43:16","slug":"pacientes-portadores-de-linfomas-e-leucemia-serao-prejudicados-com-as-novas-portarias","status":"publish","type":"post","link":"https:\/\/www.r2cpress.com.br\/v1\/2010\/12\/24\/pacientes-portadores-de-linfomas-e-leucemia-serao-prejudicados-com-as-novas-portarias\/","title":{"rendered":"Pacientes portadores de linfomas e leucemia ser\u00e3o prejudicados com as novas portarias"},"content":{"rendered":"<p>\u201cUma decis\u00e3o tomada na &#8220;calada da noite&#8221; e que prejudica milhares de pacientes\u201d. A declara\u00e7\u00e3o \u00e9 do presidente da Associa\u00e7\u00e3o Brasileira de Hematologia e Hemoterapia (ABHH), Dr. Carmino Antonio de Souza, ao se referir \u00e0s portarias do Minist\u00e9rio da Sa\u00fade (MS), publicadas no Di\u00e1rio Oficial da Uni\u00e3o desta segunda-feira (20), sobre redu\u00e7\u00e3o dos valores destinados ao tratamento de pacientes portadores de Linfomas Mal\u00edgnos e da Leucemia Miel\u00f3ide Cr\u00f4nica.<\/p>\n<p>A Secretaria de Aten\u00e7\u00e3o \u00e0 Sa\u00fade do MS, sem ouvir as institui\u00e7\u00f5es da \u00e1rea m\u00e9dica, reduziu de forma compuls\u00f3ria os valores de ressarcimento das Autoriza\u00e7\u00f5es de Procedimento de Alto Custo\/Complexidade, conhecidas como APACs. No caso da Leucemia   Miel\u00f3ide Cr\u00f4nica as redu\u00e7\u00f5es variam de 20% a 23%. Em rela\u00e7\u00e3o ao Linfoma N\u00e3o-Hodgkin a redu\u00e7\u00e3o foi da ordem de 10%.<\/p>\n<p><!--more--><\/p>\n<p>         Estas redu\u00e7\u00f5es \u201cinviabilizam o tratamento adequado aos pacientes\u201d, explicou o presidente da ABHH, uma vez que n\u00e3o cobrem o custo total do tratamento representado pelos medicamentos e pelos servi\u00e7os complementares prestados por hospitais e cl\u00ednicas e que s\u00e3o \u201cfundamentais para a continuidade do tratamento\u201d.<\/p>\n<p>         De acordo com o Dr. Carmino de Souza, novamente h\u00e1 um erro conceitual de  calcular os valores das APACs a partir de rem\u00e9dios esquecendo-se que o tratamento integral inclui toda a estrutura m\u00e9dica e todos os rem\u00e9dios espec\u00edficos e de suporte ao paciente. A publica\u00e7\u00e3o da portaria \u00e0s v\u00e9speras das festas de fim de ano inviabilizou a possibilidade de as institui\u00e7\u00f5es m\u00e9dicas discutirem o assunto com o governo. As portarias entram em vigor no dia primeiro de janeiro de 2011, portanto em outro Governo e com novo Ministro da Sa\u00fade.<\/p>\n","protected":false},"excerpt":{"rendered":"<p>\u201cUma decis\u00e3o tomada na &#8220;calada da noite&#8221; e que prejudica milhares de pacientes\u201d. A declara\u00e7\u00e3o \u00e9 do presidente da Associa\u00e7\u00e3o Brasileira de Hematologia e Hemoterapia (ABHH), Dr. Carmino Antonio de Souza, ao se referir \u00e0s portarias do Minist\u00e9rio da Sa\u00fade (MS), publicadas no Di\u00e1rio Oficial da Uni\u00e3o desta segunda-feira (20), sobre redu\u00e7\u00e3o dos valores destinados [&hellip;]<\/p>\n","protected":false},"author":2,"featured_media":0,"comment_status":"open","ping_status":"open","sticky":false,"template":"","format":"standard","meta":{"_links_to":"","_links_to_target":""},"categories":[24],"tags":[],"_links":{"self":[{"href":"https:\/\/www.r2cpress.com.br\/v1\/wp-json\/wp\/v2\/posts\/5245"}],"collection":[{"href":"https:\/\/www.r2cpress.com.br\/v1\/wp-json\/wp\/v2\/posts"}],"about":[{"href":"https:\/\/www.r2cpress.com.br\/v1\/wp-json\/wp\/v2\/types\/post"}],"author":[{"embeddable":true,"href":"https:\/\/www.r2cpress.com.br\/v1\/wp-json\/wp\/v2\/users\/2"}],"replies":[{"embeddable":true,"href":"https:\/\/www.r2cpress.com.br\/v1\/wp-json\/wp\/v2\/comments?post=5245"}],"version-history":[{"count":2,"href":"https:\/\/www.r2cpress.com.br\/v1\/wp-json\/wp\/v2\/posts\/5245\/revisions"}],"predecessor-version":[{"id":5247,"href":"https:\/\/www.r2cpress.com.br\/v1\/wp-json\/wp\/v2\/posts\/5245\/revisions\/5247"}],"wp:attachment":[{"href":"https:\/\/www.r2cpress.com.br\/v1\/wp-json\/wp\/v2\/media?parent=5245"}],"wp:term":[{"taxonomy":"category","embeddable":true,"href":"https:\/\/www.r2cpress.com.br\/v1\/wp-json\/wp\/v2\/categories?post=5245"},{"taxonomy":"post_tag","embeddable":true,"href":"https:\/\/www.r2cpress.com.br\/v1\/wp-json\/wp\/v2\/tags?post=5245"}],"curies":[{"name":"wp","href":"https:\/\/api.w.org\/{rel}","templated":true}]}}