{"id":5248,"date":"2010-12-24T19:51:35","date_gmt":"2010-12-24T22:51:35","guid":{"rendered":"http:\/\/www.r2cpress.com.br\/v1\/?p=5248"},"modified":"2010-12-24T19:51:35","modified_gmt":"2010-12-24T22:51:35","slug":"afac","status":"publish","type":"post","link":"https:\/\/www.r2cpress.com.br\/v1\/2010\/12\/24\/afac\/","title":{"rendered":"AFAC"},"content":{"rendered":"<p><strong>AFAC vence I Copa Vilson Longo de Futsal e garante vaga para participar da Ta\u00e7a Estado da Bahia  <\/strong><\/p>\n<p><a href=\"http:\/\/www.r2cpress.com.br\/v1\/wp-content\/uploads\/materia.jpg\"><img loading=\"lazy\" src=\"http:\/\/www.r2cpress.com.br\/v1\/wp-content\/uploads\/materia-300x196.jpg\" alt=\"\" title=\"materia\" width=\"300\" height=\"196\" class=\"alignleft size-medium wp-image-5249\" srcset=\"https:\/\/www.r2cpress.com.br\/v1\/wp-content\/uploads\/materia-300x196.jpg 300w, https:\/\/www.r2cpress.com.br\/v1\/wp-content\/uploads\/materia.jpg 680w\" sizes=\"(max-width: 300px) 100vw, 300px\" \/><\/a>Aconteceu dia 22 deste m\u00eas, no gin\u00e1sio de esportes Herval Soledade, a grande finalissima da I Copa Vilson Longo de Futsal. Competi\u00e7\u00e3o promovida pela Superintend\u00eancia Municipal de Esporte de Ilh\u00e9us.<br \/>\nA equipe de futsal da AFAC que conta com o apoio de Deco Tatoo e Barrakitika, foi a grande vencedora, depois da dific\u00edlima semifinal contra ADC I na segunda-feira, o elenco liderado pelo t\u00e9cnico Willy Ara\u00fajo e Hermano Neto, venceu a grande final contra a forte equipe da Conquista \u2013 ADC II, com o placar de 3&#215;2.<\/p>\n<p>Em mar\u00e7o do pr\u00f3ximo ano, a grande campe\u00e3 AFAC, vai representar Ilh\u00e9us na Ta\u00e7a Estado da Bahia, realizada pela TV Santa Cruz. Os zonais v\u00e3o acontecer nos munic\u00edpios de Ilh\u00e9us, Eun\u00e1polis, Vit\u00f3ria da Conquista e Brumado. <\/p>\n<p>Al\u00e9m de escolher o representante da cidade na Ta\u00e7a Estado da Bahia, o evento, de acordo com o coordenador de Estudos e Planejamentos da Superintend\u00eancia de Esportes, Renato Peixoto, presta tamb\u00e9m homenagem ao ex-atleta de futsal ilheense, o professor Vilson Longo. \u201cSeu nome foi refer\u00eancia de futsal para Ilh\u00e9us e regi\u00e3o e hoje a cidade presta esta justa homenagem\u201d. <\/p>\n<p>Parab\u00e9ns AFAC !!!!<\/p>\n","protected":false},"excerpt":{"rendered":"<p>AFAC vence I Copa Vilson Longo de Futsal e garante vaga para participar da Ta\u00e7a Estado da Bahia Aconteceu dia 22 deste m\u00eas, no gin\u00e1sio de esportes Herval Soledade, a grande finalissima da I Copa Vilson Longo de Futsal. Competi\u00e7\u00e3o promovida pela Superintend\u00eancia Municipal de Esporte de Ilh\u00e9us. A equipe de futsal da AFAC que [&hellip;]<\/p>\n","protected":false},"author":2,"featured_media":0,"comment_status":"open","ping_status":"open","sticky":false,"template":"","format":"standard","meta":{"_links_to":"","_links_to_target":""},"categories":[11],"tags":[],"_links":{"self":[{"href":"https:\/\/www.r2cpress.com.br\/v1\/wp-json\/wp\/v2\/posts\/5248"}],"collection":[{"href":"https:\/\/www.r2cpress.com.br\/v1\/wp-json\/wp\/v2\/posts"}],"about":[{"href":"https:\/\/www.r2cpress.com.br\/v1\/wp-json\/wp\/v2\/types\/post"}],"author":[{"embeddable":true,"href":"https:\/\/www.r2cpress.com.br\/v1\/wp-json\/wp\/v2\/users\/2"}],"replies":[{"embeddable":true,"href":"https:\/\/www.r2cpress.com.br\/v1\/wp-json\/wp\/v2\/comments?post=5248"}],"version-history":[{"count":2,"href":"https:\/\/www.r2cpress.com.br\/v1\/wp-json\/wp\/v2\/posts\/5248\/revisions"}],"predecessor-version":[{"id":5251,"href":"https:\/\/www.r2cpress.com.br\/v1\/wp-json\/wp\/v2\/posts\/5248\/revisions\/5251"}],"wp:attachment":[{"href":"https:\/\/www.r2cpress.com.br\/v1\/wp-json\/wp\/v2\/media?parent=5248"}],"wp:term":[{"taxonomy":"category","embeddable":true,"href":"https:\/\/www.r2cpress.com.br\/v1\/wp-json\/wp\/v2\/categories?post=5248"},{"taxonomy":"post_tag","embeddable":true,"href":"https:\/\/www.r2cpress.com.br\/v1\/wp-json\/wp\/v2\/tags?post=5248"}],"curies":[{"name":"wp","href":"https:\/\/api.w.org\/{rel}","templated":true}]}}