{"id":5255,"date":"2010-12-24T22:31:03","date_gmt":"2010-12-25T01:31:03","guid":{"rendered":"http:\/\/www.r2cpress.com.br\/v1\/?p=5255"},"modified":"2010-12-24T22:31:03","modified_gmt":"2010-12-25T01:31:03","slug":"medicos-nao-conseguem-estancar-sangramento-e-alencar-deve-passar-por-hemodialise","status":"publish","type":"post","link":"https:\/\/www.r2cpress.com.br\/v1\/2010\/12\/24\/medicos-nao-conseguem-estancar-sangramento-e-alencar-deve-passar-por-hemodialise\/","title":{"rendered":"M\u00e9dicos n\u00e3o conseguem estancar sangramento e Alencar deve passar por hemodi\u00e1lise"},"content":{"rendered":"<p><strong>S\u00e3o Paulo<\/strong> &#8211; O vice-presidente da Rep\u00fablica, Jos\u00e9 Alencar, voltou a apresentar sangramento no intestino delgado nas \u00faltimas doze horas. Segundo o \u00faltimo boletim m\u00e9dico, divulgado h\u00e1 pouco pela equipe do Hospital S\u00edrio-Liban\u00eas, em S\u00e3o Paulo, mesmo com a hemorragia, considerada moderada pelos m\u00e9dicos, o estado de sa\u00fade de Alencar mant\u00e9m-se est\u00e1vel.<\/p>\n<p>O vice-presidente segue internado na Unidade de Terapia Intensiva (UTI) do hospital, est\u00e1 recebendo transfus\u00f5es de sangue e deve se submeter, nas pr\u00f3ximas horas, a uma hemodi\u00e1lise, que \u00e9 a filtragem do sangue por um rim artificial.<\/p>\n<p>Jos\u00e9 Alencar est\u00e1 internado desde a noite de quarta-feira (22), com um quadro grave de hemorragia intestinal. H\u00e1 13 anos, ele luta contra um c\u00e2ncer no intestino.<\/p>\n<p>Fl\u00e1via Albuquerque<br \/>\nRep\u00f3rter da <a href = \"http:\/\/agenciabrasil.ebc.com.br\/web\/ebc-agencia-brasil\/enviorss\/-\/journal_content\/56\/19523\/1127240\" target = \"_news\"><b>Ag\u00eancia Brasil<\/b><\/a><br \/>\nEdi\u00e7\u00e3o: Vinicius Doria<\/p>\n","protected":false},"excerpt":{"rendered":"<p>S\u00e3o Paulo &#8211; O vice-presidente da Rep\u00fablica, Jos\u00e9 Alencar, voltou a apresentar sangramento no intestino delgado nas \u00faltimas doze horas. Segundo o \u00faltimo boletim m\u00e9dico, divulgado h\u00e1 pouco pela equipe do Hospital S\u00edrio-Liban\u00eas, em S\u00e3o Paulo, mesmo com a hemorragia, considerada moderada pelos m\u00e9dicos, o estado de sa\u00fade de Alencar mant\u00e9m-se est\u00e1vel. O vice-presidente segue [&hellip;]<\/p>\n","protected":false},"author":2,"featured_media":0,"comment_status":"open","ping_status":"open","sticky":false,"template":"","format":"standard","meta":{"_links_to":"","_links_to_target":""},"categories":[18],"tags":[],"_links":{"self":[{"href":"https:\/\/www.r2cpress.com.br\/v1\/wp-json\/wp\/v2\/posts\/5255"}],"collection":[{"href":"https:\/\/www.r2cpress.com.br\/v1\/wp-json\/wp\/v2\/posts"}],"about":[{"href":"https:\/\/www.r2cpress.com.br\/v1\/wp-json\/wp\/v2\/types\/post"}],"author":[{"embeddable":true,"href":"https:\/\/www.r2cpress.com.br\/v1\/wp-json\/wp\/v2\/users\/2"}],"replies":[{"embeddable":true,"href":"https:\/\/www.r2cpress.com.br\/v1\/wp-json\/wp\/v2\/comments?post=5255"}],"version-history":[{"count":2,"href":"https:\/\/www.r2cpress.com.br\/v1\/wp-json\/wp\/v2\/posts\/5255\/revisions"}],"predecessor-version":[{"id":5257,"href":"https:\/\/www.r2cpress.com.br\/v1\/wp-json\/wp\/v2\/posts\/5255\/revisions\/5257"}],"wp:attachment":[{"href":"https:\/\/www.r2cpress.com.br\/v1\/wp-json\/wp\/v2\/media?parent=5255"}],"wp:term":[{"taxonomy":"category","embeddable":true,"href":"https:\/\/www.r2cpress.com.br\/v1\/wp-json\/wp\/v2\/categories?post=5255"},{"taxonomy":"post_tag","embeddable":true,"href":"https:\/\/www.r2cpress.com.br\/v1\/wp-json\/wp\/v2\/tags?post=5255"}],"curies":[{"name":"wp","href":"https:\/\/api.w.org\/{rel}","templated":true}]}}