{"id":52611,"date":"2012-10-29T08:00:00","date_gmt":"2012-10-29T11:00:00","guid":{"rendered":"http:\/\/www.r2cpress.com.br\/v1\/?p=52611"},"modified":"2012-10-28T20:53:30","modified_gmt":"2012-10-28T23:53:30","slug":"maria-regina-canhos-vicentin-em-ano-da-fe","status":"publish","type":"post","link":"https:\/\/www.r2cpress.com.br\/v1\/2012\/10\/29\/maria-regina-canhos-vicentin-em-ano-da-fe\/","title":{"rendered":"Maria Regina Canhos Vicentin em: \u201cAno da F\u00e9\u201d"},"content":{"rendered":"<p><img loading=\"lazy\" alt=\"\" src=\"http:\/\/www.r2cpress.com.br\/v1\/wp-content\/uploads\/Maria-Regina-Canhos-Vicentin_cart%C3%A3o.jpg\" class=\"alignleft\" width=\"300\" height=\"117\" \/>Li com interesse a Carta Apost\u00f3lica \u201cPorta Fidei\u201d do Sumo Pont\u00edfice Bento XVI, com a qual proclama o \u201cAno da F\u00e9\u201d, que teve in\u00edcio em 11 de outubro de 2012, no cinquenten\u00e1rio da abertura do Conc\u00edlio Vaticano II e comemora\u00e7\u00e3o dos vinte anos da publica\u00e7\u00e3o do Catecismo da Igreja Cat\u00f3lica, e terminar\u00e1 em 24 de novembro de 2013, na Solenidade de Nosso Senhor Jesus Cristo Rei do Universo. Nela, o Papa nos lembra \u201ca necessidade de redescobrir o caminho da f\u00e9 para fazer brilhar, com evid\u00eancia sempre maior, a alegria e o renovado entusiasmo do encontro com Cristo\u201d. Ele reconhece a \u201cprofunda crise de f\u00e9 que atingiu muitas pessoas\u201d, e nos orienta a \u201creadquirir o gosto de nos alimentarmos da Palavra de Deus\u201d e do \u201cP\u00e3o da Vida\u201d, referindo-se \u00e0 Eucaristia.<\/p>\n<p>Bento XVI expressou sua concord\u00e2ncia com Paulo VI no sentido de que os \u201cconte\u00fados essenciais, que h\u00e1 s\u00e9culos constituem o patrim\u00f4nio de todos os crentes, necessitam de ser confirmados, compreendidos e aprofundados de maneira sempre nova para se dar testemunho coerente deles em condi\u00e7\u00f5es hist\u00f3ricas diversas das do passado\u201d. Segundo o Sumo Pont\u00edfice, \u201ca renova\u00e7\u00e3o da Igreja realiza-se tamb\u00e9m atrav\u00e9s do testemunho prestado pela vida dos crentes\u201d, que \u201cs\u00e3o chamados a fazer brilhar, com a sua pr\u00f3pria vida no mundo, a Palavra de verdade que o Senhor Jesus nos deixou\u201d.<\/p>\n<p><!--more--><\/p>\n<p>O \u201cAno da F\u00e9\u201d apresenta dois objetivos centrais que se intercomunicam. O primeiro deles \u00e9 a renova\u00e7\u00e3o da Igreja por meio de uma \u201caut\u00eantica e renovada convers\u00e3o ao Senhor\u201d; e o segundo \u00e9 uma nova evangeliza\u00e7\u00e3o, atrav\u00e9s de um \u201cempenho eclesial mais convicto\u201d, \u201cpara descobrir de novo a alegria de crer e reencontrar o entusiasmo de comunicar a f\u00e9\u201d; \u201cs\u00f3 acreditando \u00e9 que a f\u00e9 cresce e se revigora\u201d. O mesmo amor do Pai que nos ampara com a f\u00e9 e nos suscita a convers\u00e3o, impulsiona \u00e0 evangeliza\u00e7\u00e3o.<\/p>\n<p>A proposta \u00e9 que neste \u201cAno da F\u00e9\u201d possamos refletir sobre a f\u00e9, ajudando \u201ctodos os crentes em Cristo a tornarem mais consciente e revigorarem a sua ades\u00e3o ao Evangelho\u201d. Confessar a f\u00e9 publicamente tamb\u00e9m \u00e9 um dos prop\u00f3sitos deste \u201cAno da F\u00e9\u201d, e faz\u00ea-lo com \u201crenovada convic\u00e7\u00e3o, com confian\u00e7a e esperan\u00e7a\u201d. Celebrar a f\u00e9 na liturgia, especialmente na Eucaristia, assegurando a for\u00e7a necess\u00e1ria para se efetivarem as a\u00e7\u00f5es da Igreja. E por fim, espera-se ainda que \u201co testemunho de vida dos crentes cres\u00e7a na sua credibilidade\u201d.<\/p>\n<p>Bento XVI assinala \u201cque a f\u00e9 implica um testemunho e um compromisso p\u00fablicos\u201d, e para se chegar a um \u201cconhecimento sistem\u00e1tico da f\u00e9\u201d recomenda o Catecismo da Igreja Cat\u00f3lica como \u201csubs\u00eddio precioso e indispens\u00e1vel\u201d, principalmente \u00e0queles que t\u00eam ao seu encargo a forma\u00e7\u00e3o dos crist\u00e3os. O Papa nos convida a repassar a hist\u00f3ria da nossa f\u00e9, observando o \u201cmist\u00e9rio insond\u00e1vel da santidade entrela\u00e7ada com o pecado\u201d, e sinaliza para a necessidade de uma \u201csincera e cont\u00ednua\u201d convers\u00e3o. <\/p>\n<p>O \u201cAno da F\u00e9\u201d tamb\u00e9m \u00e9 apontado por Bento XVI como momento prop\u00edcio para \u201cintensificar o testemunho da caridade\u201d, reconhecendo nos semelhantes \u201co rosto do Senhor\u201d. Ele nos recorda a exorta\u00e7\u00e3o de Paulo a Tim\u00f3teo para que \u201cprocure a f\u00e9\u201d (cf. 2 Tm 2, 22) com a mesma frequ\u00eancia de quando era novo (cf. 2 Tm 3, 15), convidando-nos a n\u00e3o nos tornar indolentes na f\u00e9, j\u00e1 que ela \u201cobriga cada um de n\u00f3s a tornar-se sinal vivo da presen\u00e7a do Ressuscitado no mundo\u201d.<\/p>\n<p><strong>Maria Regina Canhos Vicentin (e.mail: contato@mariaregina.com.br) \u00e9 escritora.<\/strong><\/p>\n","protected":false},"excerpt":{"rendered":"<p>Li com interesse a Carta Apost\u00f3lica \u201cPorta Fidei\u201d do Sumo Pont\u00edfice Bento XVI, com a qual proclama o \u201cAno da F\u00e9\u201d, que teve in\u00edcio em 11 de outubro de 2012, no cinquenten\u00e1rio da abertura do Conc\u00edlio Vaticano II e comemora\u00e7\u00e3o dos vinte anos da publica\u00e7\u00e3o do Catecismo da Igreja Cat\u00f3lica, e terminar\u00e1 em 24 de [&hellip;]<\/p>\n","protected":false},"author":2,"featured_media":0,"comment_status":"open","ping_status":"open","sticky":false,"template":"","format":"standard","meta":{"_links_to":"","_links_to_target":""},"categories":[12],"tags":[],"_links":{"self":[{"href":"https:\/\/www.r2cpress.com.br\/v1\/wp-json\/wp\/v2\/posts\/52611"}],"collection":[{"href":"https:\/\/www.r2cpress.com.br\/v1\/wp-json\/wp\/v2\/posts"}],"about":[{"href":"https:\/\/www.r2cpress.com.br\/v1\/wp-json\/wp\/v2\/types\/post"}],"author":[{"embeddable":true,"href":"https:\/\/www.r2cpress.com.br\/v1\/wp-json\/wp\/v2\/users\/2"}],"replies":[{"embeddable":true,"href":"https:\/\/www.r2cpress.com.br\/v1\/wp-json\/wp\/v2\/comments?post=52611"}],"version-history":[{"count":2,"href":"https:\/\/www.r2cpress.com.br\/v1\/wp-json\/wp\/v2\/posts\/52611\/revisions"}],"predecessor-version":[{"id":52613,"href":"https:\/\/www.r2cpress.com.br\/v1\/wp-json\/wp\/v2\/posts\/52611\/revisions\/52613"}],"wp:attachment":[{"href":"https:\/\/www.r2cpress.com.br\/v1\/wp-json\/wp\/v2\/media?parent=52611"}],"wp:term":[{"taxonomy":"category","embeddable":true,"href":"https:\/\/www.r2cpress.com.br\/v1\/wp-json\/wp\/v2\/categories?post=52611"},{"taxonomy":"post_tag","embeddable":true,"href":"https:\/\/www.r2cpress.com.br\/v1\/wp-json\/wp\/v2\/tags?post=52611"}],"curies":[{"name":"wp","href":"https:\/\/api.w.org\/{rel}","templated":true}]}}