{"id":5263,"date":"2010-12-25T09:22:33","date_gmt":"2010-12-25T12:22:33","guid":{"rendered":"http:\/\/www.r2cpress.com.br\/v1\/?p=5263"},"modified":"2010-12-25T09:24:03","modified_gmt":"2010-12-25T12:24:03","slug":"jornalista-filma-momentos-de-tensao-apos-pane-em-voo-da-tam","status":"publish","type":"post","link":"https:\/\/www.r2cpress.com.br\/v1\/2010\/12\/25\/jornalista-filma-momentos-de-tensao-apos-pane-em-voo-da-tam\/","title":{"rendered":"Jornalista filma momentos de tens\u00e3o ap\u00f3s pane em voo da TAM"},"content":{"rendered":"<p>Em um v\u00eddeo de 4 minutos e 45 segundos, o jornalista Fl\u00e1vio Archangelo registrou os momentos de tens\u00e3o por que passaram os 118 passageiros do voo TAM JJ 3175 (Salvador\/Guarulhos), que apresentou problemas de pressuriza\u00e7\u00e3o e fuma\u00e7a na parte de tr\u00e1s da aeronave na noite de quinta-feira (23). Cerca de 10 pessoas tiveram ferimentos leves quando foram obrigadas evacuar por meio da escorregadeira de emerg\u00eancia.<\/p>\n<p>O avi\u00e3o decolou de Salvador por volta das 19h30 e cerca de 15 minutos depois o piloto informou que retornaria ao aeroporto por causa de um problema na pressuriza\u00e7\u00e3o. Passageiros contaram que, antes do aviso, crian\u00e7as j\u00e1 reclamavam de dor nos ouvidos e todos sentiram um cheiro estranho. J\u00e1 no aeroporto, o avi\u00e3o permaneceu na pista por mais de uma hora.<\/p>\n<p><!--more--><\/p>\n<p>Durante este per\u00edodo, os passageiros n\u00e3o receberam qualquer informa\u00e7\u00e3o. \u201cN\u00e3o deram nem \u00e1gua, muito menos informa\u00e7\u00e3o\u201d, reclamou o engenheiro Jos\u00e9 Ivanildo Azevedo, 54 anos. Por duas vezes a cabine ordenou que a tripula\u00e7\u00e3o da aeronave se preparasse para voo. O estudante de medicina Renan Visibli, 21, que estava na pen\u00faltima fila, viu o forno pegando fogo e uma aeromo\u00e7a e um homem usando o extintor. Em seguida, veio o aviso: \u201cAbandonar a aeronave\u201d, o que gerou confus\u00e3o.<\/p>\n<p>O v\u00eddeo registra todos os momentos: o retorno a Salvador, a tens\u00e3o dentro da aeronave, a sa\u00edda de emerg\u00eancia e o atendimento por funcion\u00e1rios da empresa aos passageiros no sagu\u00e3o. \u201cComo a gente ficou sem qualquer informa\u00e7\u00e3o, n\u00e3o se sabe a extens\u00e3o do problema. Mas o registro est\u00e1 a\u00ed para que haja um cuidado maior com a vida das pessoas\u201d, comentou o Fl\u00e1vio Archangelo.<\/p>\n<p><strong>Sobre o incidente a TAM divulgou a seguinte nota:<\/strong><\/p>\n<p>&#8220;A TAM informa que, no in\u00edcio da noite desta quinta-feira, no voo JJ 3175 (Salvador \u2013 S\u00e3o Paulo\/Guarulhos) \u2013 que estava em solo no aeroporto da capital baiana \u2013, foi detectada fuma\u00e7a em um forno que aquece a alimenta\u00e7\u00e3o de bordo. Seguindo os procedimentos de seguran\u00e7a, sob a orienta\u00e7\u00e3o correta da tripula\u00e7\u00e3o, os 118 passageiros a bordo deixaram a aeronave pelas sa\u00eddas de emerg\u00eancia. Ningu\u00e9m ficou ferido. Ap\u00f3s a situa\u00e7\u00e3o ser controlada, os passageiros puderam voltar \u00e0 aeronave Airbus A320 para buscar seus pertences. Eles est\u00e3o sendo reacomodados em voos da pr\u00f3pria TAM ou de empresas cong\u00eaneres e recebendo assist\u00eancia da companhia.&#8221;<\/p>\n<p><strong> Assista ao v\u00eddeo feito por Archangelo: <\/strong><br \/>\n<object style=\"height: 390px; width: 450px\"><param name=\"movie\" value=\"http:\/\/www.youtube.com\/v\/DuYXmBKhE4E?version=3\"><\/param><param name=\"allowFullScreen\" value=\"true\"><\/param><param name=\"allowScriptAccess\" value=\"always\"><embed src=\"http:\/\/www.youtube.com\/v\/DuYXmBKhE4E?version=3\" type=\"application\/x-shockwave-flash\" allowfullscreen=\"true\" allowScriptAccess=\"always\" width=\"450\" height=\"390\"><\/embed><\/param><\/object><\/p>\n<p>&#8212;<br \/>\nValmar Hupsel Filho, do A TARDE<br \/>\nNo <a href = \"http:\/\/atarde.com.br\/cidades\/noticia.jsf?id=5665995\" target = \"_news\"><b>A TARDE ONLINE<\/b><\/a><\/p>\n","protected":false},"excerpt":{"rendered":"<p>Em um v\u00eddeo de 4 minutos e 45 segundos, o jornalista Fl\u00e1vio Archangelo registrou os momentos de tens\u00e3o por que passaram os 118 passageiros do voo TAM JJ 3175 (Salvador\/Guarulhos), que apresentou problemas de pressuriza\u00e7\u00e3o e fuma\u00e7a na parte de tr\u00e1s da aeronave na noite de quinta-feira (23). Cerca de 10 pessoas tiveram ferimentos leves [&hellip;]<\/p>\n","protected":false},"author":2,"featured_media":0,"comment_status":"open","ping_status":"open","sticky":false,"template":"","format":"standard","meta":{"_links_to":"","_links_to_target":""},"categories":[13],"tags":[],"_links":{"self":[{"href":"https:\/\/www.r2cpress.com.br\/v1\/wp-json\/wp\/v2\/posts\/5263"}],"collection":[{"href":"https:\/\/www.r2cpress.com.br\/v1\/wp-json\/wp\/v2\/posts"}],"about":[{"href":"https:\/\/www.r2cpress.com.br\/v1\/wp-json\/wp\/v2\/types\/post"}],"author":[{"embeddable":true,"href":"https:\/\/www.r2cpress.com.br\/v1\/wp-json\/wp\/v2\/users\/2"}],"replies":[{"embeddable":true,"href":"https:\/\/www.r2cpress.com.br\/v1\/wp-json\/wp\/v2\/comments?post=5263"}],"version-history":[{"count":6,"href":"https:\/\/www.r2cpress.com.br\/v1\/wp-json\/wp\/v2\/posts\/5263\/revisions"}],"predecessor-version":[{"id":5268,"href":"https:\/\/www.r2cpress.com.br\/v1\/wp-json\/wp\/v2\/posts\/5263\/revisions\/5268"}],"wp:attachment":[{"href":"https:\/\/www.r2cpress.com.br\/v1\/wp-json\/wp\/v2\/media?parent=5263"}],"wp:term":[{"taxonomy":"category","embeddable":true,"href":"https:\/\/www.r2cpress.com.br\/v1\/wp-json\/wp\/v2\/categories?post=5263"},{"taxonomy":"post_tag","embeddable":true,"href":"https:\/\/www.r2cpress.com.br\/v1\/wp-json\/wp\/v2\/tags?post=5263"}],"curies":[{"name":"wp","href":"https:\/\/api.w.org\/{rel}","templated":true}]}}