{"id":52649,"date":"2012-10-29T18:36:57","date_gmt":"2012-10-29T21:36:57","guid":{"rendered":"http:\/\/www.r2cpress.com.br\/v1\/?p=52649"},"modified":"2012-10-29T18:36:57","modified_gmt":"2012-10-29T21:36:57","slug":"boletim-eletronico-da-agencia-camara-de-noticias-79","status":"publish","type":"post","link":"https:\/\/www.r2cpress.com.br\/v1\/2012\/10\/29\/boletim-eletronico-da-agencia-camara-de-noticias-79\/","title":{"rendered":"Boletim Eletr\u00f4nico da Ag\u00eancia C\u00e2mara de Not\u00edcias"},"content":{"rendered":"<table width=\"700\" border=\"0\" cellspacing=\"0\" cellpadding=\"0\" align=\"center\">\n<tbody>\n<tr>\n<td colspan=\"2\">\n<h2>Manchetes do dia<\/h2>\n<\/td>\n<\/tr>\n<tr>\n<td colspan=\"2\">\n<ul>\n<li><a title=\"\" href=\"http:\/\/www2.camara.gov.br\/agencia\/noticias\/POLITICA\/428804-PROJETO-DOS-ROYALTIES-ENTRARA-EM-PAUTA-MESMO-SEM-CONSENSO,-DIZ-MARCO-MAIA.html\" target=\"_blank\">Projeto dos royalties entrar\u00e1 em pauta mesmo sem consenso, diz Marco Maia<\/a><\/li>\n<li><a title=\"\" href=\"http:\/\/www2.camara.gov.br\/agencia\/noticias\/DIREITOS-HUMANOS\/428803-CPMI-APONTA-ALTOS-INDICES-DE-VIOLENCIA-CONTRA-A-MULHER-NO-ENTORNO-DO-DF.html\" target=\"_blank\">CPMI aponta altos \u00edndices de viol\u00eancia contra a mulher no Entorno do DF<\/a><\/li>\n<li><a title=\"\" href=\"http:\/\/www2.camara.gov.br\/agencia\/noticias\/POLITICA\/428745-DEZ-DEPUTADOS-FEDERAIS-SAO-ELEITOS-PREFEITOS-NO-2%C2%BA-TURNO.html\" target=\"_blank\">Dez deputados federais s\u00e3o eleitos prefeitos no 2\u00ba turno<\/a><\/li>\n<\/ul>\n<\/td>\n<\/tr>\n<tr>\n<td colspan=\"2\"><\/td>\n<\/tr>\n<tr>\n<td colspan=\"2\">\n<table width=\"100%\" border=\"0\" cellspacing=\"0\" cellpadding=\"0\">\n<tbody>\n<tr>\n<td>\n<table width=\"100%\" border=\"0\" cellspacing=\"0\" cellpadding=\"0\">\n<tbody>\n<tr>\n<td rowspan=\"2\" valign=\"top\" width=\"70%\">\n<table width=\"100%\" border=\"0\" cellspacing=\"0\" cellpadding=\"0\">\n<tbody>\n<tr bgcolor=\"#FFFFFF\">\n<td>\n<h2>ADMINISTRA\u00c7\u00c3O P\u00daBLICA<\/h2>\n<\/td>\n<\/tr>\n<tr>\n<td>\n<ul>\n<li><a title=\"\" href=\"http:\/\/www2.camara.gov.br\/agencia\/noticias\/TRABALHO-E-PREVIDENCIA\/428688-PROJETO-PROIBE-BOLSA-DE-ESTAGIO-EM-VALOR-MENOR-QUE-O-SALARIO-MINIMO.html\" target=\"_blank\">Projeto pro\u00edbe bolsa de est\u00e1gio em valor menor que o sal\u00e1rio m\u00ednimo<\/a><\/li>\n<li><a title=\"\" href=\"http:\/\/www2.camara.gov.br\/agencia\/noticias\/ADMINISTRACAO-PUBLICA\/428758-CPI-DA-EXPLORACAO-SEXUAL-DE-CRIANCAS-E-ADOLESCENTES-DISCUTE-PEDOFILIA-NA-INTERNET.html\" target=\"_blank\">CPI da Explora\u00e7\u00e3o Sexual de Crian\u00e7as e Adolescentes discute pedofilia na internet<\/a><\/li>\n<li><a title=\"\" href=\"http:\/\/www2.camara.gov.br\/agencia\/noticias\/EDUCACAO-E-CULTURA\/428773-FRENTE-PARLAMENTAR-DEBATE-OS-DESAFIOS-NA-EDUCACAO-PARA-OS-PROXIMOS-ANOS.html\" target=\"_blank\">Frente Parlamentar debate os desafios na educa\u00e7\u00e3o para os pr\u00f3ximos anos<\/a><\/li>\n<li><a title=\"\" href=\"http:\/\/www2.camara.gov.br\/agencia\/noticias\/ADMINISTRACAO-PUBLICA\/428780-PROJETO-ALTERA-REGRAS-PARA-CONCURSOS-DO-PODER-EXECUTIVO.html\" target=\"_blank\">Projeto altera regras para concursos do Poder Executivo<\/a><\/li>\n<li><a title=\"\" href=\"http:\/\/www2.camara.gov.br\/agencia\/noticias\/EDUCACAO-E-CULTURA\/428788-PROPOSTA-TORNA-OBRIGATORIO-ENSINO-ESCOLAR-A-JOVENS-INTERNADOS-EM-HOSPITAL.html\" target=\"_blank\">Proposta torna obrigat\u00f3rio ensino escolar a jovens internados em hospital<\/a><\/li>\n<li><a title=\"\" href=\"http:\/\/www2.camara.gov.br\/agencia\/noticias\/TRABALHO-E-PREVIDENCIA\/428802-EX-SERVIDORES-DA-SUCAM-PODEM-PASSAR-A-RECEBER-PENSAO-VITALICIA.html\" target=\"_blank\">Ex-servidores da Sucam podem passar a receber pens\u00e3o vital\u00edcia<\/a><\/li>\n<\/ul>\n<\/td>\n<\/tr>\n<tr bgcolor=\"#FFFFFF\">\n<td>\n<h2>AGROPECU\u00c1RIA<\/h2>\n<\/td>\n<\/tr>\n<tr>\n<td>\n<ul>\n<li><a title=\"\" href=\"http:\/\/www2.camara.gov.br\/agencia\/noticias\/MEIO-AMBIENTE\/428760-COMISSAO-DEBATE-MONUMENTO-NATURAL-DO-RIO-SAMBURA-NA-SERRA-DA-CANASTRA.html\" target=\"_blank\">Comiss\u00e3o debate monumento natural do rio Sambur\u00e1 na serra da Canastra<\/a><\/li>\n<\/ul>\n<\/td>\n<\/tr>\n<tr bgcolor=\"#FFFFFF\">\n<td>\n<h2>CIDADES<\/h2>\n<\/td>\n<\/tr>\n<tr>\n<td>\n<ul>\n<li><a title=\"\" href=\"http:\/\/www2.camara.gov.br\/agencia\/noticias\/TRANSPORTE-E-TRANSITO\/428799-PROJETO-SUSTA-RESOLUCAO-SOBRE-FISCALIZACAO-DE-TEMPO-DE-ATUACAO-DE-MOTORISTA.html\" target=\"_blank\">Projeto susta resolu\u00e7\u00e3o sobre fiscaliza\u00e7\u00e3o de tempo de atua\u00e7\u00e3o de motorista<\/a><\/li>\n<\/ul>\n<\/td>\n<\/tr>\n<tr bgcolor=\"#FFFFFF\">\n<td>\n<h2>CONSUMIDOR<\/h2>\n<\/td>\n<\/tr>\n<tr>\n<td>\n<ul>\n<li><a title=\"\" href=\"http:\/\/www2.camara.gov.br\/agencia\/noticias\/ECONOMIA\/428787-COMISSAO-ESPECIAL-SOBRE-SEGURO-PRIVADO-OUVIRA-SUSEP-E-ESPECIALISTAS.html\" target=\"_blank\">Comiss\u00e3o especial sobre seguro privado ouvir\u00e1 Susep e especialistas<\/a><\/li>\n<\/ul>\n<\/td>\n<\/tr>\n<tr bgcolor=\"#FFFFFF\">\n<td>\n<h2>DIREITO E JUSTI\u00c7A<\/h2>\n<\/td>\n<\/tr>\n<tr>\n<td>\n<ul>\n<li><a title=\"\" href=\"http:\/\/www2.camara.gov.br\/agencia\/noticias\/TRABALHO-E-PREVIDENCIA\/427809-COMISSAO-DISCUTIRA-FIM-DO-EXAME-DA-OAB.html\" target=\"_blank\">Comiss\u00e3o discutir\u00e1 fim do exame da OAB<\/a><\/li>\n<li><a title=\"\" href=\"http:\/\/www2.camara.gov.br\/agencia\/noticias\/SEGURANCA\/428767-CPI-SOBRE-O-TRAFICO-DE-PESSOAS-NO-BRASIL-OUVIRA-AUTORIDADES-BAIANAS.html\" target=\"_blank\">CPI sobre o Tr\u00e1fico de Pessoas no Brasil ouvir\u00e1 autoridades baianas<\/a><\/li>\n<li><a title=\"\" href=\"http:\/\/www2.camara.gov.br\/agencia\/noticias\/ECONOMIA\/428805-INDENIZACOES-POR-DANOS-MORAIS-PODERAO-FICAR-ISENTAS-DE-IMPOSTO-DE-RENDA.html\" target=\"_blank\">Indeniza\u00e7\u00f5es por danos morais poder\u00e3o ficar isentas de Imposto de Renda<\/a><\/li>\n<li><a title=\"\" href=\"http:\/\/www2.camara.gov.br\/agencia\/noticias\/DIREITO-E-JUSTICA\/428819-DEPUTADOS-AINDA-NAO-CHEGARAM-A-ACORDO-SOBRE-MUDANCA-NA-LEI-ANTIDROGAS.html\" target=\"_blank\">Deputados ainda n\u00e3o chegaram a acordo sobre mudan\u00e7a na Lei Antidrogas<\/a><\/li>\n<\/ul>\n<\/td>\n<\/tr>\n<tr bgcolor=\"#FFFFFF\">\n<td>\n<h2>SEGURAN\u00c7A<\/h2>\n<\/td>\n<\/tr>\n<tr>\n<td>\n<ul>\n<li><a title=\"\" href=\"http:\/\/www2.camara.gov.br\/agencia\/noticias\/SEGURANCA\/428763-COMISSAO-SE-REUNE-PARA-DEBATER-PROJETO-QUE-ALTERA-A-LEI-ANTIDROGAS.html\" target=\"_blank\">Comiss\u00e3o se re\u00fane para debater projeto que altera a Lei Antidrogas<\/a><\/li>\n<\/ul>\n<\/td>\n<\/tr>\n<tr bgcolor=\"#FFFFFF\">\n<td>\n<h2>TRANSPORTE E TR\u00c2NSITO<\/h2>\n<\/td>\n<\/tr>\n<tr>\n<td>\n<ul>\n<li><a title=\"\" href=\"http:\/\/www2.camara.gov.br\/agencia\/noticias\/TRANSPORTE-E-TRANSITO\/428770-SUBCOMISSAO-DEBATERA-A-REGULACAO-DOS-TRANSPORTES-NO-BRASIL.html\" target=\"_blank\">Subcomiss\u00e3o debater\u00e1 a regula\u00e7\u00e3o dos transportes no Brasil<\/a><\/li>\n<\/ul>\n<\/td>\n<\/tr>\n<\/tbody>\n<\/table>\n<\/td>\n<\/tr>\n<\/tbody>\n<\/table>\n<\/td>\n<\/tr>\n<\/tbody>\n<\/table>\n<\/td>\n<\/tr>\n<\/tbody>\n<\/table>\n","protected":false},"excerpt":{"rendered":"<p>Manchetes do dia Projeto dos royalties entrar\u00e1 em pauta mesmo sem consenso, diz Marco Maia CPMI aponta altos \u00edndices de viol\u00eancia contra a mulher no Entorno do DF Dez deputados federais s\u00e3o eleitos prefeitos no 2\u00ba turno ADMINISTRA\u00c7\u00c3O P\u00daBLICA Projeto pro\u00edbe bolsa de est\u00e1gio em valor menor que o sal\u00e1rio m\u00ednimo CPI da Explora\u00e7\u00e3o Sexual [&hellip;]<\/p>\n","protected":false},"author":2,"featured_media":0,"comment_status":"open","ping_status":"open","sticky":false,"template":"","format":"standard","meta":{"_links_to":"","_links_to_target":""},"categories":[18],"tags":[],"_links":{"self":[{"href":"https:\/\/www.r2cpress.com.br\/v1\/wp-json\/wp\/v2\/posts\/52649"}],"collection":[{"href":"https:\/\/www.r2cpress.com.br\/v1\/wp-json\/wp\/v2\/posts"}],"about":[{"href":"https:\/\/www.r2cpress.com.br\/v1\/wp-json\/wp\/v2\/types\/post"}],"author":[{"embeddable":true,"href":"https:\/\/www.r2cpress.com.br\/v1\/wp-json\/wp\/v2\/users\/2"}],"replies":[{"embeddable":true,"href":"https:\/\/www.r2cpress.com.br\/v1\/wp-json\/wp\/v2\/comments?post=52649"}],"version-history":[{"count":2,"href":"https:\/\/www.r2cpress.com.br\/v1\/wp-json\/wp\/v2\/posts\/52649\/revisions"}],"predecessor-version":[{"id":52651,"href":"https:\/\/www.r2cpress.com.br\/v1\/wp-json\/wp\/v2\/posts\/52649\/revisions\/52651"}],"wp:attachment":[{"href":"https:\/\/www.r2cpress.com.br\/v1\/wp-json\/wp\/v2\/media?parent=52649"}],"wp:term":[{"taxonomy":"category","embeddable":true,"href":"https:\/\/www.r2cpress.com.br\/v1\/wp-json\/wp\/v2\/categories?post=52649"},{"taxonomy":"post_tag","embeddable":true,"href":"https:\/\/www.r2cpress.com.br\/v1\/wp-json\/wp\/v2\/tags?post=52649"}],"curies":[{"name":"wp","href":"https:\/\/api.w.org\/{rel}","templated":true}]}}