{"id":5270,"date":"2010-12-25T10:34:42","date_gmt":"2010-12-25T13:34:42","guid":{"rendered":"http:\/\/www.r2cpress.com.br\/v1\/?p=5270"},"modified":"2010-12-25T10:34:42","modified_gmt":"2010-12-25T13:34:42","slug":"alencar-passou-bem-a-noite-de-natal-em-companhia-da-familia-diz-filho","status":"publish","type":"post","link":"https:\/\/www.r2cpress.com.br\/v1\/2010\/12\/25\/alencar-passou-bem-a-noite-de-natal-em-companhia-da-familia-diz-filho\/","title":{"rendered":"Alencar passou bem a noite de Natal em companhia da fam\u00edlia, diz filho"},"content":{"rendered":"<p><strong>Vice-presidente segue internado na UTI do Hospital S\u00edrio Liban\u00eas.<br \/>\nNa sexta-feira (24) ele reagiu bem a uma sess\u00e3o de hemodi\u00e1lise.<\/strong><\/p>\n<p>O vice-presidente da Rep\u00fablica, Jos\u00e9 Alencar, passou a noite de Natal com a fam\u00edlia na UTI do Hospital S\u00edrio Liban\u00eas, em S\u00e3o Paulo, onde est\u00e1 internado. O filho de Jos\u00e9 Alencar, Josu\u00e9 Gomes, disse na manh\u00e3 deste s\u00e1bado (25) que o vice-presidente passou a noite bem.<\/p>\n<p>Na sexta-feira (24), Alencar passou por um tratamento de hemodi\u00e1lise e seu estado de sa\u00fade \u00e9 est\u00e1vel, disse o cirurgi\u00e3o Raul Cutait, um dos m\u00e9dicos que cuidam da sa\u00fade do vice-presidente. Internado desde quarta-feira (22), Alencar luta contra as complica\u00e7\u00f5es do c\u00e2ncer na regi\u00e3o de abd\u00f4men.<\/p>\n<p>De acordo com o m\u00e9dico, que falou aos jornalistas por volta das 19h, o sangramento intestinal que o vice-presidente voltou a apresentar nas \u00faltimas 12 horas &#8220;parece estar controlado&#8221;. Bem disposto, Alencar conversou durante a tarde e pediu para comer uma fatia de panetone, no que foi atendido, segundo o m\u00e9dico.<\/p>\n<p>O vice-presidente havia apresentado nova hemorragia, de acordo com boletim m\u00e9dico divulgado por volta das 13h20 desta sexta-feira.<\/p>\n<p><!--more--><\/p>\n<p>No come\u00e7o desta tarde, os m\u00e9dicos avaliavam a possibilidade de realizar um procedimento chamado arteriografia caso o volume diagnosticado fosse considerado alto. O exame, que \u00e9 uma esp\u00e9cie de cateterismo, busca identificar o ponto exato do sangramento.<\/p>\n<p>A perda de sangue havia sido controlada com o uso de medicamentos ap\u00f3s a interna\u00e7\u00e3o. Os m\u00e9dicos chegaram a tentar uma cirurgia, mas o procedimento n\u00e3o conseguiu alcan\u00e7ar o ponto afetado.<\/p>\n<p>No fim da manh\u00e3, o m\u00e9dico Raul Cutait havia informado que o quadro cl\u00ednico do vice-presidente est\u00e1 est\u00e1vel. &#8220;No geral, ele est\u00e1 razoavelmente bem&#8221;, comentou Cutait aos jornalistas na porta do hospital.<\/p>\n<p>Na quinta-feira (23), Alencar recebeu a visita do presidente Luiz In\u00e1cio Lula da Silva e da presidente eleita Dilma Rousseff. &#8220;Espero estar l\u00e1 (na posse), e que os m\u00e9dicos me liberem para tomar um golinho&#8221;, teria dito Alencar para Lula e Dilma, de acordo com a assessoria.<\/p>\n<p>O prefeito de S\u00e3o Paulo Gilberto Kassab visitou o vice-presidente Jos\u00e9 Alencar no Hospital S\u00edrio-Liban\u00eas, em S\u00e3o Paulo, na tarde desta sexta. &#8220;Eu o encontrei muito bem disposto, conversando. N\u00e3o queria deixar a gente sair do quarto da UTI onde est\u00e1 internado&#8221;, disse Kassab. &#8220;Saio muito feliz. Levei um abra\u00e7o de Feliz Natal da cidade de S\u00e3o Paulo para ele, uma figura querida em todo o Brasil e tamb\u00e9m em S\u00e3o Paulo&#8221;.<\/p>\n<p>O prefeito estava acompanhado do vice-governador Guilherme Afif Domingos. Ele comentou o desejo de Alencar de descer a rampa do Pal\u00e1cio do Planalto no dia da posse da presidente eleita Dilma Rousseff, e de seu vice, Michel Temer.. &#8220;Acho que o Brasil inteiro torce por isso, que ele esteja em condi\u00e7\u00f5es de realizar um sonho&#8221;, comentou Afif.<\/p>\n<p><strong>Cirurgia<\/strong><br \/>\nAlencar foi internado por causa de uma hemorragia intensa e, por causa disto, chegou a perder dois litros de sangue. O sangramento foi controlado com medicamentos no in\u00edcio da madrugada de quinta.<\/p>\n<p>Assim que chegou ao hospital, o vice-presidente foi levado \u00e0 sala de cirurgia. A opera\u00e7\u00e3o foi iniciada, mas os m\u00e9dicos n\u00e3o conseguiram estancar a hemorragia. Por este motivo, ele foi encaminhado a UTI para receber antibi\u00f3ticos, plasma, plaquetas e transfus\u00e3o de sangue.<\/p>\n<p><strong>Luta contra o c\u00e2ncer<\/strong><br \/>\nAlencar luta contra um c\u00e2ncer na regi\u00e3o do abd\u00f4men e j\u00e1 passou por mais de 15 cirurgias. Em julho de 2009, foi submetido a uma opera\u00e7\u00e3o motivada por uma obstru\u00e7\u00e3o intestinal causada por tumores abdominais.<\/p>\n<p>Em setembro deste ano, o vice-presidente foi internado no mesmo hospital em raz\u00e3o de um edema agudo de pulm\u00e3o. Em julho, por causa de uma crise de hipertens\u00e3o, ficou hospitalizado e passou por um cateterismo. Em novembro, durante outro per\u00edodo de interna\u00e7\u00e3o, sofreu um infarto.<\/p>\n<p>Andr\u00e9 Lu\u00eds Nery Do <a HREF = \"http:\/\/g1.globo.com\/politica\/noticia\/2010\/12\/alencar-passou-bem-noite-de-natal-em-companhia-da-familia-diz-filho.html\" TARGET = \"_NEWS\"><b>G1<\/b><\/a>, em S\u00e3o Paulo<\/p>\n","protected":false},"excerpt":{"rendered":"<p>Vice-presidente segue internado na UTI do Hospital S\u00edrio Liban\u00eas. Na sexta-feira (24) ele reagiu bem a uma sess\u00e3o de hemodi\u00e1lise. O vice-presidente da Rep\u00fablica, Jos\u00e9 Alencar, passou a noite de Natal com a fam\u00edlia na UTI do Hospital S\u00edrio Liban\u00eas, em S\u00e3o Paulo, onde est\u00e1 internado. O filho de Jos\u00e9 Alencar, Josu\u00e9 Gomes, disse na [&hellip;]<\/p>\n","protected":false},"author":2,"featured_media":0,"comment_status":"open","ping_status":"open","sticky":false,"template":"","format":"standard","meta":{"_links_to":"","_links_to_target":""},"categories":[13],"tags":[],"_links":{"self":[{"href":"https:\/\/www.r2cpress.com.br\/v1\/wp-json\/wp\/v2\/posts\/5270"}],"collection":[{"href":"https:\/\/www.r2cpress.com.br\/v1\/wp-json\/wp\/v2\/posts"}],"about":[{"href":"https:\/\/www.r2cpress.com.br\/v1\/wp-json\/wp\/v2\/types\/post"}],"author":[{"embeddable":true,"href":"https:\/\/www.r2cpress.com.br\/v1\/wp-json\/wp\/v2\/users\/2"}],"replies":[{"embeddable":true,"href":"https:\/\/www.r2cpress.com.br\/v1\/wp-json\/wp\/v2\/comments?post=5270"}],"version-history":[{"count":2,"href":"https:\/\/www.r2cpress.com.br\/v1\/wp-json\/wp\/v2\/posts\/5270\/revisions"}],"predecessor-version":[{"id":5272,"href":"https:\/\/www.r2cpress.com.br\/v1\/wp-json\/wp\/v2\/posts\/5270\/revisions\/5272"}],"wp:attachment":[{"href":"https:\/\/www.r2cpress.com.br\/v1\/wp-json\/wp\/v2\/media?parent=5270"}],"wp:term":[{"taxonomy":"category","embeddable":true,"href":"https:\/\/www.r2cpress.com.br\/v1\/wp-json\/wp\/v2\/categories?post=5270"},{"taxonomy":"post_tag","embeddable":true,"href":"https:\/\/www.r2cpress.com.br\/v1\/wp-json\/wp\/v2\/tags?post=5270"}],"curies":[{"name":"wp","href":"https:\/\/api.w.org\/{rel}","templated":true}]}}