{"id":52703,"date":"2012-10-30T14:11:09","date_gmt":"2012-10-30T17:11:09","guid":{"rendered":"http:\/\/www.r2cpress.com.br\/v1\/?p=52703"},"modified":"2012-10-30T14:11:09","modified_gmt":"2012-10-30T17:11:09","slug":"assassino-do-policia-militar-lima-e-morto-em-confronto-com-a-pm","status":"publish","type":"post","link":"https:\/\/www.r2cpress.com.br\/v1\/2012\/10\/30\/assassino-do-policia-militar-lima-e-morto-em-confronto-com-a-pm\/","title":{"rendered":"Assassino do Policia Militar Lima \u00e9 morto em confronto com a PM"},"content":{"rendered":"<p><strong>N\u00e3o \u00e9 o fim querido para quem mata PM mas \u00e9 o fim prov\u00e1vel!<\/strong><\/p>\n<p><center>  <a href=\"http:\/\/www.r2cpress.com.br\/v1\/wp-content\/uploads\/SAM_3332.jpg\"><img loading=\"lazy\" src=\"http:\/\/www.r2cpress.com.br\/v1\/wp-content\/uploads\/SAM_3332.jpg\" alt=\"\" title=\"SAM_3332\" width=\"550\" height=\"413\" class=\"aligncenter size-full wp-image-52704\" srcset=\"https:\/\/www.r2cpress.com.br\/v1\/wp-content\/uploads\/SAM_3332.jpg 550w, https:\/\/www.r2cpress.com.br\/v1\/wp-content\/uploads\/SAM_3332-300x225.jpg 300w\" sizes=\"(max-width: 550px) 100vw, 550px\" \/><\/a><\/center><\/p>\n<div>Na manh\u00e3 de hoje policiais receberam informa\u00e7\u00f5es de que um dos elementos que covardemente assassinou o Policia Militar Lima teria feito de ref\u00e9m uma fam\u00edlia no Bairro Teot\u00f4nio Vilela. O servi\u00e7o de intelig\u00eancia entrou em a\u00e7\u00e3o e em pouco tempo constatou a veracidade do c\u00e1rcere privado a que a fam\u00edlia havia sido submetida.<\/div>\n<div>As equipes do servi\u00e7o de intelig\u00eancia da PM, juntamente com as Guarni\u00e7\u00f5es dos Pelot\u00f5es Especiais montaram uma estrat\u00e9gia para prender o elemento sem colocar em risco nenhum membro da fam\u00edlia que estava sob seu poder.<\/div>\n<p>Tudo acertado as guarni\u00e7\u00f5es cercam a casa e de forma cinem\u00e1tica e ensaiada entram na resid\u00eancia, como um animal acuado por ter feito coisa errada o elemento dispara contras as guarni\u00e7\u00f5es usando a pr\u00f3pria arma que levou do Policial Morto, as guarni\u00e7\u00f5es responderam \u00e0 altura os tiros recebidos. Ao final da dilig\u00eancia a guarni\u00e7\u00e3o ainda conduziu o elemento para o HGLVF para que ele pagasse na cadeia por t\u00e3o b\u00e1rbaro crime, mas ele veio a \u00f3bito.<\/p>\n<p>O \u00f3bito n\u00e3o \u00e9 o desejo da PM nem dos seus policias, uma vez que ficar preso no sistema carcer\u00e1rio brasileiro deve ser mais doloroso do que morrer \u00e0 bala, mas a PM dever\u00e1 sempre responder a altura esse tipo de crime, pois a \u00faltima trincheira para que o crime domine o nosso Estado \u00e9 a PM, se a PM estiver acuada a popula\u00e7\u00e3o estar\u00e1 insegura.<\/p>\n<p>Parab\u00e9ns a todos os policiais que se empenharam nessa dilig\u00eancia que duraram todos esses dias, certamente esse n\u00e3o era o fim que a PM queria, mas foi o fim que esse elemento procurou. N\u00e3o podemos permitir que Ilh\u00e9us ou o Estado da Bahia vivam dias de caus e inseguran\u00e7a dos agentes de seguran\u00e7a p\u00fablica como ocorre em outros estados.<\/p>\n<p>&#8212;<br \/>\nASPRA\/BA-IOS<br \/>\nhttp:\/\/aspra-ios.blogspot.com.br\/2012\/10\/assassino-do-policia-militar-lima-e.html<\/p>\n","protected":false},"excerpt":{"rendered":"<p>N\u00e3o \u00e9 o fim querido para quem mata PM mas \u00e9 o fim prov\u00e1vel! Na manh\u00e3 de hoje policiais receberam informa\u00e7\u00f5es de que um dos elementos que covardemente assassinou o Policia Militar Lima teria feito de ref\u00e9m uma fam\u00edlia no Bairro Teot\u00f4nio Vilela. O servi\u00e7o de intelig\u00eancia entrou em a\u00e7\u00e3o e em pouco tempo constatou [&hellip;]<\/p>\n","protected":false},"author":2,"featured_media":0,"comment_status":"open","ping_status":"open","sticky":false,"template":"","format":"standard","meta":{"_links_to":"","_links_to_target":""},"categories":[25],"tags":[],"_links":{"self":[{"href":"https:\/\/www.r2cpress.com.br\/v1\/wp-json\/wp\/v2\/posts\/52703"}],"collection":[{"href":"https:\/\/www.r2cpress.com.br\/v1\/wp-json\/wp\/v2\/posts"}],"about":[{"href":"https:\/\/www.r2cpress.com.br\/v1\/wp-json\/wp\/v2\/types\/post"}],"author":[{"embeddable":true,"href":"https:\/\/www.r2cpress.com.br\/v1\/wp-json\/wp\/v2\/users\/2"}],"replies":[{"embeddable":true,"href":"https:\/\/www.r2cpress.com.br\/v1\/wp-json\/wp\/v2\/comments?post=52703"}],"version-history":[{"count":4,"href":"https:\/\/www.r2cpress.com.br\/v1\/wp-json\/wp\/v2\/posts\/52703\/revisions"}],"predecessor-version":[{"id":52708,"href":"https:\/\/www.r2cpress.com.br\/v1\/wp-json\/wp\/v2\/posts\/52703\/revisions\/52708"}],"wp:attachment":[{"href":"https:\/\/www.r2cpress.com.br\/v1\/wp-json\/wp\/v2\/media?parent=52703"}],"wp:term":[{"taxonomy":"category","embeddable":true,"href":"https:\/\/www.r2cpress.com.br\/v1\/wp-json\/wp\/v2\/categories?post=52703"},{"taxonomy":"post_tag","embeddable":true,"href":"https:\/\/www.r2cpress.com.br\/v1\/wp-json\/wp\/v2\/tags?post=52703"}],"curies":[{"name":"wp","href":"https:\/\/api.w.org\/{rel}","templated":true}]}}