{"id":52772,"date":"2012-10-31T12:07:31","date_gmt":"2012-10-31T15:07:31","guid":{"rendered":"http:\/\/www.r2cpress.com.br\/v1\/?p=52772"},"modified":"2012-10-31T12:07:31","modified_gmt":"2012-10-31T15:07:31","slug":"alfredo-amorim-da-silveira-em-10taques-59","status":"publish","type":"post","link":"https:\/\/www.r2cpress.com.br\/v1\/2012\/10\/31\/alfredo-amorim-da-silveira-em-10taques-59\/","title":{"rendered":"Alfredo Amorim da Silveira em \u201c10TAQUES\u201d."},"content":{"rendered":"<p align=\"center\">\n<div id=\"attachment_52773\" style=\"width: 213px\" class=\"wp-caption aligncenter\"><a href=\"http:\/\/www.r2cpress.com.br\/v1\/wp-content\/uploads\/ESTER-PACHECO.jpg\"><img aria-describedby=\"caption-attachment-52773\" loading=\"lazy\" class=\"size-full wp-image-52773\" title=\"ESTER PACHECO\" src=\"http:\/\/www.r2cpress.com.br\/v1\/wp-content\/uploads\/ESTER-PACHECO.jpg\" alt=\"\" width=\"203\" height=\"269\" \/><\/a><p id=\"caption-attachment-52773\" class=\"wp-caption-text\">Esther Gouv\u00eaa Pacheco<\/p><\/div>\n<p><strong><em><\/em><\/strong><img loading=\"lazy\" class=\"alignleft\" src=\"http:\/\/www.r2cpress.com.br\/v1\/wp-content\/uploads\/alfredo-amorim-nova.jpg\" alt=\"\" width=\"300\" height=\"105\" \/>Filha de Cassimiro Gouv\u00eaa e de Albertina Almeida Gouv\u00eaa nasceu em Barra do Pira\u00ed, Rio de Janeiro, em 16 de mar\u00e7o de 1899, era a terceira filha do casal que teve mais sete filhos: Am\u00e9lia, No\u00eamia, Mery, Aur\u00e9lia, Marino, \u00c1urea e Maria do Carmo.<\/p>\n<p>Crian\u00e7a ainda seus pais se mudaram para Avar\u00e9, Estado de S\u00e3o Paulo, formou-se em professora pela Escola Normal de Botucatu, S\u00e3o Paulo.<\/p>\n<p>Conheceu um jovem m\u00e9dico em Avar\u00e9, Raimundo do Amaral Pacheco, com quem se casou em 22 de maio de 1918, e teve cinco filhos: Jos\u00e9 Carlos, Maria Albertina (Berta), \u00c1lvaro Raimundo, que faleceu com dois anos de idade, Maria Am\u00e9lia (Melinha), casada com L\u00facio Apol\u00e9io S\u00e1 Barreto Soub e Maria Cec\u00edlia (Maric\u00ed), casada com El\u00edrio Menezes.<\/p>\n<p>Com o falecimento de Jos\u00e9 Gomes do Amaral Pacheco, seu sogro, em 19 de janeiro de 1930, veio morar em Ilh\u00e9us.<\/p>\n<p>Ao lado do marido come\u00e7ou a fazer um grande trabalho de benefic\u00eancia social em Ilh\u00e9us, terminando em ser, em 1\u00ba de janeiro de 1932, junto com, Maria Antonieta Moreira, Luiza (Lisete) Almeida Ribeiro, Maria Luisa do Passo Nora, Benigna de Carvalho Ata\u00edde, Adalgisa Calazans de Amorim, Maria Am\u00e9lia Pacheco S\u00e1 Barreto, Ur\u00e2nia Tourinho, Mariana Caldas, Mariana de Faria Matos, Perolina Menezes, Donatila Kruschewsky Oliveira e Alzira Ramos de Lima, uma das fundadoras da Maternidade Santa Isabel das Senhoras de Caridade de Ilh\u00e9us, sendo doado por seu marido o terreno onde foi constru\u00edda, em 1937, o Ambulat\u00f3rio da Associa\u00e7\u00e3o na cidade, com o apoio e a boa vontade da gente caridosa de Ilh\u00e9us. Foi Presidente da Associa\u00e7\u00e3o por oito vezes, em \u00e9pocas diferentes. Durante a segunda guerra mundial foi Presidente da Legi\u00e3o Brasileira de Assist\u00eancia, em Ilh\u00e9us.<\/p>\n<p>Em 1957 recebeu o T\u00edtulo de Cidad\u00e3 Ilheense pelos magn\u00edficos trabalhos feitos em benef\u00edcio da cidade.<\/p>\n<p>Faleceu em 26 de mar\u00e7o de 1982, seu corpo foi sepultado no mausol\u00e9u da fam\u00edlia no cemit\u00e9rio de Nossa Senhora da Vit\u00f3ria.<\/p>\n","protected":false},"excerpt":{"rendered":"<p>Filha de Cassimiro Gouv\u00eaa e de Albertina Almeida Gouv\u00eaa nasceu em Barra do Pira\u00ed, Rio de Janeiro, em 16 de mar\u00e7o de 1899, era a terceira filha do casal que teve mais sete filhos: Am\u00e9lia, No\u00eamia, Mery, Aur\u00e9lia, Marino, \u00c1urea e Maria do Carmo. Crian\u00e7a ainda seus pais se mudaram para Avar\u00e9, Estado de S\u00e3o [&hellip;]<\/p>\n","protected":false},"author":2,"featured_media":0,"comment_status":"open","ping_status":"open","sticky":false,"template":"","format":"standard","meta":{"_links_to":"","_links_to_target":""},"categories":[10],"tags":[],"_links":{"self":[{"href":"https:\/\/www.r2cpress.com.br\/v1\/wp-json\/wp\/v2\/posts\/52772"}],"collection":[{"href":"https:\/\/www.r2cpress.com.br\/v1\/wp-json\/wp\/v2\/posts"}],"about":[{"href":"https:\/\/www.r2cpress.com.br\/v1\/wp-json\/wp\/v2\/types\/post"}],"author":[{"embeddable":true,"href":"https:\/\/www.r2cpress.com.br\/v1\/wp-json\/wp\/v2\/users\/2"}],"replies":[{"embeddable":true,"href":"https:\/\/www.r2cpress.com.br\/v1\/wp-json\/wp\/v2\/comments?post=52772"}],"version-history":[{"count":2,"href":"https:\/\/www.r2cpress.com.br\/v1\/wp-json\/wp\/v2\/posts\/52772\/revisions"}],"predecessor-version":[{"id":52775,"href":"https:\/\/www.r2cpress.com.br\/v1\/wp-json\/wp\/v2\/posts\/52772\/revisions\/52775"}],"wp:attachment":[{"href":"https:\/\/www.r2cpress.com.br\/v1\/wp-json\/wp\/v2\/media?parent=52772"}],"wp:term":[{"taxonomy":"category","embeddable":true,"href":"https:\/\/www.r2cpress.com.br\/v1\/wp-json\/wp\/v2\/categories?post=52772"},{"taxonomy":"post_tag","embeddable":true,"href":"https:\/\/www.r2cpress.com.br\/v1\/wp-json\/wp\/v2\/tags?post=52772"}],"curies":[{"name":"wp","href":"https:\/\/api.w.org\/{rel}","templated":true}]}}