{"id":5279,"date":"2010-12-25T12:54:08","date_gmt":"2010-12-25T15:54:08","guid":{"rendered":"http:\/\/www.r2cpress.com.br\/v1\/?p=5279"},"modified":"2010-12-25T12:54:08","modified_gmt":"2010-12-25T15:54:08","slug":"ausencia-do-poder-publico","status":"publish","type":"post","link":"https:\/\/www.r2cpress.com.br\/v1\/2010\/12\/25\/ausencia-do-poder-publico\/","title":{"rendered":"AUS\u00caNCIA DO PODER P\u00daBLICO"},"content":{"rendered":"<p><img align = \"left\" src = \"http:\/\/www.r2cpress.com.br\/v1\/wp-content\/uploads\/ze-carlos-junior-para-novo-site.jpg\"\/>Colega procuro uma situa\u00e7\u00e3o para brindar nesse final de ano, mas n\u00e3o encontro nenhuma novidade proporcionada pelo poder p\u00fablico municipal, que mere\u00e7a uma pequena ta\u00e7a de espumante.<\/p>\n<p>Fiquei mais retado ainda neste Natal, com as nossas ruas sem luz que lembrasse que est\u00e1vamos em plena festa no aguardo da chegada do Menino Jesus.<\/p>\n<p>Todo mundo da nossa prefeitura apregoa pelos quatro cantos do mundo que n\u00e3o se tem recursos pra nada, mas para as luzes e enfeites do Natal n\u00e3o sobrou nadinha da silva?<\/p>\n<p>Na noite de Natal, vou passando pela Pra\u00e7a Cair\u00fa, ali mesmo onde tudo desemboca, e ouvi um cidad\u00e3o dizer: \u201cA Pra\u00e7a do Meira est\u00e1 bonita, \u00e9 o \u00fanico local enfeitado da cidade\u201d.<\/p>\n<p><!--more--><\/p>\n<p>A\u00ed foi que fiquei mais retado. Primeiro, o nome da pra\u00e7a \u00e9 Cair\u00fa, segundo, desconhe\u00e7o que o poder municipal j\u00e1 tenha mudado o nome daquele logradouro, terceiro, senti na pele a aus\u00eancia do poder p\u00fablico.<\/p>\n<p>Nada contra esta empresa, que por sinal, foi a \u00fanica que assumiu cuidar de uma pra\u00e7a, claro que fazendo o seu marketing, nada mais justo.<\/p>\n<p>Estou retado, abandonado e tra\u00eddo, porque como cidad\u00e3o consciente fui para as ruas, aos berros, pedir o afastamento de um maluco l\u00e1 das minas gerais e, junto com o povo, conseguimos.<\/p>\n<p>N\u00e3o me venha a c\u00e2mara de vereadores ser a dona do peda\u00e7o, os edis nos apoiaram, pois n\u00e3o tiveram outra sa\u00edda, eles propriamente dito n\u00e3o tinham nenhuma \u00f3bvia inten\u00e7\u00e3o, vereador n\u00e3o \u00e9 brincadeira.<\/p>\n<p>Como cidad\u00e3o tomei os passos que a minha consci\u00eancia mandava, ou seja: ajudei a tirar o diabo, a car\u00eancia era tanta que vibrei com o grande projeto FEIJ\u00c3O COM ARROZ, nas elei\u00e7\u00f5es votei no atual gestor e agora estou puto da vida.<\/p>\n<p>E, com certeza, n\u00e3o ser\u00e1 a \u00faltima decep\u00e7\u00e3o, pois pol\u00edtica e pol\u00edticos \u00e9 coisa do satan\u00e1s, e a gente, o povo, s\u00f3 toma no lugar inapropriado, sempre foi assim e ser\u00e1.<\/p>\n<p>Portanto, caro colega, o nosso ambiente \u00e9 esse, sombrio e desencontrado.<\/p>\n<p>Por \u00faltimo vem esta desastrada autoriza\u00e7\u00e3o para os taxistas cobrarem bandeira 2 na \u00e9poca das festas de fim de ano.<\/p>\n<p>Ainda bem que temos duas competentes profissionais, nas pessoas de Dra. Karina Gomes Cherubini e Dra. Carine Nassri Silva, que mesmo de plant\u00e3o, tomaram a decis\u00e3o acertada em embargar a proposta da prefeitura.<\/p>\n<p>Obrigado mais uma vez \u00e0 nossa Promotora P\u00fablica Karina Cherubini, por mais esta iniciativa.<\/p>\n<p>Vou parar por aqui, pois tenho picos de press\u00e3o alta, e estou ficando retado muito facilmente, tamb\u00e9m pudera, com tanta bagun\u00e7a pela frente e o pior a <b>AUS\u00caNCIA DO PODER P\u00daBLICO MUNICIPAL.<\/b><\/p>\n","protected":false},"excerpt":{"rendered":"<p>Colega procuro uma situa\u00e7\u00e3o para brindar nesse final de ano, mas n\u00e3o encontro nenhuma novidade proporcionada pelo poder p\u00fablico municipal, que mere\u00e7a uma pequena ta\u00e7a de espumante. Fiquei mais retado ainda neste Natal, com as nossas ruas sem luz que lembrasse que est\u00e1vamos em plena festa no aguardo da chegada do Menino Jesus. Todo mundo [&hellip;]<\/p>\n","protected":false},"author":2,"featured_media":0,"comment_status":"open","ping_status":"open","sticky":false,"template":"","format":"standard","meta":{"_links_to":"","_links_to_target":""},"categories":[10],"tags":[],"_links":{"self":[{"href":"https:\/\/www.r2cpress.com.br\/v1\/wp-json\/wp\/v2\/posts\/5279"}],"collection":[{"href":"https:\/\/www.r2cpress.com.br\/v1\/wp-json\/wp\/v2\/posts"}],"about":[{"href":"https:\/\/www.r2cpress.com.br\/v1\/wp-json\/wp\/v2\/types\/post"}],"author":[{"embeddable":true,"href":"https:\/\/www.r2cpress.com.br\/v1\/wp-json\/wp\/v2\/users\/2"}],"replies":[{"embeddable":true,"href":"https:\/\/www.r2cpress.com.br\/v1\/wp-json\/wp\/v2\/comments?post=5279"}],"version-history":[{"count":3,"href":"https:\/\/www.r2cpress.com.br\/v1\/wp-json\/wp\/v2\/posts\/5279\/revisions"}],"predecessor-version":[{"id":5282,"href":"https:\/\/www.r2cpress.com.br\/v1\/wp-json\/wp\/v2\/posts\/5279\/revisions\/5282"}],"wp:attachment":[{"href":"https:\/\/www.r2cpress.com.br\/v1\/wp-json\/wp\/v2\/media?parent=5279"}],"wp:term":[{"taxonomy":"category","embeddable":true,"href":"https:\/\/www.r2cpress.com.br\/v1\/wp-json\/wp\/v2\/categories?post=5279"},{"taxonomy":"post_tag","embeddable":true,"href":"https:\/\/www.r2cpress.com.br\/v1\/wp-json\/wp\/v2\/tags?post=5279"}],"curies":[{"name":"wp","href":"https:\/\/api.w.org\/{rel}","templated":true}]}}