{"id":52800,"date":"2012-10-31T15:27:23","date_gmt":"2012-10-31T18:27:23","guid":{"rendered":"http:\/\/www.r2cpress.com.br\/v1\/?p=52800"},"modified":"2012-10-31T15:27:23","modified_gmt":"2012-10-31T18:27:23","slug":"camara-municipal-de-ilheus-85","status":"publish","type":"post","link":"https:\/\/www.r2cpress.com.br\/v1\/2012\/10\/31\/camara-municipal-de-ilheus-85\/","title":{"rendered":"C\u00e2mara Municipal de Ilh\u00e9us"},"content":{"rendered":"<p><strong> C\u00e2mara aprova Projeto de Lei que Beneficia os Salva-Vidas<\/strong><\/p>\n<p>O plen\u00e1rio da C\u00e2mara Municipal de Ilh\u00e9us aprovou na tarde da \u00faltima ter\u00e7a-feira, 30 de outubro, em primeira e segunda vota\u00e7\u00e3o e reda\u00e7\u00e3o final o Projeto de Lei n\u00ba 055\/2012 de autoria do Executivo Municipal, que institui adicional para o quadro de salva-vidas e d\u00e1 outras provid\u00eancias.<\/p>\n<p>            De acordo com a justificativa do projeto, o adicional sobre 20% do sal\u00e1rio m\u00ednimo ser\u00e1 destinado para que os salva-vidas possam adquirir equipamentos de prote\u00e7\u00e3o para o desempenho do trabalho como col\u00edrio, protetor facial, protetor corporal e protetor labial.<\/p>\n<p>Segundo Domingos Madureira, representante dos salva-vidas ilheenses, a aprova\u00e7\u00e3o do Projeto de Lei foi um marco para a categoria que a partir de agora poder\u00e1 exercer o trabalho com a devida prote\u00e7\u00e3o.<\/p>\n<p>O vereador Jailson Nascimento, presidente da Comiss\u00e3o de Justi\u00e7a e Finan\u00e7as, lembrou que a C\u00e2mara de Ilh\u00e9us sempre lutar\u00e1 em prol dos trabalhadores do munic\u00edpio. \u201cEsta Casa jamais ir\u00e1 votar algo que n\u00e3o beneficie o servidor ilheense, parab\u00e9ns a todos os salva-vidas presentes que sempre demonstraram interesse e reivindicaram os seus direitos\u201d, disse o parlamentar em seu discurso.  O Projeto de Lei segue agora para a san\u00e7\u00e3o do Executivo Municipal. <\/p>\n","protected":false},"excerpt":{"rendered":"<p>C\u00e2mara aprova Projeto de Lei que Beneficia os Salva-Vidas O plen\u00e1rio da C\u00e2mara Municipal de Ilh\u00e9us aprovou na tarde da \u00faltima ter\u00e7a-feira, 30 de outubro, em primeira e segunda vota\u00e7\u00e3o e reda\u00e7\u00e3o final o Projeto de Lei n\u00ba 055\/2012 de autoria do Executivo Municipal, que institui adicional para o quadro de salva-vidas e d\u00e1 outras [&hellip;]<\/p>\n","protected":false},"author":2,"featured_media":0,"comment_status":"open","ping_status":"open","sticky":false,"template":"","format":"standard","meta":{"_links_to":"","_links_to_target":""},"categories":[22],"tags":[],"_links":{"self":[{"href":"https:\/\/www.r2cpress.com.br\/v1\/wp-json\/wp\/v2\/posts\/52800"}],"collection":[{"href":"https:\/\/www.r2cpress.com.br\/v1\/wp-json\/wp\/v2\/posts"}],"about":[{"href":"https:\/\/www.r2cpress.com.br\/v1\/wp-json\/wp\/v2\/types\/post"}],"author":[{"embeddable":true,"href":"https:\/\/www.r2cpress.com.br\/v1\/wp-json\/wp\/v2\/users\/2"}],"replies":[{"embeddable":true,"href":"https:\/\/www.r2cpress.com.br\/v1\/wp-json\/wp\/v2\/comments?post=52800"}],"version-history":[{"count":2,"href":"https:\/\/www.r2cpress.com.br\/v1\/wp-json\/wp\/v2\/posts\/52800\/revisions"}],"predecessor-version":[{"id":52802,"href":"https:\/\/www.r2cpress.com.br\/v1\/wp-json\/wp\/v2\/posts\/52800\/revisions\/52802"}],"wp:attachment":[{"href":"https:\/\/www.r2cpress.com.br\/v1\/wp-json\/wp\/v2\/media?parent=52800"}],"wp:term":[{"taxonomy":"category","embeddable":true,"href":"https:\/\/www.r2cpress.com.br\/v1\/wp-json\/wp\/v2\/categories?post=52800"},{"taxonomy":"post_tag","embeddable":true,"href":"https:\/\/www.r2cpress.com.br\/v1\/wp-json\/wp\/v2\/tags?post=52800"}],"curies":[{"name":"wp","href":"https:\/\/api.w.org\/{rel}","templated":true}]}}