{"id":52803,"date":"2012-10-31T18:05:33","date_gmt":"2012-10-31T21:05:33","guid":{"rendered":"http:\/\/www.r2cpress.com.br\/v1\/?p=52803"},"modified":"2012-10-31T18:05:33","modified_gmt":"2012-10-31T21:05:33","slug":"boletim-eletronico-da-agencia-camara-de-noticias-81","status":"publish","type":"post","link":"https:\/\/www.r2cpress.com.br\/v1\/2012\/10\/31\/boletim-eletronico-da-agencia-camara-de-noticias-81\/","title":{"rendered":"Boletim Eletr\u00f4nico da Ag\u00eancia C\u00e2mara de Not\u00edcias"},"content":{"rendered":"<table width=\"700\" border=\"0\" cellspacing=\"0\" cellpadding=\"0\" align=\"center\">\n<tbody>\n<tr>\n<td colspan=\"2\">\n<h2>Manchetes do dia<\/h2>\n<\/td>\n<\/tr>\n<tr>\n<td colspan=\"2\">\n<ul>\n<li><a title=\"\" href=\"http:\/\/www2.camara.gov.br\/agencia\/noticias\/ADMINISTRACAO-PUBLICA\/429067-CAMARA-APROVA-PARCELAMENTO-DE-DEBITOS-DE-ESTADOS-E-MUNICIPIOS-COM-O-PASEP.html\" target=\"_blank\">C\u00e2mara aprova parcelamento de d\u00e9bitos de estados e munic\u00edpios com o Pasep<\/a><\/li>\n<li><a title=\"\" href=\"http:\/\/www2.camara.gov.br\/agencia\/noticias\/ADMINISTRACAO-PUBLICA\/429069-DEPUTADOS-APROVAM-ESTIMULO-A-INDUSTRIA-DE-RECICLAGEM-DE-RESIDUOS-SOLIDOS.html\" target=\"_blank\">Deputados aprovam est\u00edmulo \u00e0 ind\u00fastria de reciclagem de res\u00edduos s\u00f3lidos<\/a><\/li>\n<li><a title=\"\" href=\"http:\/\/www2.camara.gov.br\/agencia\/noticias\/POLITICA\/429038-CPMI-DO-CACHOEIRA-DEVE-SER-ENCERRADA-NO-FINAL-DE-DEZEMBRO.html\" target=\"_blank\">CPMI do Cachoeira deve ser encerrada no final de dezembro<\/a><\/li>\n<li><a title=\"\" href=\"http:\/\/www2.camara.gov.br\/agencia\/noticias\/TRANSPORTE-E-TRANSITO\/429006-COMISSAO-SOBRE-CRIACAO-DA-EMPRESA-DE-PLANEJAMENTO-E-LOGISTICA-APROVA-RELATORIO.html\" target=\"_blank\">Comiss\u00e3o sobre cria\u00e7\u00e3o da Empresa de Planejamento e Log\u00edstica aprova relat\u00f3rio<\/a><\/li>\n<li><a title=\"\" href=\"http:\/\/www2.camara.gov.br\/agencia\/noticias\/DIREITO-E-JUSTICA\/428903-CCJ-APROVA-TRES-DOS-DEZ-ANTEPROJETOS-DA-SUBCOMISSAO-DE-CRIMES-E-PENAS.html\" target=\"_blank\">CCJ aprova tr\u00eas dos dez anteprojetos da subcomiss\u00e3o de crimes e penas<\/a><\/li>\n<li><a title=\"\" href=\"http:\/\/www2.camara.gov.br\/agencia\/noticias\/DIREITOS-HUMANOS\/429010-COMISSAO-PEDE-PROVIDENCIAS-DO-EXECUTIVO-EM-FAVOR-DOS-GUARANI-KAIOWA.html\" target=\"_blank\">Comiss\u00e3o pede provid\u00eancias do Executivo em favor dos guarani-kaiow\u00e1<\/a><\/li>\n<li><a title=\"\" href=\"http:\/\/www2.camara.gov.br\/agencia\/noticias\/DIREITOS-HUMANOS\/428923-CPI-DEFENDE-MUDANCA-NA-LEGISLACAO-PARA-EVITAR-ADOCOES-IRREGULARES.html\" target=\"_blank\">CPI defende mudan\u00e7a na legisla\u00e7\u00e3o para evitar ado\u00e7\u00f5es irregulares<\/a><\/li>\n<\/ul>\n<\/td>\n<\/tr>\n<tr>\n<td colspan=\"2\"><\/td>\n<\/tr>\n<tr>\n<td colspan=\"2\">\n<table width=\"100%\" border=\"0\" cellspacing=\"0\" cellpadding=\"0\">\n<tbody>\n<tr>\n<td>\n<table width=\"100%\" border=\"0\" cellspacing=\"0\" cellpadding=\"0\">\n<tbody>\n<tr>\n<td rowspan=\"2\" valign=\"top\" width=\"70%\">\n<table width=\"100%\" border=\"0\" cellspacing=\"0\" cellpadding=\"0\">\n<tbody>\n<tr bgcolor=\"#FFFFFF\">\n<td>\n<h2>ADMINISTRA\u00c7\u00c3O P\u00daBLICA<\/h2>\n<\/td>\n<\/tr>\n<tr>\n<td>\n<ul>\n<li><a title=\"\" href=\"http:\/\/www2.camara.gov.br\/agencia\/noticias\/ADMINISTRACAO-PUBLICA\/428938-COMISSAO-APOIA-CAMPANHA-POR-10-DE-INVESTIMENTO-DA-UNIAO-NA-SAUDE.html\" target=\"_blank\">Comiss\u00e3o apoia campanha por 10% de investimento da Uni\u00e3o na sa\u00fade<\/a><\/li>\n<li><a title=\"\" href=\"http:\/\/www2.camara.gov.br\/agencia\/noticias\/POLITICA\/428967-ROYALTIES-E-FATOR-PREVIDENCIARIO-CONTINUAM-NA-PAUTA,-MESMO-SEM-APOIO-DO-GOVERNO.html\" target=\"_blank\">Royalties e fator previdenci\u00e1rio continuam na pauta, mesmo sem apoio do governo<\/a><\/li>\n<li><a title=\"\" href=\"http:\/\/www2.camara.gov.br\/agencia\/noticias\/ADMINISTRACAO-PUBLICA\/429000-SERVIDORES-DO-LEGISLATIVO-FARAO-PARTE-DO-FUNDO-DE-PREVIDENCIA-DO-EXECUTIVO.html\" target=\"_blank\">Servidores do Legislativo far\u00e3o parte do Fundo de Previd\u00eancia do Executivo<\/a><\/li>\n<li><a title=\"\" href=\"http:\/\/www2.camara.gov.br\/agencia\/noticias\/ADMINISTRACAO-PUBLICA\/429055-SECRETARIO-DE-ENERGIA-PREVE-PERDAS-PARA-ESTADOS-COM-MP-DO-SETOR-ELETRICO.html\" target=\"_blank\">Secret\u00e1rio de Energia prev\u00ea perdas para estados com MP do setor el\u00e9trico<\/a><\/li>\n<\/ul>\n<\/td>\n<\/tr>\n<tr bgcolor=\"#FFFFFF\">\n<td>\n<h2>AGROPECU\u00c1RIA<\/h2>\n<\/td>\n<\/tr>\n<tr>\n<td>\n<ul>\n<li><a title=\"\" href=\"http:\/\/www2.camara.gov.br\/agencia\/noticias\/MEIO-AMBIENTE\/429044-AMAZONIA-APROVA-POLITICA-PARA-USO-SUSTENTAVEL-DA-BIODIVERSIDADE.html\" target=\"_blank\">Amaz\u00f4nia aprova pol\u00edtica para uso sustent\u00e1vel da biodiversidade<\/a><\/li>\n<li><a title=\"\" href=\"http:\/\/www2.camara.gov.br\/agencia\/noticias\/MEIO-AMBIENTE\/429063-MINAS-E-ENERGIA-REJEITA-SUBSTITUICAO-TOTAL-DE-COMBUSTIVEIS-FOSSEIS.html\" target=\"_blank\">Minas e Energia rejeita substitui\u00e7\u00e3o total de combust\u00edveis f\u00f3sseis<\/a><\/li>\n<\/ul>\n<\/td>\n<\/tr>\n<tr bgcolor=\"#FFFFFF\">\n<td>\n<h2>DIREITO E JUSTI\u00c7A<\/h2>\n<\/td>\n<\/tr>\n<tr>\n<td>\n<ul>\n<li><a title=\"\" href=\"http:\/\/www2.camara.gov.br\/agencia\/noticias\/TRABALHO-E-PREVIDENCIA\/429008-DEPUTADOS-DIVERGEM-SOBRE-O-FIM-DO-EXAME-DA-OAB.html\" target=\"_blank\">Deputados divergem sobre o fim do exame da OAB<\/a><\/li>\n<\/ul>\n<\/td>\n<\/tr>\n<tr bgcolor=\"#FFFFFF\">\n<td>\n<h2>IND\u00daSTRIA E COM\u00c9RCIO<\/h2>\n<\/td>\n<\/tr>\n<tr>\n<td>\n<ul>\n<li><a title=\"\" href=\"http:\/\/www2.camara.gov.br\/agencia\/noticias\/RELACOES-EXTERIORES\/429066-DEBATES-NA-OMC-PODERAO-SER-ACOMPANHADOS-POR-PARLAMENTARES-DO-MERCOSUL.html\" target=\"_blank\">Debates na OMC poder\u00e3o ser acompanhados por parlamentares do Mercosul<\/a><\/li>\n<\/ul>\n<\/td>\n<\/tr>\n<tr bgcolor=\"#FFFFFF\">\n<td>\n<h2>SA\u00daDE<\/h2>\n<\/td>\n<\/tr>\n<tr>\n<td>\n<ul>\n<li><a title=\"\" href=\"http:\/\/www2.camara.gov.br\/agencia\/noticias\/SAUDE\/429007-CAMARA-APROVA-EXIGENCIA-DE-ATESTADO-MEDICO-PARA-MODELO.html\" target=\"_blank\">C\u00e2mara aprova exig\u00eancia de atestado m\u00e9dico para modelo<\/a><\/li>\n<\/ul>\n<\/td>\n<\/tr>\n<\/tbody>\n<\/table>\n<\/td>\n<\/tr>\n<\/tbody>\n<\/table>\n<\/td>\n<\/tr>\n<\/tbody>\n<\/table>\n<\/td>\n<\/tr>\n<\/tbody>\n<\/table>\n","protected":false},"excerpt":{"rendered":"<p>Manchetes do dia C\u00e2mara aprova parcelamento de d\u00e9bitos de estados e munic\u00edpios com o Pasep Deputados aprovam est\u00edmulo \u00e0 ind\u00fastria de reciclagem de res\u00edduos s\u00f3lidos CPMI do Cachoeira deve ser encerrada no final de dezembro Comiss\u00e3o sobre cria\u00e7\u00e3o da Empresa de Planejamento e Log\u00edstica aprova relat\u00f3rio CCJ aprova tr\u00eas dos dez anteprojetos da subcomiss\u00e3o de [&hellip;]<\/p>\n","protected":false},"author":2,"featured_media":0,"comment_status":"open","ping_status":"open","sticky":false,"template":"","format":"standard","meta":{"_links_to":"","_links_to_target":""},"categories":[18],"tags":[],"_links":{"self":[{"href":"https:\/\/www.r2cpress.com.br\/v1\/wp-json\/wp\/v2\/posts\/52803"}],"collection":[{"href":"https:\/\/www.r2cpress.com.br\/v1\/wp-json\/wp\/v2\/posts"}],"about":[{"href":"https:\/\/www.r2cpress.com.br\/v1\/wp-json\/wp\/v2\/types\/post"}],"author":[{"embeddable":true,"href":"https:\/\/www.r2cpress.com.br\/v1\/wp-json\/wp\/v2\/users\/2"}],"replies":[{"embeddable":true,"href":"https:\/\/www.r2cpress.com.br\/v1\/wp-json\/wp\/v2\/comments?post=52803"}],"version-history":[{"count":2,"href":"https:\/\/www.r2cpress.com.br\/v1\/wp-json\/wp\/v2\/posts\/52803\/revisions"}],"predecessor-version":[{"id":52805,"href":"https:\/\/www.r2cpress.com.br\/v1\/wp-json\/wp\/v2\/posts\/52803\/revisions\/52805"}],"wp:attachment":[{"href":"https:\/\/www.r2cpress.com.br\/v1\/wp-json\/wp\/v2\/media?parent=52803"}],"wp:term":[{"taxonomy":"category","embeddable":true,"href":"https:\/\/www.r2cpress.com.br\/v1\/wp-json\/wp\/v2\/categories?post=52803"},{"taxonomy":"post_tag","embeddable":true,"href":"https:\/\/www.r2cpress.com.br\/v1\/wp-json\/wp\/v2\/tags?post=52803"}],"curies":[{"name":"wp","href":"https:\/\/api.w.org\/{rel}","templated":true}]}}