{"id":52806,"date":"2012-10-31T20:41:23","date_gmt":"2012-10-31T23:41:23","guid":{"rendered":"http:\/\/www.r2cpress.com.br\/v1\/?p=52806"},"modified":"2012-10-31T20:41:23","modified_gmt":"2012-10-31T23:41:23","slug":"tpi-comeca-programacao-de-novembro-com-pesquisa-para-novo-espetaculo","status":"publish","type":"post","link":"https:\/\/www.r2cpress.com.br\/v1\/2012\/10\/31\/tpi-comeca-programacao-de-novembro-com-pesquisa-para-novo-espetaculo\/","title":{"rendered":"TPI come\u00e7a programa\u00e7\u00e3o de novembro  com pesquisa para novo espet\u00e1culo"},"content":{"rendered":"<p><strong><\/strong><strong><\/strong><\/p>\n<p>O Teatro Popular de Ilh\u00e9us (TPI) d\u00e1 in\u00edcio \u00e0 programa\u00e7\u00e3o de novembro com o in\u00edcio do processo de montagem do espet\u00e1culo <em>1789 \u2013Engenho de Santana \u2013 Uma revolu\u00e7\u00e3o Hist\u00f3rica.<\/em> A partir desta quinta-feira (1\u00ba), o projeto de debates <em>Improviso, Oxente!<\/em> recebe especialistas que ajudar\u00e3o o elenco na pesquisa do tema central da pe\u00e7a, a hist\u00f3rica revolta dos escravos do Engenho de Santana, ocorrida na Ilh\u00e9us do s\u00e9culo XVIII, considerada a primeira greve do Brasil. \u00c0s 19 horas, o professor Arl\u00e9o Barbosa estar\u00e1 na Casa dos Artistas falando sobre \u201cA Capitania de S\u00e3o Jorge no contexto do com\u00e9rcio a\u00e7ucareiro\u201d. As discuss\u00f5es s\u00e3o semanais e abertas ao p\u00fablico.<\/p>\n<p>O m\u00eas de novembro traz ainda teatro, m\u00fasica, cinema e dan\u00e7a. O Cineclube \u00c9quio Reis, em parceria com a Universidade Estadual de Santa Cruz, exibe todas as ter\u00e7as-feiras curtas-metragens produzidos pelos alunos do curso de Comunica\u00e7\u00e3o Social. Al\u00e9m das proje\u00e7\u00f5es, h\u00e1 debates com convidados sobre os temas abordados. As exibi\u00e7\u00f5es come\u00e7am \u00e0s 19 horas e a entrada \u00e9 gratuita.<\/p>\n<p>O projeto <em>Cinema Incidental<\/em> caiu no gosto do p\u00fablico e volta a emocionar a todos, dando novas trilhas a filmes mudos, no dia 09, \u00e0s 19 horas. Com instrumentos tradicionais e alternativos, os m\u00fasicos Elielton Cabe\u00e7a e Pablo Lisboa executam ao vivo m\u00fasicas e efeitos sonoros do filme de Charles Chaplin. A atividade acontece na porta da Casa dos Artistas.<\/p>\n<p>A com\u00e9dia <em>Teodorico Majestade \u2013 as \u00faltimas horas de um prefeito<\/em> volta ao palco do Teatro Pedro Mattos. Nos dias 16 e 17, \u00e0s 20 horas. As entradas custam R$ 10 e R$ 5. Para o p\u00fablico e corpo e alma de crian\u00e7a, a Cia. Boi da Cara Preta reestreia o musical infanto-juvenil <em>O Auto do Boi da Cara Preta<\/em>, nos dias 23 e 30, \u00e0s 19 horas, em frente ao espa\u00e7o cultural.<\/p>\n<p>O coletivo Chocolate Groove continua trazendo o melhor do som alternativo da regi\u00e3o grapi\u00fana, atrav\u00e9s do projeto <em>S\u00e1bado Sim<\/em>. No dia 10, tocam as bandas Intercepto e Kerberus. E, no dia 24, Enttropia e Doom Crew. Os shows come\u00e7am a partir das 20 horas e os ingressos custam R$ 10 e R$ 5.<\/p>\n<p>O hip-hop tem espa\u00e7o garantido neste m\u00eas. A Casa dos Artistas recebe o <em>Batalha dos Times Party\u2019s<\/em>, segunda edi\u00e7\u00e3o do evento tem\u00e1tico de <em>breakdance<\/em> que acontece em Ilh\u00e9us, apoiado pela Funda\u00e7\u00e3o de Cultura do Estado da Bahia. A apresenta\u00e7\u00e3o dos b-boys e b-girls ser\u00e1 no dia 24, \u00e0s 16 horas.<\/p>\n<p>E est\u00e3o abertas inscri\u00e7\u00f5es para cursos e oficinas art\u00edsticas. H\u00e1 vagas para dan\u00e7a de sal\u00e3o, bateria e percuss\u00e3o, viv\u00eancia teatral, dan\u00e7a afro, viol\u00e3o e guitarra e harmonia e improvisa\u00e7\u00e3o. Os detalhes dos dias, hor\u00e1rios e mensalidades podem ser conferidos no blog <a href=\"http:\/\/casadosartistasilheus.blogspot.com\" target=\"_blank\">casadosartistasilheus.<wbr>blogspot.com<\/wbr><\/a>, pelo telefone (73) 4102-0580 ou no espa\u00e7o cultural, em hor\u00e1rio comercial.<\/p>\n","protected":false},"excerpt":{"rendered":"<p>O Teatro Popular de Ilh\u00e9us (TPI) d\u00e1 in\u00edcio \u00e0 programa\u00e7\u00e3o de novembro com o in\u00edcio do processo de montagem do espet\u00e1culo 1789 \u2013Engenho de Santana \u2013 Uma revolu\u00e7\u00e3o Hist\u00f3rica. A partir desta quinta-feira (1\u00ba), o projeto de debates Improviso, Oxente! recebe especialistas que ajudar\u00e3o o elenco na pesquisa do tema central da pe\u00e7a, a hist\u00f3rica [&hellip;]<\/p>\n","protected":false},"author":2,"featured_media":0,"comment_status":"open","ping_status":"open","sticky":false,"template":"","format":"standard","meta":{"_links_to":"","_links_to_target":""},"categories":[5],"tags":[],"_links":{"self":[{"href":"https:\/\/www.r2cpress.com.br\/v1\/wp-json\/wp\/v2\/posts\/52806"}],"collection":[{"href":"https:\/\/www.r2cpress.com.br\/v1\/wp-json\/wp\/v2\/posts"}],"about":[{"href":"https:\/\/www.r2cpress.com.br\/v1\/wp-json\/wp\/v2\/types\/post"}],"author":[{"embeddable":true,"href":"https:\/\/www.r2cpress.com.br\/v1\/wp-json\/wp\/v2\/users\/2"}],"replies":[{"embeddable":true,"href":"https:\/\/www.r2cpress.com.br\/v1\/wp-json\/wp\/v2\/comments?post=52806"}],"version-history":[{"count":4,"href":"https:\/\/www.r2cpress.com.br\/v1\/wp-json\/wp\/v2\/posts\/52806\/revisions"}],"predecessor-version":[{"id":52810,"href":"https:\/\/www.r2cpress.com.br\/v1\/wp-json\/wp\/v2\/posts\/52806\/revisions\/52810"}],"wp:attachment":[{"href":"https:\/\/www.r2cpress.com.br\/v1\/wp-json\/wp\/v2\/media?parent=52806"}],"wp:term":[{"taxonomy":"category","embeddable":true,"href":"https:\/\/www.r2cpress.com.br\/v1\/wp-json\/wp\/v2\/categories?post=52806"},{"taxonomy":"post_tag","embeddable":true,"href":"https:\/\/www.r2cpress.com.br\/v1\/wp-json\/wp\/v2\/tags?post=52806"}],"curies":[{"name":"wp","href":"https:\/\/api.w.org\/{rel}","templated":true}]}}