{"id":52822,"date":"2012-11-01T12:58:18","date_gmt":"2012-11-01T15:58:18","guid":{"rendered":"http:\/\/www.r2cpress.com.br\/v1\/?p=52822"},"modified":"2012-11-01T12:58:18","modified_gmt":"2012-11-01T15:58:18","slug":"prefeitura-municipal-de-ilheus-368","status":"publish","type":"post","link":"https:\/\/www.r2cpress.com.br\/v1\/2012\/11\/01\/prefeitura-municipal-de-ilheus-368\/","title":{"rendered":"Prefeitura Municipal de Ilh\u00e9us"},"content":{"rendered":"<p><center><a href=\"http:\/\/www.r2cpress.com.br\/v1\/wp-content\/uploads\/CAPA10.jpg\"><img loading=\"lazy\" src=\"http:\/\/www.r2cpress.com.br\/v1\/wp-content\/uploads\/CAPA10.jpg\" alt=\"\" title=\"CAPA\" width=\"504\" height=\"504\" class=\"aligncenter size-full wp-image-52823\" srcset=\"https:\/\/www.r2cpress.com.br\/v1\/wp-content\/uploads\/CAPA10.jpg 504w, https:\/\/www.r2cpress.com.br\/v1\/wp-content\/uploads\/CAPA10-150x150.jpg 150w, https:\/\/www.r2cpress.com.br\/v1\/wp-content\/uploads\/CAPA10-300x300.jpg 300w\" sizes=\"(max-width: 504px) 100vw, 504px\" \/><\/a><br \/>\nPrefeito de Ilh\u00e9us discute com Embasa  a amplia\u00e7\u00e3o do Abastecimento de \u00e1gua<br \/>\nIlh\u00e9us comemora o Dia Nacional da  Cultura com programa\u00e7\u00e3o gratuita<br \/>\nIlh\u00e9us ganha mais duas  academias ao ar Livre<br \/>\nSemifinal do Campeonato  de Juerana come\u00e7a no dia 11<\/center><\/p>\n<p><!--more--><\/p>\n<p>***<\/p>\n<p><strong>Prefeito de Ilh\u00e9us discute com Embasa  a amplia\u00e7\u00e3o do Abastecimento de \u00e1gua<\/strong><\/p>\n<p>O prefeito de Ilh\u00e9us, Newton Lima, se reuniu nesta quarta-feira (31-10), em Salvador com o Diretor de Opera\u00e7\u00e3o e Expans\u00e3o Sul da Empresa Baiana de \u00c1guas e Saneamento (Embasa), Carlos Alberto Pontes, e a superintendente para a regi\u00e3o Sul, Rita de C\u00e1ssia Bonfim, para tratar de assuntos relativos \u00e0 expans\u00e3o dos servi\u00e7os de distribui\u00e7\u00e3o de \u00e1gua em Ilh\u00e9us. Durante o encontro, foram apresentados os projetos que est\u00e3o em an\u00e1lise na Prefeitura e os que est\u00e3o aprovados, de modo especial ao longo da BR-415, nos bairros do Banco da Vit\u00f3ria, Vila Cachoeira e Salobrinho.<br \/>\nSegundo o prefeito, sua preocupa\u00e7\u00e3o mais imediata \u00e9 o atendimento as 1.300 unidades residenciais do projeto Minha Casa, Minha Vida, que ser\u00e3o entregues aos selecionados at\u00e9 o final do m\u00eas de novembro. Em resposta \u00e0 solicita\u00e7\u00e3o, a dire\u00e7\u00e3o da Embasa se comprometeu em iniciar, ainda nesta segunda-feira (5) a liga\u00e7\u00e3o do conjunto habitacional na rede existente, enquanto aguarda a aprova\u00e7\u00e3o do projeto pelo Derba, para a amplia\u00e7\u00e3o da rede, com a finalidade de prestar um melhor atendimento.<br \/>\nO prefeito de Ilh\u00e9us tamb\u00e9m apresentou outros projetos, os quais j\u00e1 foram aprovados e licenciados pelo munic\u00edpio, bem como os que est\u00e3o projetados, por\u00e9m, ainda n\u00e3o aprovados, a exemplos dos localizados no litoral \u2013 no distrito de Aritagu\u00e1 e de Oliven\u00e7a, e, especialmente, os que est\u00e3o localizados ao longo da BR-415. \u201cA cada dia aumenta a nossa demanda pelos servi\u00e7os de abastecimento de \u00e1gua, que vem se tornando um gargalo para novos investimentos e o consequente desenvolvimento do nosso munic\u00edpio\u201d, avaliou.<br \/>\nSegundo os estudos realizados pela Prefeitura, os projetos de infraestrutura e log\u00edstica que ser\u00e3o implantados j\u00e1 apresentam reflexos no crescimento do munic\u00edpio, com a implanta\u00e7\u00e3o de novos empreendimentos, tanto empresariais como habitacionais. Para a concretiza\u00e7\u00e3o, a munic\u00edpio conta com a participa\u00e7\u00e3o direta do Estado, de modo especial na implanta\u00e7\u00e3o da estrutura b\u00e1sica, como fornecimento de \u00e1gua e energia el\u00e9trica, seguran\u00e7a, sa\u00fade, educa\u00e7\u00e3o, assist\u00eancia social e mobilidade urbana, para que esse crescimento seja ordenado, melhorando a qualidade de vida dos ilheenses.<br \/>\nLembrou Newton Lima, que as comunidades afetadas direta e indiretamente com o projeto do Complexo Intermodal do Porto Sul tiveram participa\u00e7\u00e3o efetiva com os t\u00e9cnicos de diversas secretarias estaduais no levantamento das demandas e defini\u00e7\u00e3o das prioridades de cada localidade. \u201cOs t\u00e9cnicos de todas as secretarias da prefeitura, participaram, juntamente com o Ibama, da constru\u00e7\u00e3o do Caderno de Investimento, que faz parte do licenciamento ambiental do projeto e agora esperam que os compromissos assumidos sejam, finalmente honrados pelos poderes p\u00fablicos\u201d, disse o prefeito.<br \/>\nPara atender a demanda iminente de Ilh\u00e9us, ficou decidida a realiza\u00e7\u00e3o de uma reuni\u00e3o com a participa\u00e7\u00e3o dos empreendedores, com a finalidade de definir a participa\u00e7\u00e3o dos poderes p\u00fablicos e da iniciativa privada, tanto na elabora\u00e7\u00e3o dos projetos como na execu\u00e7\u00e3o dos mesmos. \u201cExistem grandes possibilidades de podermos realizar parcerias, o <\/p>\n<p><strong>Ilh\u00e9us comemora o Dia Nacional da  Cultura com programa\u00e7\u00e3o gratuita<\/strong><\/p>\n<p>Em comemora\u00e7\u00e3o ao Dia Nacional da Cultura (5), a Funda\u00e7\u00e3o Cultural (Fundaci) e o Bal\u00e9 Teatro Castro Alves (BTCA) apresentar\u00e3o, no Teatro Municipal de Ilh\u00e9us (TMI), o espet\u00e1culo de dan\u00e7a \u201c&#8230;Ou Isso\u201d, dos premiados core\u00f3grafos Jomar Mesquita e Rodrigo de Castro. O espet\u00e1culo, que conta com dire\u00e7\u00e3o coreogr\u00e1fica de Jomar Mesquita e dire\u00e7\u00e3o art\u00edstica de Jorge Vermelho, ser\u00e1 apresentado nos pr\u00f3ximos dias 6 (ter\u00e7a-feira) e 7 de novembro (quarta-feira), sempre \u00e0s 21 horas.<br \/>\nAp\u00f3s estreiar na sala principal do Teatro Castro Alves (TCA), circular por diversos teatros da capital baiana e ser apresentado no Teatro Cidade do Saber, localizado no munic\u00edpio de Cama\u00e7ari, \u201c&#8230;Ou Isso\u201d chega agora em Ilh\u00e9us para duas apresenta\u00e7\u00f5es gratuitas. No palco, 25 bailarinos apresentam um belo espet\u00e1culo que remete \u00e0 tradi\u00e7\u00e3o das dan\u00e7as de sal\u00e3o e \u00e9 livremente inspirado na obra de Manoel de Barros, um dos principais poetas contempor\u00e2neos do Brasil.<br \/>\nPara o presidente da Funda\u00e7\u00e3o Cultural de Ilh\u00e9us (Fundaci), Maur\u00edcio Corso, essa iniciativa possibilitar\u00e1 o livre acesso da comunidade a um espet\u00e1culo com qualidade t\u00e9cnica e art\u00edstica indiscut\u00edvel. \u201cEstamos contribuindo para o fomento da produ\u00e7\u00e3o, circula\u00e7\u00e3o, reflex\u00e3o e forma\u00e7\u00e3o em dan\u00e7a na nossa cidade\u201d, afirma o presidente. Nessa montagem, o BTCA aprofunda outras possibilidades de enxergar o mundo, de ver as coisas, transpondo sentidos, com um olhar ing\u00eanuo, l\u00fadico, quase infantil, mas, ao mesmo tempo, mais astuto e sincero.<br \/>\nRealiza\u00e7\u00e3o &#8211; O BTCA \u00e9 mantido pela Secretaria de Cultura, atrav\u00e9s da Funda\u00e7\u00e3o Cultural do Estado e do Teatro Castro Alves. Para realiza\u00e7\u00e3o do projeto de circula\u00e7\u00e3o em Ilh\u00e9us, a Prefeitura de Ilh\u00e9us, atrav\u00e9s da Funda\u00e7\u00e3o Cultural, contou com o apoio do Ilh\u00e9us Praia Hotel, Faculdade de Ilh\u00e9us, Biboka Lanchonete e Restaurante, TV Santa Cruz, Gabriela FM, Di\u00e1rio de Ilh\u00e9us e imprensa regional.<br \/>\nQuem quiser conferir de perto todos os detalhes da recente montagem do  BTCA poder\u00e1 assistir gratuitamente as duas apresenta\u00e7\u00f5es de \u201c&#8230; Ou Isso\u201d, trabalho que traduz o di\u00e1logo est\u00e9tico da Companhia com o contempor\u00e2neo. A diretora do Teatro Municipal de Ilh\u00e9us, Fl\u00e1via Maciel, avisa ao p\u00fablico em geral que n\u00e3o ser\u00e1 necess\u00e1rio apresentar convite na entrada do TMI. Apesar disso, ela ressalta que o espet\u00e1culo come\u00e7ar\u00e1, pontualmente, \u00e0s 21 horas e que, em fun\u00e7\u00e3o dessa decis\u00e3o, ser\u00e1 respeitada a capacidade de at\u00e9 450 pessoas por apresenta\u00e7\u00e3o.<\/p>\n<p><strong>Ilh\u00e9us ganha mais duas  academias ao ar Livre <\/strong><\/p>\n<p>A chegada do ver\u00e3o refor\u00e7a a necessidade de intensificar as pr\u00e1ticas saud\u00e1veis, a exemplo dos exerc\u00edcios f\u00edsicos. Em Ilh\u00e9us, a popula\u00e7\u00e3o que procura a avenida Soares Lopes para realizar corridas, caminhadas e outras modalidades de exerc\u00edcios f\u00edsicos passar\u00e3o a contar com dois importantes suportes. Esta semana, dando continuidade ao conv\u00eanio estabelecido entre a Prefeitura de Ilh\u00e9us, o Instituto Superior de Sustentabilidade (Isus), Universidade Estadual de Santa Cruz (Uesc) e com as empresas Depil Action e Cicon Construtora e Incorporadora, instalou mais dois m\u00f3dulos da Academia ao Ar Livre.<br \/>\nO primeiro equipamento j\u00e1 se encontra em funcionamento e est\u00e1 instalado nas proximidades da praia do Cristo. No local \u00e9 poss\u00edvel encontra quatro equipamentos: El\u00edptico mec\u00e2nico, que serve para perder calorias e adquirir resist\u00eancia f\u00edsica; a Paralela dupla, que trabalha m\u00fasculos do peitoral e fortalece a musculatura; o Espaldar, que trabalha o alongamento total dos membros superiores e inferiores e o Abdominal duplo, aparelho pra a pr\u00e1tica de abdominais e fortalecimento da musculatura do abd\u00f4men. Este m\u00f3dulo, segundo t\u00e9cnicos da prefeitura, foi viabilizado gra\u00e7as a uma parceria com a empresa Depil Action, que durante dois anos, usar\u00e1 o espa\u00e7o para refor\u00e7ar a divulga\u00e7\u00e3o de sua marca, \u201cvinculando-a a uma iniciativa que objetiva melhorar a qualidade de vida da popula\u00e7\u00e3o\u201d.<br \/>\nJ\u00e1 pr\u00f3ximo ao Centro de Conven\u00e7\u00f5es Luis Eduardo Magalh\u00e3es foi instalado outro m\u00f3dulo da Academia ao Ar livre, resultado de uma parceria com a empresa Cicon Construtora e Incorporada. O m\u00f3dulo tamb\u00e9m possui quatro aparelhos, com as mesmas caracter\u00edsticas. O primeiro m\u00f3dulo da Academia ao ar Livre foi instalado na avenida Lomanto J\u00fanior, pr\u00f3ximo a cabeceira da ponte e foi fruto de uma parceria com a empresa Hering Store. O local j\u00e1 \u00e9 bastante freq\u00fcentado por praticantes de atividades f\u00edsicas e em parceria com a Uesc, v\u00e1rios instrutores de educa\u00e7\u00e3o f\u00edsica para prestar orienta\u00e7\u00f5es.<br \/>\nO professor Marco Aur\u00e9lio \u00c1vila coordena o projeto MOVA-SE, do Instituto Superior de Sustentabilidade (Isus), que prev\u00ea a instala\u00e7\u00e3o de 17 m\u00f3dulos para a pr\u00e1tica de atividades f\u00edsicas ao ar livre em diversos pontos da cidade. Al\u00e9m do Pontal e Av. Soares Lopes, est\u00e1 prevista a instala\u00e7\u00e3o dos m\u00f3dulos em locais como os altos S\u00e3o Sebasti\u00e3o e Soledade e os bairros Cidade Nova, Nova Bras\u00edlia, Jardim Sav\u00f3ia, Malhado, S\u00e3o Miguel, Hernani S\u00e1 e Conquista.<\/p>\n<p><strong>Semifinal do Campeonato  de Juerana come\u00e7a no dia 11<\/strong><\/p>\n<p>O Campeonato de Futebol Amador de Juerana, edi\u00e7\u00e3o 2012, chega a sua reta final neste domingo (4) com a defini\u00e7\u00e3o dos quatro colocados que disputar\u00e3o a semifinal da competi\u00e7\u00e3o. Tr\u00eas times j\u00e1 est\u00e3o com as vagas garantidas: o For\u00e7a Jovem, que fez a melhor campanha do campeonato, com 12 pontos e 100% de aproveitamento; o Tibina que somou 18 pontos, e o anfitri\u00e3o Vila Juerana, que terminou a primeira fase no terceiro lugar, com 15 pontos.<\/p>\n<p>A quarta vaga ser\u00e1 decidida neste domingo (4), \u00e0s 10 horas da manh\u00e3, no campo de Vila Juerana, com a partida entre os times de Lagoa Encantada e Cruzeiro. Quem vencer carimba o passaporte para a fase semifinal, que come\u00e7a no pr\u00f3ximo dia 11 de novembro. E as partida da fase semifinal j\u00e1 est\u00e3o definidas. No dia 11 jogar\u00e3o Tibina contra a equipe de Vila Juerana e o time do For\u00e7a Jovem contra o vencedor da partida entre Lagoa Encantada e Cruzeiro. Vale ressaltar que os times do Tibina e For\u00e7a Jovem jogam com a vantagem do empate. Os vencedores da competi\u00e7\u00e3o receber\u00e3o pr\u00eamios e trof\u00e9us.<\/p>\n<p>Bingo Beneficente \u2013 A comunidade de Vila Juerana tamb\u00e9m estar\u00e1 realizando, no dia 17 de novembro, um bingo beneficente em prol da Professora Mara, v\u00edtima de acidente e que n\u00e3o est\u00e1 em condi\u00e7\u00f5es de exercer suas atividades profissionais. O evento acontecer\u00e1 a partir das 21 horas, no Bar do Alicio, em Juerana, e vai contar com a anima\u00e7\u00e3o de m\u00fasicos regionais. Al\u00e9m da oportunidade de ajudar a Professora Mara, o evento tamb\u00e9m contar\u00e1 com o sorteio de muitos pr\u00eamios. A organiza\u00e7\u00e3o \u00e9 do administrador de Vila Juerana, Jos\u00e9 Hilton, mais conhecido como Cipa, amigos e familiares da professora e as cartelas ser\u00e3o vendidas no local do evento.<\/p>\n","protected":false},"excerpt":{"rendered":"<p>Prefeito de Ilh\u00e9us discute com Embasa a amplia\u00e7\u00e3o do Abastecimento de \u00e1gua Ilh\u00e9us comemora o Dia Nacional da Cultura com programa\u00e7\u00e3o gratuita Ilh\u00e9us ganha mais duas academias ao ar Livre Semifinal do Campeonato de Juerana come\u00e7a no dia 11<\/p>\n","protected":false},"author":2,"featured_media":0,"comment_status":"open","ping_status":"open","sticky":false,"template":"","format":"standard","meta":{"_links_to":"","_links_to_target":""},"categories":[23],"tags":[],"_links":{"self":[{"href":"https:\/\/www.r2cpress.com.br\/v1\/wp-json\/wp\/v2\/posts\/52822"}],"collection":[{"href":"https:\/\/www.r2cpress.com.br\/v1\/wp-json\/wp\/v2\/posts"}],"about":[{"href":"https:\/\/www.r2cpress.com.br\/v1\/wp-json\/wp\/v2\/types\/post"}],"author":[{"embeddable":true,"href":"https:\/\/www.r2cpress.com.br\/v1\/wp-json\/wp\/v2\/users\/2"}],"replies":[{"embeddable":true,"href":"https:\/\/www.r2cpress.com.br\/v1\/wp-json\/wp\/v2\/comments?post=52822"}],"version-history":[{"count":2,"href":"https:\/\/www.r2cpress.com.br\/v1\/wp-json\/wp\/v2\/posts\/52822\/revisions"}],"predecessor-version":[{"id":52825,"href":"https:\/\/www.r2cpress.com.br\/v1\/wp-json\/wp\/v2\/posts\/52822\/revisions\/52825"}],"wp:attachment":[{"href":"https:\/\/www.r2cpress.com.br\/v1\/wp-json\/wp\/v2\/media?parent=52822"}],"wp:term":[{"taxonomy":"category","embeddable":true,"href":"https:\/\/www.r2cpress.com.br\/v1\/wp-json\/wp\/v2\/categories?post=52822"},{"taxonomy":"post_tag","embeddable":true,"href":"https:\/\/www.r2cpress.com.br\/v1\/wp-json\/wp\/v2\/tags?post=52822"}],"curies":[{"name":"wp","href":"https:\/\/api.w.org\/{rel}","templated":true}]}}