{"id":52826,"date":"2012-11-01T13:03:07","date_gmt":"2012-11-01T16:03:07","guid":{"rendered":"http:\/\/www.r2cpress.com.br\/v1\/?p=52826"},"modified":"2012-11-01T13:03:07","modified_gmt":"2012-11-01T16:03:07","slug":"itabuna-prefeito-eleito-se-reuniu-com-dirigentes-da-caixa-economica","status":"publish","type":"post","link":"https:\/\/www.r2cpress.com.br\/v1\/2012\/11\/01\/itabuna-prefeito-eleito-se-reuniu-com-dirigentes-da-caixa-economica\/","title":{"rendered":"ITABUNA \/ Prefeito eleito se reuniu com dirigentes da Caixa Econ\u00f4mica"},"content":{"rendered":"<p>O prefeito eleito Claudevane Leite, Vane do Renascer, se reuniu com dirigentes da Superintend\u00eancia Regional Sul da Caixa Econ\u00f4mica Federal, em Itabuna, para discutir os 22 projetos financiados pelo Governo Federal no munic\u00edpio. Um total de 12 contratos vencem no pr\u00f3ximo dia 30 de novembro e pelo menos outros 20 necessitar\u00e3o de prorroga\u00e7\u00e3o para que as obras n\u00e3o sofram descontinuidade em 2013.<\/p>\n<div id=\"attachment_52828\" style=\"width: 510px\" class=\"wp-caption aligncenter\"><a href=\"http:\/\/www.r2cpress.com.br\/v1\/wp-content\/uploads\/Prefeito-Vane-e-vice-Wenceslau-com-dirigentes-da-CEF-1.jpg\"><img aria-describedby=\"caption-attachment-52828\" loading=\"lazy\" src=\"http:\/\/www.r2cpress.com.br\/v1\/wp-content\/uploads\/Prefeito-Vane-e-vice-Wenceslau-com-dirigentes-da-CEF-1.jpg\" alt=\"\" title=\"Prefeito Vane e vice, Wenceslau com dirigentes da CEF (1)\" width=\"500\" height=\"375\" class=\"size-full wp-image-52828\" srcset=\"https:\/\/www.r2cpress.com.br\/v1\/wp-content\/uploads\/Prefeito-Vane-e-vice-Wenceslau-com-dirigentes-da-CEF-1.jpg 500w, https:\/\/www.r2cpress.com.br\/v1\/wp-content\/uploads\/Prefeito-Vane-e-vice-Wenceslau-com-dirigentes-da-CEF-1-300x225.jpg 300w\" sizes=\"(max-width: 500px) 100vw, 500px\" \/><\/a><p id=\"caption-attachment-52828\" class=\"wp-caption-text\">Prefeito Vane e vice, Wenceslau com dirigentes da CEF<\/p><\/div>\n<p> Na oportunidade, os t\u00e9cnicos da CEF informaram que o munic\u00edpio recebeu cerca de R$ 102 milh\u00f5es em investimentos federais nas \u00e1reas de saneamento b\u00e1sico, habita\u00e7\u00e3o, sa\u00fade e esporte, com contrapartida de R$ 4 milh\u00f5es da prefeitura. O prefeito Vane esteve acompanhado do vice-prefeito eleito Wenceslau Junior, sendo recebido pelos gerentes regionais de Constru\u00e7\u00e3o Civil, Antonio Almeida; Governo, Euclides Monteiro; Jianeto Jorge; Pessoa Jur\u00eddica, dentre outros t\u00e9cnicos da Superintend\u00eancia.<\/p>\n<p>O prefeito Vane reafirmou aos dirigentes e t\u00e9cnicos da CEF que o munic\u00edpio ter\u00e1 administra\u00e7\u00e3o austera, eficiente e t\u00e9cnica para que os principais compromissos que assumiu sejam executados em benef\u00edcio da popula\u00e7\u00e3o. \u201cDigo aos senhores que desejamos a Caixa como parceira para que a gest\u00e3o p\u00fablica responda \u00e0s obriga\u00e7\u00f5es que tem com a cidadania. Desejamos uma gest\u00e3o que busque a excel\u00eancia e \u00e9 nessa dire\u00e7\u00e3o que vamos nos empenhar\u201d, disse o prefeito eleito.<\/p>\n<p>Tamb\u00e9m participaram do encontro Gilt\u00e2nia Menezes, gerente de Desenvolvimento Urbano da CEF; Jianeto Jorge, gerente regional de Pessoa Jur\u00eddica; Elizabeth Milagres, coordenadora da \u00e1rea T\u00e9cnica e Social; os gerentes Antonio Vinicius Alves da Cruz, Pedro Ribeiro; e o coordenador de Desenvolvimento Urbano, Walter Itamar Nuno Campos Junior.<\/p>\n","protected":false},"excerpt":{"rendered":"<p>O prefeito eleito Claudevane Leite, Vane do Renascer, se reuniu com dirigentes da Superintend\u00eancia Regional Sul da Caixa Econ\u00f4mica Federal, em Itabuna, para discutir os 22 projetos financiados pelo Governo Federal no munic\u00edpio. Um total de 12 contratos vencem no pr\u00f3ximo dia 30 de novembro e pelo menos outros 20 necessitar\u00e3o de prorroga\u00e7\u00e3o para que [&hellip;]<\/p>\n","protected":false},"author":2,"featured_media":0,"comment_status":"open","ping_status":"open","sticky":false,"template":"","format":"standard","meta":{"_links_to":"","_links_to_target":""},"categories":[15],"tags":[],"_links":{"self":[{"href":"https:\/\/www.r2cpress.com.br\/v1\/wp-json\/wp\/v2\/posts\/52826"}],"collection":[{"href":"https:\/\/www.r2cpress.com.br\/v1\/wp-json\/wp\/v2\/posts"}],"about":[{"href":"https:\/\/www.r2cpress.com.br\/v1\/wp-json\/wp\/v2\/types\/post"}],"author":[{"embeddable":true,"href":"https:\/\/www.r2cpress.com.br\/v1\/wp-json\/wp\/v2\/users\/2"}],"replies":[{"embeddable":true,"href":"https:\/\/www.r2cpress.com.br\/v1\/wp-json\/wp\/v2\/comments?post=52826"}],"version-history":[{"count":4,"href":"https:\/\/www.r2cpress.com.br\/v1\/wp-json\/wp\/v2\/posts\/52826\/revisions"}],"predecessor-version":[{"id":52831,"href":"https:\/\/www.r2cpress.com.br\/v1\/wp-json\/wp\/v2\/posts\/52826\/revisions\/52831"}],"wp:attachment":[{"href":"https:\/\/www.r2cpress.com.br\/v1\/wp-json\/wp\/v2\/media?parent=52826"}],"wp:term":[{"taxonomy":"category","embeddable":true,"href":"https:\/\/www.r2cpress.com.br\/v1\/wp-json\/wp\/v2\/categories?post=52826"},{"taxonomy":"post_tag","embeddable":true,"href":"https:\/\/www.r2cpress.com.br\/v1\/wp-json\/wp\/v2\/tags?post=52826"}],"curies":[{"name":"wp","href":"https:\/\/api.w.org\/{rel}","templated":true}]}}