{"id":52923,"date":"2012-11-03T09:04:48","date_gmt":"2012-11-03T12:04:48","guid":{"rendered":"http:\/\/www.r2cpress.com.br\/v1\/?p=52923"},"modified":"2012-11-03T09:04:48","modified_gmt":"2012-11-03T12:04:48","slug":"psicomundo-ilheus-esperando-que-bons-fluidos-retornem-sua-paz-e-incomparavel-beleza","status":"publish","type":"post","link":"https:\/\/www.r2cpress.com.br\/v1\/2012\/11\/03\/psicomundo-ilheus-esperando-que-bons-fluidos-retornem-sua-paz-e-incomparavel-beleza\/","title":{"rendered":"PSICOMUNDO &#8211; ILH\u00c9US ESPERANDO QUE BONS FLU\u00cdDOS RETORNEM SUA PAZ E INCOMPAR\u00c1VEL BELEZA"},"content":{"rendered":"<p><img loading=\"lazy\" alt=\"\" src=\"http:\/\/www.r2cpress.com.br\/v1\/wp-content\/uploads\/eduardo-afondo-cortado_150.jpg\" class=\"alignleft\" width=\"150\" height=\"154\" \/>Ilh\u00e9us est\u00e1 vivendo o fim da picada! A nossa cidade bonita por natureza e que por esse motivo recebe diariamente in\u00fameros turistas, atualmente se constituiu a \u00fanica cidade do mundo que quem atende aos nossos ilustres visitantes no per\u00edodo de feriado prolongado \u00e9 um \u201cBUSTER BARRO\u201d, conforme mostramos nessa reportagem! Visitem a central de turismo dessa cidade e l\u00e1 n\u00e3o se encontra ningu\u00e9m para oferecer uma informa\u00e7\u00e3o e mostrar onde os visitantes possam ver as nossas belezas, al\u00e9m desse \u201cBUSTER\u201d encima de uma mesa e ao lado de um aparelho telef\u00f4nico mudo! A cidade de Ilh\u00e9us tem um destino que n\u00e3o merece e achamos muito mesquinho como os pol\u00edticos e administradores a trata, diante da sua grandeza de Terra de S\u00e3o Jorge, a Princesa do Sul!<\/p>\n<p><center><a href=\"http:\/\/www.r2cpress.com.br\/v1\/wp-content\/uploads\/MONT-CAPA11.jpg\"><img loading=\"lazy\" src=\"http:\/\/www.r2cpress.com.br\/v1\/wp-content\/uploads\/MONT-CAPA11.jpg\" alt=\"\" title=\"MONT CAPA\" width=\"550\" height=\"550\" class=\"aligncenter size-full wp-image-52924\" srcset=\"https:\/\/www.r2cpress.com.br\/v1\/wp-content\/uploads\/MONT-CAPA11.jpg 550w, https:\/\/www.r2cpress.com.br\/v1\/wp-content\/uploads\/MONT-CAPA11-150x150.jpg 150w, https:\/\/www.r2cpress.com.br\/v1\/wp-content\/uploads\/MONT-CAPA11-300x300.jpg 300w\" sizes=\"(max-width: 550px) 100vw, 550px\" \/><\/a><\/center><\/p>\n<p>A cidade de Ilh\u00e9us foi predestinada aos desmandos de uma administra\u00e7\u00e3o p\u00fablica composta de indiv\u00edduos desumanos e calculistas. Eles no m\u00ednimo t\u00eam a certeza das coisas que fazem, apenas n\u00e3o interessa a transforma\u00e7\u00e3o para que seja visto a for\u00e7a do trabalho e o pregresso de forma transparente. Mas, s\u00e3o tamb\u00e9m cegos e nada v\u00eam, s\u00e3o surdos n\u00e3o escutam os reclamos da sua popula\u00e7\u00e3o e mudos n\u00e3o interessa dar nenhuma resposta sobre os descasos e bagun\u00e7as, e que se explodam os que ficam falando que est\u00e1 tudo errado, e isso j\u00e1 est\u00e1 acontecendo h\u00e1 muito tempo.<\/p>\n<p><!--more--><\/p>\n<p>E agora em estado de greve de seus servidores, ficamos imaginando quantos preju\u00edzos de arrecada\u00e7\u00f5es, atendimento ao p\u00fablico, e todas as nossas pra\u00e7as e avenidas mergulhadas em dep\u00f3sitos de lixos, do mesmo jeito vemos as ruas, os bairros e os distritos, enfim, em todas suas art\u00e9rias p\u00fablicas! Jamais imaginar\u00edamos ver a nossa cidade t\u00e3o maltratada como nos tempos atuais.<\/p>\n<p>Olhando outros inusitados acontecimentos observamos que a cidade de Ilh\u00e9us foi entregue a um famigerado costume de raiar seu novo dia completamente aterrorizado, e as pessoas com medo de tantos descasos com premeditadas imoralidades e falta de cuidado. Ningu\u00e9m do poder p\u00fablico procura ver o que est\u00e1 acontecendo? Os rom\u00e2nticos dizem que a noite \u00e9 uma crian\u00e7a! Aqui em Ilh\u00e9us as noites t\u00eam sido pesadelos com assaltos e os bandidos mandando e humilhando as pessoas que eles roubam!<\/p>\n<p>Jamais vamos entender o que est\u00e3o fazendo com Ilh\u00e9us e sua popula\u00e7\u00e3o? Imaginem quantos preju\u00edzos \u00e0s pessoas que vivem, trabalham, estudam e se dedicam para viver uma vida digna. Onde est\u00e3o os respons\u00e1veis por todas essas atrocidades? Velhos sendo maltratados e roubados em filas de bancos, e nos bancos quase que n\u00e3o existem funcion\u00e1rios para orientar essas criaturas carentes de auxilio.<\/p>\n<p>Outro dia, uma senhora de mais sessenta anos de idade, com seu cart\u00e3o e um papelzinho com uma senha, pediu que acessasse sua conta para sacar um dinheiro para ela. Falei que ela n\u00e3o fizesse isso, pois poderia encontrar algu\u00e9m de m\u00e1 f\u00e9 e pegasse todo o seu dinheiro. Ela simplesmente me respondeu: mas o senhor n\u00e3o tem cara de ladr\u00e3o! Veja bem, essa humilde senhora e outras pessoas imaginam que os gatunos t\u00eam cara, e os que usam colarinhos brancos, sempre engravatados, espalhados pelo nosso pa\u00eds dando fant\u00e1sticos golpes, quais seriam suas faces?<\/p>\n<p>Gostaria de levar ao conhecimento das autoridades que promovem a justi\u00e7a e corrigem os desmandos de todas as \u00e1reas sociais. V\u00e1rios comerciantes de nossa cidade est\u00e3o pedindo a aten\u00e7\u00e3o desses \u00d3rg\u00e3os de representam a soberania da justi\u00e7a e da paz social, corrijam um mal que h\u00e1 muito tempo descaracterizando o direito de sua popula\u00e7\u00e3o ter uma verdadeira harmonia. Nos relatado que por esses cidad\u00e3os sobre a exist\u00eancia de pessoas inescrupulosas que est\u00e3o trazendo em carros para nossa cidade pessoas pobres, deficientes e at\u00e9 doentes mentais e as deixando abandonadas, sem rumo dentro de Ilh\u00e9us. E podemos constatar a grande quantidade dessas pobres pessoas e seres humanos descartados em suas comunidades de origem como se fossem entulhos descart\u00e1veis. A popula\u00e7\u00e3o de Ilh\u00e9us precisa acordar desse tr\u00e1gico sono cheio de in\u00e9rcia e viver a plenitude da sua coragem de defender sua Terra. Dizer a tantas afirmativas de que faz de contas que tudo no Brasil vai muito bem!<\/p>\n<p>\u00c9 isso que os nossos representantes querem que a gente pense? Ent\u00e3o faz de conta que eles est\u00e3o muit\u00edssimo preocupados com a popula\u00e7\u00e3o brasileira, n\u00e3o existem tantos desmandos, v\u00e3o resolver todos esses inusitados estados de coisas ruins, s\u00e3o amigos do seu povo, adoram v\u00ea-los satisfeitos na comunidade em que residem e essas chamadas autoridades promotoras de tudo isso, s\u00e3o homens honestos e trabalhadores!<\/p>\n<p>Eduardo Afonso \u2013 (73) 8844-9147 \u2013 Ilh\u00e9us-Bahia<\/p>\n","protected":false},"excerpt":{"rendered":"<p>Ilh\u00e9us est\u00e1 vivendo o fim da picada! A nossa cidade bonita por natureza e que por esse motivo recebe diariamente in\u00fameros turistas, atualmente se constituiu a \u00fanica cidade do mundo que quem atende aos nossos ilustres visitantes no per\u00edodo de feriado prolongado \u00e9 um \u201cBUSTER BARRO\u201d, conforme mostramos nessa reportagem! Visitem a central de turismo [&hellip;]<\/p>\n","protected":false},"author":2,"featured_media":0,"comment_status":"open","ping_status":"open","sticky":false,"template":"","format":"standard","meta":{"_links_to":"","_links_to_target":""},"categories":[10],"tags":[],"_links":{"self":[{"href":"https:\/\/www.r2cpress.com.br\/v1\/wp-json\/wp\/v2\/posts\/52923"}],"collection":[{"href":"https:\/\/www.r2cpress.com.br\/v1\/wp-json\/wp\/v2\/posts"}],"about":[{"href":"https:\/\/www.r2cpress.com.br\/v1\/wp-json\/wp\/v2\/types\/post"}],"author":[{"embeddable":true,"href":"https:\/\/www.r2cpress.com.br\/v1\/wp-json\/wp\/v2\/users\/2"}],"replies":[{"embeddable":true,"href":"https:\/\/www.r2cpress.com.br\/v1\/wp-json\/wp\/v2\/comments?post=52923"}],"version-history":[{"count":4,"href":"https:\/\/www.r2cpress.com.br\/v1\/wp-json\/wp\/v2\/posts\/52923\/revisions"}],"predecessor-version":[{"id":52928,"href":"https:\/\/www.r2cpress.com.br\/v1\/wp-json\/wp\/v2\/posts\/52923\/revisions\/52928"}],"wp:attachment":[{"href":"https:\/\/www.r2cpress.com.br\/v1\/wp-json\/wp\/v2\/media?parent=52923"}],"wp:term":[{"taxonomy":"category","embeddable":true,"href":"https:\/\/www.r2cpress.com.br\/v1\/wp-json\/wp\/v2\/categories?post=52923"},{"taxonomy":"post_tag","embeddable":true,"href":"https:\/\/www.r2cpress.com.br\/v1\/wp-json\/wp\/v2\/tags?post=52923"}],"curies":[{"name":"wp","href":"https:\/\/api.w.org\/{rel}","templated":true}]}}