{"id":52934,"date":"2012-11-03T12:00:09","date_gmt":"2012-11-03T15:00:09","guid":{"rendered":"http:\/\/www.r2cpress.com.br\/v1\/?p=52934"},"modified":"2012-11-03T12:00:09","modified_gmt":"2012-11-03T15:00:09","slug":"transporte-urbano-urgente","status":"publish","type":"post","link":"https:\/\/www.r2cpress.com.br\/v1\/2012\/11\/03\/transporte-urbano-urgente\/","title":{"rendered":"Transporte Urbano URGENTE"},"content":{"rendered":"<p>Sou Ilheense, funcion\u00e1rio p\u00fablico estadual, morador do condom\u00ednio Nova Esperan\u00e7a, e trago a V. Sa. o conhecimento do fato que se d\u00e1 desde ontem em nosso condom\u00ednio. Fato este que consiste no desrespeito aos moradores por parte das empresas de transporte p\u00fablico municipal, na pessoa de seus motoristas, cobradores e funcion\u00e1rios. Desde ontem, dia 02\/11, feriado, diga-se de passagem, os \u00f4nibus simplemente n\u00e3o sobem mais o condominio para o trasporte de passageiros. Fato que n\u00e3o \u00e9 novo para os moradores, pois a cerca de 2 anos j\u00e1 passamos pela tragica experi\u00eancia de passarmos quase 6 meses sem esse servi\u00e7o, essencial diga-se, pois temos muito idosos moradores que se utilizam desse transporte. Ao ligarmos para as referidas empresas, nos deparamos com &#8220;profissionais&#8221; desrespeitosos, que dizem que pelo fato das condi\u00e7\u00f5es da ladeira n\u00e3o estarem ideais, n\u00e3o transitar\u00e3o pois pode &#8220;cortar um pneu e \u00e9 prejuizo para a empresa. Reclamem para a prefeitura&#8221; dizem es tes. Ao serem indagados quanto ao preju\u00edzo aos cidad\u00e3os dizem &#8220;a\u00ed n\u00e3o \u00e9 com agente, falem com a prefeitura&#8221;. Esse desrespeito acontece a anos, com o fato de motoristas das empresas n\u00e3o gostarem de subir o condominio, de sempre pergutarem se h\u00e1 moradores se n\u00e3o n\u00e3o sobem, pelo fato de atrasarem o hor\u00e1rio do \u00f4nibus para ficarem de conversa e tomando cafezinho, pelo fato de passarem pelo terminal urbano sem para porque est\u00e3o atrasados demais, pelo fato de &#8220;esquecerem&#8221; que tem obriga\u00e7\u00e3o de subir a ladeira, tendo de dar marcha r\u00e9 no \u00f4nibus para subir quando os moradores reclamam, pelo fato de moradores terem de ouvir de cobrador(as) que se pudessem &#8220;n\u00e3o subiriam estes &#8216;morro'&#8221;. S\u00e3o desrespeitos como estes que n\u00f3s cidad\u00e3os ilheenses pedimos um basta! Merecemos respeito e queremos ter um transporte digno, de qualidade, pois n\u00e3o \u00e9 justo termos uma das tarifas mais caras do brasil e um dos servi\u00e7os mais defict\u00e1rios. Lembro-vos ainda que se o fato se d\u00e1 pela l adeira esta sendo transitada em meia pista, ent\u00e3o paremos todos os \u00f4nibus na garagem, pois toda a cidade passa por obras e as principais vias est\u00e3o sendo trafegadas em meia pista.<\/p>\n<p>Respeitosamente,<\/p>\n<p>Matheus Gouveia<br \/>\nCidad\u00e3o Ilheense!<\/p>\n","protected":false},"excerpt":{"rendered":"<p>Sou Ilheense, funcion\u00e1rio p\u00fablico estadual, morador do condom\u00ednio Nova Esperan\u00e7a, e trago a V. Sa. o conhecimento do fato que se d\u00e1 desde ontem em nosso condom\u00ednio. Fato este que consiste no desrespeito aos moradores por parte das empresas de transporte p\u00fablico municipal, na pessoa de seus motoristas, cobradores e funcion\u00e1rios. Desde ontem, dia 02\/11, [&hellip;]<\/p>\n","protected":false},"author":2,"featured_media":0,"comment_status":"open","ping_status":"open","sticky":false,"template":"","format":"standard","meta":{"_links_to":"","_links_to_target":""},"categories":[10],"tags":[],"_links":{"self":[{"href":"https:\/\/www.r2cpress.com.br\/v1\/wp-json\/wp\/v2\/posts\/52934"}],"collection":[{"href":"https:\/\/www.r2cpress.com.br\/v1\/wp-json\/wp\/v2\/posts"}],"about":[{"href":"https:\/\/www.r2cpress.com.br\/v1\/wp-json\/wp\/v2\/types\/post"}],"author":[{"embeddable":true,"href":"https:\/\/www.r2cpress.com.br\/v1\/wp-json\/wp\/v2\/users\/2"}],"replies":[{"embeddable":true,"href":"https:\/\/www.r2cpress.com.br\/v1\/wp-json\/wp\/v2\/comments?post=52934"}],"version-history":[{"count":2,"href":"https:\/\/www.r2cpress.com.br\/v1\/wp-json\/wp\/v2\/posts\/52934\/revisions"}],"predecessor-version":[{"id":52936,"href":"https:\/\/www.r2cpress.com.br\/v1\/wp-json\/wp\/v2\/posts\/52934\/revisions\/52936"}],"wp:attachment":[{"href":"https:\/\/www.r2cpress.com.br\/v1\/wp-json\/wp\/v2\/media?parent=52934"}],"wp:term":[{"taxonomy":"category","embeddable":true,"href":"https:\/\/www.r2cpress.com.br\/v1\/wp-json\/wp\/v2\/categories?post=52934"},{"taxonomy":"post_tag","embeddable":true,"href":"https:\/\/www.r2cpress.com.br\/v1\/wp-json\/wp\/v2\/tags?post=52934"}],"curies":[{"name":"wp","href":"https:\/\/api.w.org\/{rel}","templated":true}]}}