{"id":53048,"date":"2012-11-06T12:36:27","date_gmt":"2012-11-06T15:36:27","guid":{"rendered":"http:\/\/www.r2cpress.com.br\/v1\/?p=53048"},"modified":"2012-11-06T12:36:27","modified_gmt":"2012-11-06T15:36:27","slug":"aquapescabrasil-e-oportunidade-para-alavancar-negocios","status":"publish","type":"post","link":"https:\/\/www.r2cpress.com.br\/v1\/2012\/11\/06\/aquapescabrasil-e-oportunidade-para-alavancar-negocios\/","title":{"rendered":"AQUAPESCABRASIL \u00c9 OPORTUNIDADE  PARA ALAVANCAR NEG\u00d3CIOS"},"content":{"rendered":"<p>Maior evento do setor realizado no Pa\u00eds, a Aquapescabrasil 2012 \u2013 Feira Internacional de Pesca e Aquicultura, que ser\u00e1 aberta nesta quarta-feira (dia 7), \u00e0s 14hs no Centro de Conven\u00e7\u00f5es, acontece pela primeira vez na Bahia e reunir\u00e1 75 estandes, de empresas e institui\u00e7\u00f5es com novidades tecnol\u00f3gicas e equipamentos. Apesar da abertura para visita\u00e7\u00e3o ser \u00e0s 14hs, a solenidade oficial de abertura do evento acontece \u00e0s 17:30hs, em ato que contar\u00e1 com a presen\u00e7a do governador Jaques Wagner e do ministro da Pesca, Marcelo Crivella.<\/p>\n<p>Para a Bahia, a realiza\u00e7\u00e3o da Aquapescabrasil , que vai de quarta-feira (7) a sexta-feira (9), \u00e9 uma grande oportunidade de alavancagem de\u00a0neg\u00f3cios na \u00e1rea de pescado, segmento que tem grande potencial ainda inexplorado no Estado, que, embora possua a maior extens\u00e3o do litoral Brasil, com cerca de 1.200 quil\u00f4metros (dos 7.408 quil\u00f4metros de todo o Pa\u00eds), fica em terceiro lugar na produ\u00e7\u00e3o do setor, com 115 mil toneladas de pescado por ano.<\/p>\n<p>Uma das principais atra\u00e7\u00f5es ser\u00e1 a cozinha-show, que ter\u00e1 chefes preparando pratos especiais \u00e0 base de pescado, especialmente de til\u00e1pias, durante todo o evento, contribuindo para divulgar as op\u00e7\u00f5es gastron\u00f4micas envolvendo peixes e seus derivados.\u00a0 Al\u00e9m das novidades culin\u00e1rias, o visitante da Aquapescabrasil 2012 encontrar\u00e1 representantes das principais empresas dos setores de pesca e aq\u00fcicultura do Brasil e de outros pa\u00edses, a exemplo do Chile, que ter\u00e1 20 representantes participando do evento.<\/p>\n<p><!--more--><\/p>\n<p>Nas duas edi\u00e7\u00f5es anteriores, a Aquapescabrasil recebeu 11 mil visitantes de 19 pa\u00edses e proporcionou um volume de neg\u00f3cios realizados de R$ 25 milh\u00f5es. A expectativa de Isaac Albagli, presidente da Bahia Pesca (empresa vinculada \u00e0 Secretaria Estadual de Agricultura, Irriga\u00e7\u00e3o e Reforma Agr\u00e1ria), \u00e9 que os n\u00fameros de participantes e do volume de neg\u00f3cios sejam superados nesta edi\u00e7\u00e3o baiana. Ele observa que o governo estadual tem feito um grande esfor\u00e7o para aumentar a capacidade produtiva baiana, exemplificando com a recente constru\u00e7\u00e3o de dois terminais pesqueiros, em Ilh\u00e9us e Salvador, com um investimento de R$ 18 milh\u00f5es, e de um terceiro equipamento do mesmo porte, em Alcoba\u00e7a (extremo sul do estado).<\/p>\n<p>A Aquapesca Brasil \u00e9 promovida pelo Sindicato dos Armadores e das Ind\u00fastrias da Pesca de Itaja\u00ed e Regi\u00e3o (Sindipi), de Santa Catarina e, na edi\u00e7\u00e3o deste ano, conta com a parceria da Seagri e Bahia Pesca. O evento\u00a0\u00e9 um espa\u00e7o de exposi\u00e7\u00e3o e venda de produtos, gerando oportunidades de neg\u00f3cios. Al\u00e9m de apresentar os rumos e tend\u00eancias do setor, reunir e promover a integra\u00e7\u00e3o dos diferentes segmentos profissionais relacionados \u00e0 ind\u00fastria da pesca e aquicultura.<\/p>\n<p><strong>SIMP\u00d3SIO<\/strong><\/p>\n<p>Em paralelo \u00e0 exposi\u00e7\u00e3o de m\u00e1quinas e equipamentos, ser\u00e1 realizado o III Simp\u00f3sio Internacional de Aquicultura e Pesca (SIAP), que, em debates e mesas redondas discutir\u00e1 quest\u00f5es como sustentabilidade, com\u00e9rcio de peixe, novas tecnologias de aquicultura, linhas de financiamento, produtos e servi\u00e7os, etc. Al\u00e9m das palestras e confer\u00eancias nacionais e internacionais, o encontro conta ainda com workshops gastron\u00f4micos e apresenta\u00e7\u00e3o de trabalhos t\u00e9cnico-cient\u00edficos sobre pesca artesanal, pesca industrial, aquicultura de \u00e1gua doce, maricultura e tecnologia do pescado.<\/p>\n<p>Ascom 71-3116-7149<\/p>\n","protected":false},"excerpt":{"rendered":"<p>Maior evento do setor realizado no Pa\u00eds, a Aquapescabrasil 2012 \u2013 Feira Internacional de Pesca e Aquicultura, que ser\u00e1 aberta nesta quarta-feira (dia 7), \u00e0s 14hs no Centro de Conven\u00e7\u00f5es, acontece pela primeira vez na Bahia e reunir\u00e1 75 estandes, de empresas e institui\u00e7\u00f5es com novidades tecnol\u00f3gicas e equipamentos. Apesar da abertura para visita\u00e7\u00e3o ser [&hellip;]<\/p>\n","protected":false},"author":2,"featured_media":0,"comment_status":"open","ping_status":"open","sticky":false,"template":"","format":"standard","meta":{"_links_to":"","_links_to_target":""},"categories":[29],"tags":[],"_links":{"self":[{"href":"https:\/\/www.r2cpress.com.br\/v1\/wp-json\/wp\/v2\/posts\/53048"}],"collection":[{"href":"https:\/\/www.r2cpress.com.br\/v1\/wp-json\/wp\/v2\/posts"}],"about":[{"href":"https:\/\/www.r2cpress.com.br\/v1\/wp-json\/wp\/v2\/types\/post"}],"author":[{"embeddable":true,"href":"https:\/\/www.r2cpress.com.br\/v1\/wp-json\/wp\/v2\/users\/2"}],"replies":[{"embeddable":true,"href":"https:\/\/www.r2cpress.com.br\/v1\/wp-json\/wp\/v2\/comments?post=53048"}],"version-history":[{"count":2,"href":"https:\/\/www.r2cpress.com.br\/v1\/wp-json\/wp\/v2\/posts\/53048\/revisions"}],"predecessor-version":[{"id":53050,"href":"https:\/\/www.r2cpress.com.br\/v1\/wp-json\/wp\/v2\/posts\/53048\/revisions\/53050"}],"wp:attachment":[{"href":"https:\/\/www.r2cpress.com.br\/v1\/wp-json\/wp\/v2\/media?parent=53048"}],"wp:term":[{"taxonomy":"category","embeddable":true,"href":"https:\/\/www.r2cpress.com.br\/v1\/wp-json\/wp\/v2\/categories?post=53048"},{"taxonomy":"post_tag","embeddable":true,"href":"https:\/\/www.r2cpress.com.br\/v1\/wp-json\/wp\/v2\/tags?post=53048"}],"curies":[{"name":"wp","href":"https:\/\/api.w.org\/{rel}","templated":true}]}}