{"id":53108,"date":"2012-11-06T23:24:47","date_gmt":"2012-11-07T02:24:47","guid":{"rendered":"http:\/\/www.r2cpress.com.br\/v1\/?p=53108"},"modified":"2012-11-06T23:24:47","modified_gmt":"2012-11-07T02:24:47","slug":"diocese-de-ilheus-3","status":"publish","type":"post","link":"https:\/\/www.r2cpress.com.br\/v1\/2012\/11\/06\/diocese-de-ilheus-3\/","title":{"rendered":"DIOCESE DE ILH\u00c9US"},"content":{"rendered":"<div id=\"attachment_53109\" style=\"width: 514px\" class=\"wp-caption aligncenter\"><a href=\"http:\/\/www.r2cpress.com.br\/v1\/wp-content\/uploads\/CAPA-17-F.jpg\"><img aria-describedby=\"caption-attachment-53109\" loading=\"lazy\" class=\"size-full wp-image-53109\" title=\"CAPA 17 F\" src=\"http:\/\/www.r2cpress.com.br\/v1\/wp-content\/uploads\/CAPA-17-F.jpg\" alt=\"\" width=\"504\" height=\"504\" srcset=\"https:\/\/www.r2cpress.com.br\/v1\/wp-content\/uploads\/CAPA-17-F.jpg 504w, https:\/\/www.r2cpress.com.br\/v1\/wp-content\/uploads\/CAPA-17-F-150x150.jpg 150w, https:\/\/www.r2cpress.com.br\/v1\/wp-content\/uploads\/CAPA-17-F-300x300.jpg 300w\" sizes=\"(max-width: 504px) 100vw, 504px\" \/><\/a><p id=\"caption-attachment-53109\" class=\"wp-caption-text\">DIOCESE DE ILH\u00c9US<\/p><\/div>\n<p style=\"text-align: center;\">PROGRAMA\u00c7\u00c3O DA ABERTURA DO CENTEN\u00c1RIO<br \/>\nBREVE RESUMO DA SEMANA MISSION\u00c1RIA NA PAR\u00d3QUIA SANTA RITA DE C\u00c1SSIA \u2013 DIOCESE DE ILH\u00c9US &#8211; DE 28\/10 \u00c0 04\/11\/2012<\/p>\n<p><!--more--><\/p>\n<p>****<\/p>\n<p><strong>PROGRAMA\u00c7\u00c3O DA ABERTURA DO CENTEN\u00c1RIO<\/strong><\/p>\n<p>\u2022 8\/11\/ 2012 \u2013 5\u00aa feira<br \/>\nInaugura\u00e7\u00e3o da exposi\u00e7\u00e3o fotogr\u00e1fica sobre a diocese.<br \/>\nHor\u00e1rio: 18 horas.<br \/>\nLocal: sal\u00e3o da igreja S\u00e3o Jorge<\/p>\n<p>\u2022 10\/11\/ 2012 &#8211; s\u00e1bado<br \/>\n20 horas: show musical com os artistas locais na Pra\u00e7a D. Eduardo (em frente \u00e0 Catedral)<\/p>\n<p>\u2022 11\/11\/ 2012 \u2013 domingo<br \/>\n9 horas: Celebra\u00e7\u00e3o Eucar\u00edstica<br \/>\nLocal: Catedral diocesana<\/p>\n<p>&#8212;&#8212;&#8212;&#8212;&#8212;&#8212;&#8212;&#8212;&#8212;&#8212;&#8212;&#8212;&#8212;&#8212;&#8212;&#8212;&#8212;&#8212;&#8212;&#8212;&#8212;&#8212;&#8212;&#8212;&#8212;&#8212;&#8212;<\/p>\n<p><strong>BREVE RESUMO DA SEMANA MISSION\u00c1RIA NA PAR\u00d3QUIA SANTA RITA DE C\u00c1SSIA \u2013 DIOCESE DE ILH\u00c9US &#8211; DE 28\/10 \u00c0 04\/11\/2012<\/strong><\/p>\n<p>Aconteceu do dia 28 de outubro \u00e0 04 de novembro de 2012, a Semana Mission\u00e1ria na Par\u00f3quia Santa Rita de C\u00e1ssia, Zonal Centro Sul na Diocese de Ilh\u00e9us. No domingo dia 28, foi celebrada pelo nosso P\u00e1roco o Padre Evandro, a Missa de Envio. Do dia 29 \u00e0 31 de outubro, tivemos v\u00e1rios momentos para que bastante incrementada este per\u00edodo onde podemos destacar dois: O primeiro foi que os jovens dos Grupos: \u00c1GAPE, ENEUC e ANGELUS da nossa Par\u00f3quia ficaram encarregado de ministrar louvores a Deus nas Pra\u00e7as localizadas em nossa Par\u00f3quia, que eles assim fizeram at\u00e9 o pen\u00faltimo dia no s\u00e1bado dia 03 de novembro e o segundo foi que os Fi\u00e9is fizeram encontros nas ruas: Dia 29\/10 tivemos a Hora do ter\u00e7o; Dia 30\/10 foi a vez da Celebra\u00e7\u00e3o da Palavra e no dia 31\/10 o Of\u00edcio de Nossa Senhora.<br \/>\nJ\u00e1 no dia 01\/11, tivemos em nossa Par\u00f3quia a presen\u00e7a da Imagem do Bom Jesus da Lapa, trazida pelo Padre Vilmar, foi um dos grandes de F\u00e9, alegria e devo\u00e7\u00e3o. O encontro foi marcado para a Comunidade S\u00e3o Jos\u00e9 onde foi feita uma celebra\u00e7\u00e3o ao ar livre, ali durante a Celebra\u00e7\u00e3o muitos romeiros relembraram os momentos que tiveram no Santu\u00e1rio do Bom Jesus na Lapa. Ap\u00f3s a Celebra\u00e7\u00e3o partimos em prociss\u00e3o para a Igreja Matriz Santa Rita de C\u00e1ssia na Conquista, onde tivemos um r\u00e1pido momento de louvor e agradecimento a Deus . A Imagem do Bom Jesus permaneceu na Par\u00f3quia, at\u00e9 o domingo dia 04\/11.<br \/>\nNo dia de Finados tivemos 03 celebra\u00e7\u00f5es: \u00e0s 07h00 na Igreja Matriz; \u00e0s 09h00 na Comunidade S\u00e3o Jos\u00e9 e \u00e0s 19h00 na Comunidade Santo Ant\u00f4nio de Santana Galv\u00e3o, Para podermos relembrar aquelas que j\u00e1 n\u00e3o se encontram mais em nosso meio, porem encontram-se em nosso cora\u00e7\u00e3o.<br \/>\nNo s\u00e1bado dia 03\/11, tivemos a Ben\u00e7\u00e3o dos doentes no Abrigo S\u00e3o Vicente pela tardee a noite, aconteceu a Celebra\u00e7\u00e3o e a Prociss\u00e3o da Luz, logo em seguida os Jovens fizeram uma confraterniza\u00e7\u00e3o com as fam\u00edlias, onde tamb\u00e9m fizeram uma interpreta\u00e7\u00e3o.<br \/>\nNo dia 04\/11 com a presen\u00e7a do Bispo Diocesano, Dom mauro Montagnoli, tivemos a Celebra\u00e7\u00e3o de Encerramento da Semana Mission\u00e1ria, em seguida fizemos uma Caminhada at\u00e9 o Hospital Regional, onde tivemos a Ben\u00e7\u00e3o do Bom Jesus e nos despedimos da nossa Semana Mission\u00e1ria, a partir de agora as nossas aten\u00e7\u00f5es estar\u00e3o voltadas para o Ano do Centen\u00e1rio da nossa Diocese.<\/p>\n<p>&#8212;&#8212;&#8212;&#8212;&#8212;&#8212;&#8212;&#8212;&#8212;&#8212;&#8212;&#8212;&#8212;&#8212;&#8212;&#8212;&#8212;&#8212;&#8212;&#8212;&#8212;&#8212;&#8212;&#8212;&#8212;&#8212;&#8212;&#8212;&#8212;&#8212;&#8212;-<\/p>\n<p align=\"center\"><strong>O CENTEN\u00c1RIO DA DIOCESE<\/strong><\/p>\n<p><strong>\u00a0<\/strong><\/p>\n<p>No dia 11 de novembro de 2012 faremos a abertura do centen\u00e1rio da cria\u00e7\u00e3o da diocese de Ilh\u00e9us. Pela bula Majus animarum bonum do dia 20 de outubro de 1913, o papa S\u00e3o Pio X criou as dioceses de Barra, Caetit\u00e9 e Ilh\u00e9us, desmembrando o territ\u00f3rio da diocese de S\u00e3o Salvador da Bahia.<\/p>\n<p>Cem anos evoca o jubileu. A concep\u00e7\u00e3o do jubileu brotou da pr\u00e1tica do descanso sab\u00e1tico que deu origem ao ano sab\u00e1tico, como\u00a0 a temos atestada em Lev\u00edtico 25,8-12: <em>\u201cContar\u00e1s sete semanas de anos, sete vezes sete anos,isto \u00e9, o tempo de \u00a0sete semanas de anos, quarenta e nove anos. No s\u00e9timo m\u00eas, no d\u00e9cimo dia do m\u00eas, far\u00e1s ressoar o toque da trombeta; &#8230; Declarareis santo o quinquag\u00e9simo ano e proclamareis a liberta\u00e7\u00e3o de todos os moradores da terra. O quinquag\u00e9simo ano ser\u00e1 para v\u00f3s um ano jubilar&#8230; O jubileu ser\u00e1 para v\u00f3s coisa santa&#8230;\u201d <\/em><\/p>\n<p><strong>1. Um pouco de hist\u00f3ria\u00a0 <\/strong><\/p>\n<p>No ano de 587\/6 a.C. o rei da Babil\u00f4nia Nabucodonosor tomou a cidade de Jerusal\u00e9m, destruindo pal\u00e1cio, templo, casas e muros (cf. 2 Rs 24-25). Muitas pessoas foram mortas, outras tantas foram deportadas e muita gente do povo simples, \u201cos mais pobres da terra\u201d, acabaram ficando na terra. Uma pot\u00eancia estrangeira provocou uma interfer\u00eancia profunda nas rela\u00e7\u00f5es sociais. A cidade est\u00e1 destru\u00edda, o templo, demolido, o pa\u00eds, arrasado, e a estrutura de governo est\u00e1 desmantelada.<\/p>\n<p>O <em>ex\u00edlio <\/em>\u00e9 um tempo de <em>sofrimento e esperan\u00e7as<\/em>.<\/p>\n<p>Cinquenta anos depois, no ano 538 a.C., com o \u201cdecreto de Ciro\u201d, imperador persa, o povo judeu \u00e9 autorizado a\u00a0 retornar para sua terra, a Palestina, e l\u00e1 come\u00e7ar a reorganizar a sua vida. \u00c9 o per\u00edodo de <em>restaura\u00e7\u00e3o <\/em>da vida do povo de Deus. Recome\u00e7a, na terra de Israel, um <em>tempo de reencontro, <\/em>marcado por uma s\u00e9rie de <em>desencontros e conflitos. <\/em><\/p>\n<p><em>\u00a0\u00a0\u00a0\u00a0\u00a0\u00a0\u00a0\u00a0 <\/em><\/p>\n<p><strong>2. O ano do Jubileu (Lv 25<\/strong><em>)\u00a0 <\/em><\/p>\n<p><strong>\u00a0\u00a0\u00a0\u00a0\u00a0\u00a0\u00a0\u00a0 <\/strong>O<strong> <\/strong>nome<strong> <\/strong><em>Jubileu <\/em>prov\u00e9m da palavra hebraica <em>yobel, <\/em>que significa \u201cchifre de carneiro\u201d, uma esp\u00e9cie de instrumento de sopro. Trata-se uma esp\u00e9cie de \u201cberrante\u201d, que servia para anunciar um chamado ou um julgamento de Deus (cf. Ex 19,13<em>). <\/em>O <em>ano do yobel <\/em>\u00e9 o ano que come\u00e7a pelo toque do <em>chifre. <\/em>Da\u00ed o nome <em>jubileu<\/em>.<\/p>\n<p>Este texto de Lev\u00edtico 25 prop\u00f5e basicamente a realiza\u00e7\u00e3o de tr\u00eas a\u00e7\u00f5es concretas essenciais no ano do Jubileu: <em>1. descanso da terra <\/em>(Lv 25,1-7); <em>2. reintegra\u00e7\u00e3o de posse da terra <\/em>(Lv 25,8-34); <em>3. liberta\u00e7\u00e3o ou resgate de escravos <\/em>(Lv 25,39-55).<\/p>\n<p>A aplica\u00e7\u00e3o concreta do jubileu \u00e9 uma p<em>roposta libertadora. <\/em>\u00a0A terra precisa de descanso; n\u00e3o pode ser usada at\u00e9 \u00e0 sua exaust\u00e3o. Ela \u00e9 propriedade de Deus. Deus \u00e9 o doador \u00faltimo da terra. Por isso, ela ter\u00e1 sempre um car\u00e1ter de <em>terra de trabalho <\/em>e n\u00e3o dever\u00e1 ser um objeto de especula\u00e7\u00e3o imobili\u00e1ria. Dever\u00e1 se extinta toda escravid\u00e3o. A proposta do Jubileu traz intrinsecamente uma profunda dimens\u00e3o ut\u00f3pica e transformadora.<\/p>\n<p>O jubileu \u00e9 o tempo de <em>\u201cproclamar liberta\u00e7\u00e3o\u201d, <\/em>termo t\u00e9cnico para designar a liberta\u00e7\u00e3o e\/ou alforria de escravos e escravas. Podemos incluir aqui tamb\u00e9m a realidade de presos de guerras e de lutas, que anseiam por liberta\u00e7\u00e3o. O jubileu tamb\u00e9m faz refer\u00eancia ao \u201c<em>ano aceit\u00e1vel ao Senhor<\/em>\u201d<em>, <\/em>em que se d\u00e1 a <em>remiss\u00e3o de d\u00edvidas, <\/em>um ano em que as rela\u00e7\u00f5es sociais precarizadas poder\u00e3o novamente ser restabelecidas.<\/p>\n<p><strong>3. Perspectivas <\/strong><\/p>\n<p><strong>\u00a0\u00a0\u00a0\u00a0\u00a0\u00a0\u00a0\u00a0 <\/strong>Nos cinquenta anos de sofrimentos e esperan\u00e7as do ex\u00edlio na Babil\u00f4nia, a palavra de Deus, por for\u00e7a do seu Santo Esp\u00edrito, impulsionou um povo desterrado para um futuro a ser aberto pelo pr\u00f3prio Deus.<\/p>\n<p>Os sonhos e as ansiedades dos exilados que retornam \u00e0 terra natal levaram \u00e0 formula\u00e7\u00e3o da proposta de um amplo <em>jubileu<\/em>. O reencontro com a terra e com as pessoas que l\u00e1 viviam naquela \u00e9poca e cultivavam estas terras mostrou os problemas e as dificuldades dessa proposta. Mas permaneceu a sua for\u00e7a ut\u00f3pica, como reserva de sentido tamb\u00e9m e sobretudo para n\u00f3s.Temos nossos problemas e dificuldades para por em pr\u00e1tica essa proposta do jubileu b\u00edblico.<\/p>\n<p><strong>2013<\/strong>. Celebramos o <strong>Jubileu dos Cem Anos<\/strong> da cria\u00e7\u00e3o da nossa Diocese de Ilh\u00e9us. O jubileu deve ser, para todos n\u00f3s, tempo de profunda reflex\u00e3o e ao mesmo de tomada de consci\u00eancia da nossa miss\u00e3o comum de fazer acontecer a proposta de Jesus: a evangeliza\u00e7\u00e3o dos pobres, a liberta\u00e7\u00e3o dos cativos e a recupera\u00e7\u00e3o da vista aos cegos (cf. Lc 4,18). Temos a responsabilidade de tornar presente a utopia do jubileu.<\/p>\n<p>Iluminados e animados pelo lema do centen\u00e1rio, <strong><em>\u201cO que vimos e ouvimos n\u00f3s anunciamos\u201d <\/em><\/strong>(cf. 1Jo 1,3) pedimos que o Esp\u00edrito Santo nos sustente, e a intercess\u00e3o de Nossa Senhora das Vit\u00f3rias e de S\u00e3o Jorge m\u00e1rtir, nosso padroeiro, alcancem-nos as gra\u00e7as que precisamos para sermos f\u00e9is no seguimento de Jesus Cristo, nosso Salvador e Libertador.<\/p>\n<p>&nbsp;<\/p>\n<p style=\"text-align: center;\"><strong><em>Dom Mauro Montagnoli CSS<\/em><\/strong><\/p>\n<p style=\"text-align: center;\"><strong><em>Bispo diocesano de Ilh\u00e9us<\/em><\/strong><\/p>\n<p style=\"text-align: center;\">\n<p style=\"text-align: center;\">\n","protected":false},"excerpt":{"rendered":"<p>PROGRAMA\u00c7\u00c3O DA ABERTURA DO CENTEN\u00c1RIO BREVE RESUMO DA SEMANA MISSION\u00c1RIA NA PAR\u00d3QUIA SANTA RITA DE C\u00c1SSIA \u2013 DIOCESE DE ILH\u00c9US &#8211; DE 28\/10 \u00c0 04\/11\/2012<\/p>\n","protected":false},"author":2,"featured_media":0,"comment_status":"open","ping_status":"open","sticky":false,"template":"","format":"standard","meta":{"_links_to":"","_links_to_target":""},"categories":[14],"tags":[],"_links":{"self":[{"href":"https:\/\/www.r2cpress.com.br\/v1\/wp-json\/wp\/v2\/posts\/53108"}],"collection":[{"href":"https:\/\/www.r2cpress.com.br\/v1\/wp-json\/wp\/v2\/posts"}],"about":[{"href":"https:\/\/www.r2cpress.com.br\/v1\/wp-json\/wp\/v2\/types\/post"}],"author":[{"embeddable":true,"href":"https:\/\/www.r2cpress.com.br\/v1\/wp-json\/wp\/v2\/users\/2"}],"replies":[{"embeddable":true,"href":"https:\/\/www.r2cpress.com.br\/v1\/wp-json\/wp\/v2\/comments?post=53108"}],"version-history":[{"count":3,"href":"https:\/\/www.r2cpress.com.br\/v1\/wp-json\/wp\/v2\/posts\/53108\/revisions"}],"predecessor-version":[{"id":53112,"href":"https:\/\/www.r2cpress.com.br\/v1\/wp-json\/wp\/v2\/posts\/53108\/revisions\/53112"}],"wp:attachment":[{"href":"https:\/\/www.r2cpress.com.br\/v1\/wp-json\/wp\/v2\/media?parent=53108"}],"wp:term":[{"taxonomy":"category","embeddable":true,"href":"https:\/\/www.r2cpress.com.br\/v1\/wp-json\/wp\/v2\/categories?post=53108"},{"taxonomy":"post_tag","embeddable":true,"href":"https:\/\/www.r2cpress.com.br\/v1\/wp-json\/wp\/v2\/tags?post=53108"}],"curies":[{"name":"wp","href":"https:\/\/api.w.org\/{rel}","templated":true}]}}