{"id":53134,"date":"2012-11-07T12:36:34","date_gmt":"2012-11-07T15:36:34","guid":{"rendered":"http:\/\/www.r2cpress.com.br\/v1\/?p=53134"},"modified":"2012-11-07T12:36:34","modified_gmt":"2012-11-07T15:36:34","slug":"precisamos-fortalecer-nossas-instituicoes","status":"publish","type":"post","link":"https:\/\/www.r2cpress.com.br\/v1\/2012\/11\/07\/precisamos-fortalecer-nossas-instituicoes\/","title":{"rendered":"PRECISAMOS FORTALECER NOSSAS INSTITUI\u00c7\u00d5ES"},"content":{"rendered":"<p><div id=\"attachment_53135\" style=\"width: 183px\" class=\"wp-caption alignleft\"><a href=\"http:\/\/www.r2cpress.com.br\/v1\/wp-content\/uploads\/GCM-NASCIMENTO2.jpg\"><img aria-describedby=\"caption-attachment-53135\" loading=\"lazy\" src=\"http:\/\/www.r2cpress.com.br\/v1\/wp-content\/uploads\/GCM-NASCIMENTO2.jpg\" alt=\"\" title=\"GCM NASCIMENTO\" width=\"173\" height=\"200\" class=\"size-full wp-image-53135\" \/><\/a><p id=\"caption-attachment-53135\" class=\"wp-caption-text\">GCM NASCIMENTO<\/p><\/div>A cidade de Ilh\u00e9us atualmente vive umas das maiores crises de sua hist\u00f3ria. Podemos dizer que uma crise generalizada. Crise pol\u00edtica, crise econ\u00f4mica, crise social, crise de lideran\u00e7as, etc. Entretanto para mim, a pior crise em que vivemos nos \u00faltimos tempos \u00e9 a crise de nossas institui\u00e7\u00f5es. Retrato de uma cidade onde a moral e a \u00e9tica est\u00e3o \u201cjogadas ao lixo\u201d. Corrup\u00e7\u00e3o na Prefeitura, corrup\u00e7\u00e3o na C\u00e2mara de Vereadores, corrup\u00e7\u00e3o nas Associa\u00e7\u00f5es, corrup\u00e7\u00e3o nos Sindicatos, etc. <\/p>\n<p>Ao tomar como ponto de partida a crise que toma conta de nossas institui\u00e7\u00f5es, inicio a minha reflex\u00e3o por \u201cdentro de casa\u201d, ou seja, pela Guarda Civil Municipal de Ilh\u00e9us. O estopim desta crise sem precedentes e de conseq\u00fc\u00eancias enormes, em um futuro pr\u00f3ximo, para os seus representantes, se inicia quando uma decis\u00e3o judicial destituiu toda a diretoria do SINSEPI \u2013 Sindicato dos Servidores P\u00fablicos de Ilh\u00e9us, determinando a inelegibilidade dos atuais diretores e estipula prazo de 30 (trinta) dias para convoca\u00e7\u00e3o de novas elei\u00e7\u00f5es. O Sindicato tem em seu presidente uma refer\u00eancia na luta e conquistas para os servidores. No tocante a GCMI \u2013 Guarda Civil Municipal de Ilh\u00e9us, liderou de forma brilhante conquistas como: a unifica\u00e7\u00e3o da escala, o aumento no Vale Alimenta\u00e7\u00e3o e a hist\u00f3rica Batalha da Regulamenta\u00e7\u00e3o. Muitos servidores indagam: \u201co que seria do SINDGUARDAS-BAHIA sem o SINSEPI na cidade de Ilh\u00e9us?\u201d. Entretanto entendo que, o principal problema em nossas institui\u00e7\u00f5es n\u00e3o \u00e9 apenas \u00e9tico, mas tamb\u00e9m estrutural. As institui\u00e7\u00f5es precisam refletir sobre diversos assuntos como: a qualidade de vida do trabalhador, a sa\u00fade, o lazer, a qualifica\u00e7\u00e3o profissional, as condi\u00e7\u00f5es de trabalho e acima de tudo sobre a transpar\u00eancia com a coisa p\u00fablica. <\/p>\n<p>Hoje \u00e0 noite, os Guardas Civis Municipais de Ilh\u00e9us se reunir\u00e3o em Assembl\u00e9ia para fundar o SINDGUARDAS-ILH\u00c9US \u2013 SIGMI, fruto da in\u00e9rcia do Sindicato atual. A insatisfa\u00e7\u00e3o dos Guardas Civis Municipais com as institui\u00e7\u00f5es que diz nos representar (AGMI e SINDGUARDAS-BAHIA) gera um forte sentimento de mudan\u00e7a entre seus integrantes, sejam eles, participativo dos debates ou n\u00e3o. <\/p>\n<p>Os servidores e a popula\u00e7\u00e3o de Ilh\u00e9us como um todo, precisam entender que uma cidade com institui\u00e7\u00f5es fortes e uma sociedade civil organizada, conseguem obter resultados significativos e duradouros. A necessidade de fortalecer nossas institui\u00e7\u00f5es para que sejam valorizadas e respeitadas, \u00e9 um dever de todos. S\u00f3 assim o \u201ceu\u201d, do Sindicato, da Associa\u00e7\u00e3o, ou da Prefeitura de um homem s\u00f3, passar\u00e1 a ter um papel secund\u00e1rio na nossa cidade. <\/p>\n<p><strong>GCM Nascimento \u2013 Guarda Civil Municipal de Ilh\u00e9us<br \/>\nwww.gcmnascimento.blogspot.com.br<br \/>\n<\/strong><\/p>\n","protected":false},"excerpt":{"rendered":"<p>A cidade de Ilh\u00e9us atualmente vive umas das maiores crises de sua hist\u00f3ria. Podemos dizer que uma crise generalizada. Crise pol\u00edtica, crise econ\u00f4mica, crise social, crise de lideran\u00e7as, etc. Entretanto para mim, a pior crise em que vivemos nos \u00faltimos tempos \u00e9 a crise de nossas institui\u00e7\u00f5es. Retrato de uma cidade onde a moral e [&hellip;]<\/p>\n","protected":false},"author":2,"featured_media":0,"comment_status":"open","ping_status":"open","sticky":false,"template":"","format":"standard","meta":{"_links_to":"","_links_to_target":""},"categories":[10],"tags":[],"_links":{"self":[{"href":"https:\/\/www.r2cpress.com.br\/v1\/wp-json\/wp\/v2\/posts\/53134"}],"collection":[{"href":"https:\/\/www.r2cpress.com.br\/v1\/wp-json\/wp\/v2\/posts"}],"about":[{"href":"https:\/\/www.r2cpress.com.br\/v1\/wp-json\/wp\/v2\/types\/post"}],"author":[{"embeddable":true,"href":"https:\/\/www.r2cpress.com.br\/v1\/wp-json\/wp\/v2\/users\/2"}],"replies":[{"embeddable":true,"href":"https:\/\/www.r2cpress.com.br\/v1\/wp-json\/wp\/v2\/comments?post=53134"}],"version-history":[{"count":2,"href":"https:\/\/www.r2cpress.com.br\/v1\/wp-json\/wp\/v2\/posts\/53134\/revisions"}],"predecessor-version":[{"id":53137,"href":"https:\/\/www.r2cpress.com.br\/v1\/wp-json\/wp\/v2\/posts\/53134\/revisions\/53137"}],"wp:attachment":[{"href":"https:\/\/www.r2cpress.com.br\/v1\/wp-json\/wp\/v2\/media?parent=53134"}],"wp:term":[{"taxonomy":"category","embeddable":true,"href":"https:\/\/www.r2cpress.com.br\/v1\/wp-json\/wp\/v2\/categories?post=53134"},{"taxonomy":"post_tag","embeddable":true,"href":"https:\/\/www.r2cpress.com.br\/v1\/wp-json\/wp\/v2\/tags?post=53134"}],"curies":[{"name":"wp","href":"https:\/\/api.w.org\/{rel}","templated":true}]}}