{"id":53141,"date":"2012-11-07T12:57:29","date_gmt":"2012-11-07T15:57:29","guid":{"rendered":"http:\/\/www.r2cpress.com.br\/v1\/?p=53141"},"modified":"2012-11-07T12:57:29","modified_gmt":"2012-11-07T15:57:29","slug":"ney-latorraca-segue-internado-em-cti-com-restricao-de-visitas","status":"publish","type":"post","link":"https:\/\/www.r2cpress.com.br\/v1\/2012\/11\/07\/ney-latorraca-segue-internado-em-cti-com-restricao-de-visitas\/","title":{"rendered":"Ney Latorraca segue internado em CTI com restri\u00e7\u00e3o de visitas"},"content":{"rendered":"<h2>Ator apresenta quadro inflamat\u00f3rio generalizado, segundo o boletim m\u00e9dico.<br \/>\nEle est\u00e1 hospitalizado desde 25 de outubro em cl\u00ednica da Zona Sul do Rio.<\/h2>\n<div id=\"attachment_53142\" style=\"width: 310px\" class=\"wp-caption alignright\"><a href=\"http:\/\/www.r2cpress.com.br\/v1\/wp-content\/uploads\/neylatorraca_300x225_b.jpg\"><img aria-describedby=\"caption-attachment-53142\" loading=\"lazy\" class=\"size-full wp-image-53142\" title=\"neylatorraca_300x225_b\" src=\"http:\/\/www.r2cpress.com.br\/v1\/wp-content\/uploads\/neylatorraca_300x225_b.jpg\" alt=\"\" width=\"300\" height=\"224\" \/><\/a><p id=\"caption-attachment-53142\" class=\"wp-caption-text\">O ator Ney Latorraca (Foto: Reprodu\u00e7\u00e3o TV Globo)<\/p><\/div>\n<p>O ator Ney Latorraca, de 68 anos, segue internado, nesta quarta-feira (7), no CTI da Casa de Sa\u00fade S\u00e3o Jos\u00e9, no Humait\u00e1, na Zona Sul do Rio, com &#8220;quadro inflamat\u00f3rio generalizado&#8221;. Ele respira com o aux\u00edlio de aparelhos e precisa de medicamentos para manter a press\u00e3o arterial. Segundo informa\u00e7\u00f5es da assessoria do hospital, devido ao quadro cl\u00ednico do ator, ele est\u00e1 com restri\u00e7\u00f5es de visitas.<\/p>\n<p>Em boletim divulgado na noite desta ter\u00e7a-feira (6), a diretoria m\u00e9dica da Casa de Sa\u00fade S\u00e3o Jos\u00e9 informou que o ator Ney Latorraca apresentou o quadro de inflama\u00e7\u00e3o generalizada, ap\u00f3s ser submetido a uma cirurgia no dia 31 de outubro.<\/p>\n<p>O ator est\u00e1 internado desde 25 de outubro. Ele deu entrada na unidade com obstru\u00e7\u00e3o e inflama\u00e7\u00e3o nas vias biliares.<\/p>\n<p><strong>Amigos rezam por recupera\u00e7\u00e3o<\/strong><\/p>\n<p><!--more--><br \/>\nMais cedo, amigos do ator foram ao hospital visit\u00e1-lo. Ao deixar a unidade, a atriz e produtora Ana Maria Nascimento e Silva, amiga de Ney h\u00e1 40 anos, disse, emocionada, que o estado de sa\u00fade dele &#8220;\u00e9 muito grave&#8221; e que j\u00e1 reza por sua recupera\u00e7\u00e3o.<\/p>\n<div><strong>saiba mais<\/strong><\/p>\n<ul>\n<li><a href=\"http:\/\/g1.globo.com\/rio-de-janeiro\/noticia\/2012\/10\/ney-latorraca-e-internado-no-rio.html\">Ney Latorraca \u00e9 internado no Rio<\/a><\/li>\n<li><a href=\"http:\/\/g1.globo.com\/rio-de-janeiro\/noticia\/2012\/10\/internado-no-rio-ney-latorraca-tem-melhora-no-quadro-de-saude.html\">Internado no Rio, Ney Latorraca tem melhora no quadro de sa\u00fade<\/a><\/li>\n<li><a href=\"http:\/\/g1.globo.com\/rio-de-janeiro\/noticia\/2012\/11\/apos-cirurgia-ney-latorraca-deve-deixar-cti-nos-proximos-dias.html\">Ap\u00f3s cirurgia, Ney Latorraca deve deixar CTI nos pr\u00f3ximos dias<\/a><\/li>\n<\/ul>\n<\/div>\n<p>&#8220;Agora \u00e9 rezar para que tudo melhore. Ele dormiu ontem (segunda-feira) \u00e0s 21h, mas teve um derrame de pleura e, ent\u00e3o, foi entubado&#8221;, afirmou a atriz, acrescentando que familiares de Ney n\u00e3o saem de perto do ator. &#8220;Est\u00e3o todos muito preocupados&#8221;.<\/p>\n<p>As atrizes Mar\u00edlia P\u00eara e Mait\u00ea Proen\u00e7a tamb\u00e9m visitaram o ator na Casa de Sa\u00fade S\u00e3o Jos\u00e9. Aabaladas, elas preferiram n\u00e3o falar com a imprensa.<\/p>\n<p>Pelo Twitter, a jornalista e colunista do jornal &#8220;O Globo&#8221;, Cora R\u00f3nai, escreveu: &#8220;Torcendo muito pela pronta recupera\u00e7\u00e3o do meu vizinho de Lagoa e amigo querido Ney Latorraca!&#8221;<\/p>\n<p>Tamb\u00e9m pelo microblog, o ator e diretor de teatro, Charles M\u00f6eller, deixou sua mensagem de apoio: &#8220;Todas as minhas ora\u00e7\u00f5es e vibra\u00e7\u00f5es pra que o nosso amado Ney Latorraca fique incr\u00edvel para continuar fazendo o mundo um lugar mais debochado.<\/p>\n<p><strong>Estreia em 1974<\/strong><br \/>\nNey Latorraca tem 68 anos e \u00e9 um dos mais conhecidos atores brasileiros. Ele fez sua estreia na TV Globo em 1974, na novela\u00a0 &#8220;Escalada&#8221;, de Lauro C\u00e9sar Muniz.<\/p>\n<p>Um de seus maiores sucessos na TV \u00e9 o aposentado Barbosa, do extinto programa humor\u00edstico &#8220;TV Pirata&#8221;, da mesma emissora.<\/p>\n<p>&#8212;<\/p>\n<p>G1 Rio<\/p>\n<p>http:\/\/g1.globo.com\/rio-de-janeiro\/noticia\/2012\/11\/ney-latorraca-segue-internado-em-cti-com-restricao-de-visitas.html<\/p>\n<p>&nbsp;<\/p>\n","protected":false},"excerpt":{"rendered":"<p>Ator apresenta quadro inflamat\u00f3rio generalizado, segundo o boletim m\u00e9dico. Ele est\u00e1 hospitalizado desde 25 de outubro em cl\u00ednica da Zona Sul do Rio. O ator Ney Latorraca, de 68 anos, segue internado, nesta quarta-feira (7), no CTI da Casa de Sa\u00fade S\u00e3o Jos\u00e9, no Humait\u00e1, na Zona Sul do Rio, com &#8220;quadro inflamat\u00f3rio generalizado&#8221;. Ele [&hellip;]<\/p>\n","protected":false},"author":2,"featured_media":0,"comment_status":"open","ping_status":"open","sticky":false,"template":"","format":"standard","meta":{"_links_to":"","_links_to_target":""},"categories":[13],"tags":[],"_links":{"self":[{"href":"https:\/\/www.r2cpress.com.br\/v1\/wp-json\/wp\/v2\/posts\/53141"}],"collection":[{"href":"https:\/\/www.r2cpress.com.br\/v1\/wp-json\/wp\/v2\/posts"}],"about":[{"href":"https:\/\/www.r2cpress.com.br\/v1\/wp-json\/wp\/v2\/types\/post"}],"author":[{"embeddable":true,"href":"https:\/\/www.r2cpress.com.br\/v1\/wp-json\/wp\/v2\/users\/2"}],"replies":[{"embeddable":true,"href":"https:\/\/www.r2cpress.com.br\/v1\/wp-json\/wp\/v2\/comments?post=53141"}],"version-history":[{"count":3,"href":"https:\/\/www.r2cpress.com.br\/v1\/wp-json\/wp\/v2\/posts\/53141\/revisions"}],"predecessor-version":[{"id":53145,"href":"https:\/\/www.r2cpress.com.br\/v1\/wp-json\/wp\/v2\/posts\/53141\/revisions\/53145"}],"wp:attachment":[{"href":"https:\/\/www.r2cpress.com.br\/v1\/wp-json\/wp\/v2\/media?parent=53141"}],"wp:term":[{"taxonomy":"category","embeddable":true,"href":"https:\/\/www.r2cpress.com.br\/v1\/wp-json\/wp\/v2\/categories?post=53141"},{"taxonomy":"post_tag","embeddable":true,"href":"https:\/\/www.r2cpress.com.br\/v1\/wp-json\/wp\/v2\/tags?post=53141"}],"curies":[{"name":"wp","href":"https:\/\/api.w.org\/{rel}","templated":true}]}}