{"id":53154,"date":"2012-11-07T14:49:55","date_gmt":"2012-11-07T17:49:55","guid":{"rendered":"http:\/\/www.r2cpress.com.br\/v1\/?p=53154"},"modified":"2012-11-07T14:49:55","modified_gmt":"2012-11-07T17:49:55","slug":"pauta-da-reuniao-ordinaria-do-mes-de-novembro","status":"publish","type":"post","link":"https:\/\/www.r2cpress.com.br\/v1\/2012\/11\/07\/pauta-da-reuniao-ordinaria-do-mes-de-novembro\/","title":{"rendered":"Pauta da Reuni\u00e3o Ordin\u00e1ria do m\u00eas de novembro"},"content":{"rendered":"<div>Senhores e Senhoras,<\/div>\n<div><\/div>\n<div>O Conselho Municipal de Sa\u00fade de Ilh\u00e9us tem a honra de convidar os conselheiros titulares e suplentes a participarem da <strong>Reuni\u00e3o Ordin\u00e1ria<\/strong> que acontecer\u00e1 no dia <strong>13\/11\/2012 \u00e0s 17h30min<\/strong>, no Audit\u00f3rio da 6\u00aa DIRES, na Avenida Canavieiras, 253, 1\u00ba andar, Centro, Ilh\u00e9us, com a seguinte pauta:<\/div>\n<div><strong>\u00a0\u00a0\u00a0\u00a0\u00a0\u00a0\u00a0\u00a0\u00a0\u00a0\u00a0\u00a0\u00a0\u00a0\u00a0\u00a0\u00a0\u00a0\u00a0\u00a0\u00a0\u00a0\u00a0\u00a0\u00a0\u00a0\u00a0\u00a0\u00a0\u00a0<wbr>\u00a0\u00a0\u00a0\u00a0\u00a0\u00a0\u00a0\u00a0\u00a0\u00a0\u00a0\u00a0 <\/wbr><\/strong><\/div>\n<div><strong>1-\u00a0\u00a0\u00a0\u00a0\u00a0 <\/strong><strong>Informes;<\/strong><\/div>\n<div><strong>2-\u00a0\u00a0\u00a0\u00a0\u00a0 <\/strong><strong>Leitura de Ata;<\/strong><\/div>\n<div><strong>3-\u00a0\u00a0\u00a0\u00a0\u00a0 <\/strong><strong>Apresenta\u00e7\u00e3o do PAM 2012 \u2013 Coordena\u00e7\u00e3o Municipal DST\/AIDS;<\/strong><\/div>\n<div><strong>4-\u00a0\u00a0\u00a0\u00a0\u00a0 <\/strong><strong>Presta\u00e7\u00e3o de Contas do 1\u00ba, 2\u00ba e 3\u00ba trimestre financeiros de 2012;<\/strong><\/div>\n<div><strong>5-\u00a0\u00a0\u00a0\u00a0\u00a0 <\/strong><strong>Apresenta\u00e7\u00e3o de Relat\u00f3rio do 1\u00ba quadrimestre de 2012;<\/strong><\/div>\n<div><strong>6-\u00a0\u00a0\u00a0\u00a0\u00a0 <\/strong><strong>O que ocorrer.<\/strong><\/div>\n<div><strong><br \/>\n<\/strong><\/div>\n<div><strong><br \/>\n<\/strong><\/div>\n<div style=\"text-align: center;\"><strong>Yolando de souza &#8211; Presidente do CMSI<\/strong><\/div>\n","protected":false},"excerpt":{"rendered":"<p>Senhores e Senhoras, O Conselho Municipal de Sa\u00fade de Ilh\u00e9us tem a honra de convidar os conselheiros titulares e suplentes a participarem da Reuni\u00e3o Ordin\u00e1ria que acontecer\u00e1 no dia 13\/11\/2012 \u00e0s 17h30min, no Audit\u00f3rio da 6\u00aa DIRES, na Avenida Canavieiras, 253, 1\u00ba andar, Centro, Ilh\u00e9us, com a seguinte pauta: \u00a0\u00a0\u00a0\u00a0\u00a0\u00a0\u00a0\u00a0\u00a0\u00a0\u00a0\u00a0\u00a0\u00a0\u00a0\u00a0\u00a0\u00a0\u00a0\u00a0\u00a0\u00a0\u00a0\u00a0\u00a0\u00a0\u00a0\u00a0\u00a0\u00a0\u00a0\u00a0\u00a0\u00a0\u00a0\u00a0\u00a0\u00a0\u00a0\u00a0\u00a0\u00a0 1-\u00a0\u00a0\u00a0\u00a0\u00a0 Informes; 2-\u00a0\u00a0\u00a0\u00a0\u00a0 Leitura de [&hellip;]<\/p>\n","protected":false},"author":2,"featured_media":0,"comment_status":"open","ping_status":"open","sticky":false,"template":"","format":"standard","meta":{"_links_to":"","_links_to_target":""},"categories":[24],"tags":[],"_links":{"self":[{"href":"https:\/\/www.r2cpress.com.br\/v1\/wp-json\/wp\/v2\/posts\/53154"}],"collection":[{"href":"https:\/\/www.r2cpress.com.br\/v1\/wp-json\/wp\/v2\/posts"}],"about":[{"href":"https:\/\/www.r2cpress.com.br\/v1\/wp-json\/wp\/v2\/types\/post"}],"author":[{"embeddable":true,"href":"https:\/\/www.r2cpress.com.br\/v1\/wp-json\/wp\/v2\/users\/2"}],"replies":[{"embeddable":true,"href":"https:\/\/www.r2cpress.com.br\/v1\/wp-json\/wp\/v2\/comments?post=53154"}],"version-history":[{"count":5,"href":"https:\/\/www.r2cpress.com.br\/v1\/wp-json\/wp\/v2\/posts\/53154\/revisions"}],"predecessor-version":[{"id":53159,"href":"https:\/\/www.r2cpress.com.br\/v1\/wp-json\/wp\/v2\/posts\/53154\/revisions\/53159"}],"wp:attachment":[{"href":"https:\/\/www.r2cpress.com.br\/v1\/wp-json\/wp\/v2\/media?parent=53154"}],"wp:term":[{"taxonomy":"category","embeddable":true,"href":"https:\/\/www.r2cpress.com.br\/v1\/wp-json\/wp\/v2\/categories?post=53154"},{"taxonomy":"post_tag","embeddable":true,"href":"https:\/\/www.r2cpress.com.br\/v1\/wp-json\/wp\/v2\/tags?post=53154"}],"curies":[{"name":"wp","href":"https:\/\/api.w.org\/{rel}","templated":true}]}}