{"id":53160,"date":"2012-11-07T15:02:55","date_gmt":"2012-11-07T18:02:55","guid":{"rendered":"http:\/\/www.r2cpress.com.br\/v1\/?p=53160"},"modified":"2012-11-07T15:02:55","modified_gmt":"2012-11-07T18:02:55","slug":"feira-de-negocios-atraiu-milhares-de-pessoas-na-faculdade-de-ilheus","status":"publish","type":"post","link":"https:\/\/www.r2cpress.com.br\/v1\/2012\/11\/07\/feira-de-negocios-atraiu-milhares-de-pessoas-na-faculdade-de-ilheus\/","title":{"rendered":"FEIRA DE NEG\u00d3CIOS ATRAIU MILHARES  DE PESSOAS, NA FACULDADE DE ILH\u00c9US"},"content":{"rendered":"<p>A s\u00e9tima edi\u00e7\u00e3o da Fenopo (Feira de Neg\u00f3cios e Oportunidades) da Faculdade de Ilh\u00e9us atraiu a visita\u00e7\u00e3o de cerca de 17 mil pessoas, entre os dias 24 e 27 de outubro, durante a exposi\u00e7\u00e3o de produtos e projetos de empreendedorismo, palestras, mini cursos, festival gastron\u00f4mico, competi\u00e7\u00f5es escolares e atra\u00e7\u00f5es art\u00edsticas e culturais. O evento, em car\u00e1ter especial, foi comemorativo pelo anivers\u00e1rio de 10 anos de funda\u00e7\u00e3o da institui\u00e7\u00e3o, e no encerramento contou com desfile de moda, elei\u00e7\u00e3o da Garota Faculdade de Ilh\u00e9us e um grande show musical com as bandas Lord\u00e3o e Estakazero. <\/p>\n<p><center><a href=\"http:\/\/www.r2cpress.com.br\/v1\/wp-content\/uploads\/CAPA-09-F.jpg\"><img loading=\"lazy\" src=\"http:\/\/www.r2cpress.com.br\/v1\/wp-content\/uploads\/CAPA-09-F.jpg\" alt=\"\" title=\"CAPA 09 F\" width=\"504\" height=\"504\" class=\"aligncenter size-full wp-image-53161\" srcset=\"https:\/\/www.r2cpress.com.br\/v1\/wp-content\/uploads\/CAPA-09-F.jpg 504w, https:\/\/www.r2cpress.com.br\/v1\/wp-content\/uploads\/CAPA-09-F-150x150.jpg 150w, https:\/\/www.r2cpress.com.br\/v1\/wp-content\/uploads\/CAPA-09-F-300x300.jpg 300w\" sizes=\"(max-width: 504px) 100vw, 504px\" \/><\/a><\/center><\/p>\n<p>   A Feira \u00e9 promovida, h\u00e1 sete anos. Conforme o diretor geral da Faculdade, Almir Milanesi, o objetivo de estimular a cultura empreendendora, o desenvolvimento de estudos, o apoio \u00e0 inser\u00e7\u00e3o de novas empresas e oportunidade de neg\u00f3cios, al\u00e9m de promover a integra\u00e7\u00e3o da comunidade acad\u00eamica com a comunidade em geral. Aberto ao p\u00fablico, este ano, o evento teve sua programa\u00e7\u00e3o ampliada nas \u00e1reas cient\u00edfica, cultural e de lazer.   <\/p>\n<p><!--more--><\/p>\n<p>  No dia de abertura, houve foi realizada uma mesa redonda sobre o tema \u201cMulher, Sa\u00fade e Trabalho\u201d, no audit\u00f3rio Professora Ad\u00e9lia Melo, com a presen\u00e7a de especialistas dos cursos de Administra\u00e7\u00e3o, Ci\u00eancias Cont\u00e1beis, Direito, Enfermagem, Nutri\u00e7\u00e3o e Psicologia, que s\u00e3o oferecidos na institui\u00e7\u00e3o. Outras palestras abordaram temas como \u201cOrienta\u00e7\u00e3o Vocacional: Em busca do que faz sentido\u201d, \u201cForma\u00e7\u00e3o Intercultural e Oportunidade de Neg\u00f3cios\u201d, \u201cValores \u00c9ticos nos Neg\u00f3cios\u201d, \u201cGest\u00e3o dos Programas de Qualidade de Vida no Trabalho: A sa\u00fade do trabalhador em quest\u00e3o\u201d, \u201cAbreviada e Juventude Prolongada\u201d e sobre \u201cResponsabilidade Tribut\u00e1ria.\u201d <\/p>\n<p>  Na \u00e1rea cient\u00edfica, os mini cursos est\u00e3o entre as atividades mais procuradas durante a Fenopo. Este ano, foram realizados 21 mini cursos com tem\u00e1ticas diversas. O que tratou, por exemplo, de \u201cPrincipais Inova\u00e7\u00f5es da Lei da Ficha Limpa\u201d, com o professor George Andrade do Nascimento, teve capacidade de lota\u00e7\u00e3o ultrapassada, assim como outros temas: \u201cIntera\u00e7\u00e3o Droga-Nutriente\u201d, com a doutora M\u00f4nica Torres; \u201cAlimenta\u00e7\u00e3o da Gestante na S\u00edndrome Metab\u00f3lica\u201d, com Andr\u00e9ia Spier; \u201cForma\u00e7\u00e3o Intercultural e Oportunidade de Neg\u00f3cios\u201d, com Maria Isabel Estigarribia; \u201cInternacionaliza\u00e7\u00e3o da Empresa\u201d, com o professor Arthur Andrade Moreira; \u201cEstudos de Casos Cl\u00ednicos: uma abordagem conjunta dos cursos de Enfermagem e Nutri\u00e7\u00e3o\u201d, com S\u00e9rgio Molfi e Robson Vidal; \u201cMarketing Pessoal\u201d, com o professor Amarildo Moretti;  \u201cElabora\u00e7\u00e3o de Projetos\u201d, com Elifaz Anuncia\u00e7\u00e3o, entre outros. <\/p>\n<p>EXTENS\u00c3O \u2013 Na opini\u00e3o da professora doutora S\u00f4nia Melo Freitas, que integrou a comiss\u00e3o coordenadora da VII Fenopo, um destaque desta edi\u00e7\u00e3o foi o car\u00e1ter extensionista do evento, bastante \u201cenvolvente, com participa\u00e7\u00e3o de muitas escolas e seus respectivos alunos, em diferentes atividades que envolveram desde a educa\u00e7\u00e3o infantil at\u00e9 o ensino m\u00e9dio. A programa\u00e7\u00e3o infanto-juvenil atraiu cerca de 1.900 estudantes dos ensinos infantil e m\u00e9dio. <\/p>\n<p>     Na \u00e1rea do ensino infantil compareceram alunos das escolas Vila Verde, Adventista de Ilh\u00e9us, Odete Salma, Escola Criativa, Col\u00e9gio Ideal, Col\u00e9gio Eduardo Catal\u00e3o e Escola Passo a Passo. Do ensino m\u00e9dio, estiveram o Col\u00e9gio Ideal, Col\u00e9gio Vitoria, Col\u00e9gio S\u00e3o Jorge dos Ilh\u00e9us, Col\u00e9gio F\u00eanix, Centro Estadual de Educa\u00e7\u00e3o Profissionalizante, Instituto Joana Darc e Col\u00e9gio Mois\u00e9s Bohana. Eles participaram de apresenta\u00e7\u00f5es de pe\u00e7a teatral, de coral, cinema, dan\u00e7a, brinquedoteca, exposi\u00e7\u00e3o de artes e literatura, e um simulado do ENEM \u2013 Exame Nacional do Ensino M\u00e9dio.<\/p>\n<p>   Todas as noites aconteceram apresenta\u00e7\u00f5es musicais no palco armado na \u00e1rea de estacionamento da Faculdade. Houve show com Keketa, F\u00e1bio Souza, da banda Xote Apimentado, al\u00e9m de desfiles de moda. No s\u00e1bado, o show de encerramento com as bandas Lord\u00e3o e Estaka Zero, voltado para os alunos da institui\u00e7\u00e3o e convidados, registrou um p\u00fablico de mais de 2.500 pessoas. A VII Fenopo contou com o patroc\u00ednio Caixa Econ\u00f4mica, Bradesco, Unimed Ilh\u00e9us, Editora Saraiva, Terceira Via Formaturas, Amazon Bahia, Construtora Morelli, Artzoom \/ Unick, Colcci e Posto Atl\u00e2ntico Sul, al\u00e9m do apoio de Mar Aberto, Vip Seguran\u00e7a e Via\u00e7\u00e3o S\u00e3o Miguel. <\/p>\n","protected":false},"excerpt":{"rendered":"<p>A s\u00e9tima edi\u00e7\u00e3o da Fenopo (Feira de Neg\u00f3cios e Oportunidades) da Faculdade de Ilh\u00e9us atraiu a visita\u00e7\u00e3o de cerca de 17 mil pessoas, entre os dias 24 e 27 de outubro, durante a exposi\u00e7\u00e3o de produtos e projetos de empreendedorismo, palestras, mini cursos, festival gastron\u00f4mico, competi\u00e7\u00f5es escolares e atra\u00e7\u00f5es art\u00edsticas e culturais. O evento, em [&hellip;]<\/p>\n","protected":false},"author":2,"featured_media":0,"comment_status":"open","ping_status":"open","sticky":false,"template":"","format":"standard","meta":{"_links_to":"","_links_to_target":""},"categories":[8],"tags":[],"_links":{"self":[{"href":"https:\/\/www.r2cpress.com.br\/v1\/wp-json\/wp\/v2\/posts\/53160"}],"collection":[{"href":"https:\/\/www.r2cpress.com.br\/v1\/wp-json\/wp\/v2\/posts"}],"about":[{"href":"https:\/\/www.r2cpress.com.br\/v1\/wp-json\/wp\/v2\/types\/post"}],"author":[{"embeddable":true,"href":"https:\/\/www.r2cpress.com.br\/v1\/wp-json\/wp\/v2\/users\/2"}],"replies":[{"embeddable":true,"href":"https:\/\/www.r2cpress.com.br\/v1\/wp-json\/wp\/v2\/comments?post=53160"}],"version-history":[{"count":3,"href":"https:\/\/www.r2cpress.com.br\/v1\/wp-json\/wp\/v2\/posts\/53160\/revisions"}],"predecessor-version":[{"id":53164,"href":"https:\/\/www.r2cpress.com.br\/v1\/wp-json\/wp\/v2\/posts\/53160\/revisions\/53164"}],"wp:attachment":[{"href":"https:\/\/www.r2cpress.com.br\/v1\/wp-json\/wp\/v2\/media?parent=53160"}],"wp:term":[{"taxonomy":"category","embeddable":true,"href":"https:\/\/www.r2cpress.com.br\/v1\/wp-json\/wp\/v2\/categories?post=53160"},{"taxonomy":"post_tag","embeddable":true,"href":"https:\/\/www.r2cpress.com.br\/v1\/wp-json\/wp\/v2\/tags?post=53160"}],"curies":[{"name":"wp","href":"https:\/\/api.w.org\/{rel}","templated":true}]}}