{"id":53173,"date":"2012-11-07T18:13:35","date_gmt":"2012-11-07T21:13:35","guid":{"rendered":"http:\/\/www.r2cpress.com.br\/v1\/?p=53173"},"modified":"2012-11-07T18:17:46","modified_gmt":"2012-11-07T21:17:46","slug":"prefeito-eleito-discute-problema-da-dengue-com-o-secretario-de-saude","status":"publish","type":"post","link":"https:\/\/www.r2cpress.com.br\/v1\/2012\/11\/07\/prefeito-eleito-discute-problema-da-dengue-com-o-secretario-de-saude\/","title":{"rendered":"Prefeito eleito discute problema da  dengue com o secret\u00e1rio de Sa\u00fade"},"content":{"rendered":"<p><a href=\"http:\/\/www.r2cpress.com.br\/v1\/wp-content\/uploads\/VANE-DO-RENASCER-03.jpg\"><img loading=\"lazy\" src=\"http:\/\/www.r2cpress.com.br\/v1\/wp-content\/uploads\/VANE-DO-RENASCER-03-300x146.jpg\" alt=\"\" title=\"VANE DO RENASCER 03\" width=\"300\" height=\"146\" class=\"alignleft size-medium wp-image-53176\" srcset=\"https:\/\/www.r2cpress.com.br\/v1\/wp-content\/uploads\/VANE-DO-RENASCER-03-300x146.jpg 300w, https:\/\/www.r2cpress.com.br\/v1\/wp-content\/uploads\/VANE-DO-RENASCER-03.jpg 680w\" sizes=\"(max-width: 300px) 100vw, 300px\" \/><\/a>Menos de 24 horas depois da visita de cortesia que fez ao prefeito de Itabuna, Capit\u00e3o Jos\u00e9 Nilton Azevedo, no Centro Administrativo Firmino Alves, o prefeito eleito Claudevane Leite, Vane do Renascer, esteve reunido com o secret\u00e1rio de Sa\u00fade, Geraldo Magela, quando discutiu o problema da dengue que exige a\u00e7\u00f5es imediatas das autoridades municipais para minimizar a amea\u00e7a que representa para a popula\u00e7\u00e3o nos meses de janeiro de fevereiro do pr\u00f3ximo ano.<\/p>\n<p><a href=\"http:\/\/www.r2cpress.com.br\/v1\/wp-content\/uploads\/VANE-DO-RENASCER-04.jpg\"><img loading=\"lazy\" src=\"http:\/\/www.r2cpress.com.br\/v1\/wp-content\/uploads\/VANE-DO-RENASCER-04-300x199.jpg\" alt=\"\" title=\"VANE DO RENASCER 04\" width=\"300\" height=\"199\" class=\"alignright size-medium wp-image-53179\" srcset=\"https:\/\/www.r2cpress.com.br\/v1\/wp-content\/uploads\/VANE-DO-RENASCER-04-300x199.jpg 300w, https:\/\/www.r2cpress.com.br\/v1\/wp-content\/uploads\/VANE-DO-RENASCER-04.jpg 680w\" sizes=\"(max-width: 300px) 100vw, 300px\" \/><\/a>Vane disse que o dialogo com Magela foi cort\u00eas e cordial, tendo o secret\u00e1rio demonstrado sua disposi\u00e7\u00e3o em cooperar com os esfor\u00e7os da Comiss\u00e3o de Transi\u00e7\u00e3o que planeja as a\u00e7\u00f5es do pr\u00f3ximo governo. \u201cA Secretaria de Sa\u00fade estar\u00e1 aberta aos t\u00e9cnicos que vou indicar e o seu atual titular concordou com o di\u00e1logo permanente que queremos estabelecer para que n\u00e3o haja descontinuidade administrativa numa \u00e1rea t\u00e3o sens\u00edvel na presta\u00e7\u00e3o de servi\u00e7os \u00e0 popula\u00e7\u00e3o\u201d, afirmou o prefeito eleito.<\/p>\n<p>No contato, o secret\u00e1rio Magela prestou informa\u00e7\u00f5es sobre o projeto do Minist\u00e9rio da Sa\u00fade de ampliar as a\u00e7\u00f5es do Servi\u00e7o de Atendimento M\u00f3vel de Urgencia (Samu \u2013 192) que passar\u00e1 a contar com mais viaturas de servi\u00e7o e pessoal para atender \u00e0 popula\u00e7\u00e3o regional. Al\u00e9m disso, tamb\u00e9m informou ao prefeito eleito sobre a implanta\u00e7\u00e3o de uma Unidade de Pronto Atendimento (UPA 24 Horas) no pr\u00f3ximo ano, tendo lhe sugerido que inicie estudos quanto \u00e0 sua localiza\u00e7\u00e3o. <\/p>\n<p>Assessoria de Comunica\u00e7\u00e3o<br \/>\nGabinete do Prefeito Eleito<\/p>\n","protected":false},"excerpt":{"rendered":"<p>Menos de 24 horas depois da visita de cortesia que fez ao prefeito de Itabuna, Capit\u00e3o Jos\u00e9 Nilton Azevedo, no Centro Administrativo Firmino Alves, o prefeito eleito Claudevane Leite, Vane do Renascer, esteve reunido com o secret\u00e1rio de Sa\u00fade, Geraldo Magela, quando discutiu o problema da dengue que exige a\u00e7\u00f5es imediatas das autoridades municipais para [&hellip;]<\/p>\n","protected":false},"author":2,"featured_media":0,"comment_status":"open","ping_status":"open","sticky":false,"template":"","format":"standard","meta":{"_links_to":"","_links_to_target":""},"categories":[15],"tags":[],"_links":{"self":[{"href":"https:\/\/www.r2cpress.com.br\/v1\/wp-json\/wp\/v2\/posts\/53173"}],"collection":[{"href":"https:\/\/www.r2cpress.com.br\/v1\/wp-json\/wp\/v2\/posts"}],"about":[{"href":"https:\/\/www.r2cpress.com.br\/v1\/wp-json\/wp\/v2\/types\/post"}],"author":[{"embeddable":true,"href":"https:\/\/www.r2cpress.com.br\/v1\/wp-json\/wp\/v2\/users\/2"}],"replies":[{"embeddable":true,"href":"https:\/\/www.r2cpress.com.br\/v1\/wp-json\/wp\/v2\/comments?post=53173"}],"version-history":[{"count":5,"href":"https:\/\/www.r2cpress.com.br\/v1\/wp-json\/wp\/v2\/posts\/53173\/revisions"}],"predecessor-version":[{"id":53180,"href":"https:\/\/www.r2cpress.com.br\/v1\/wp-json\/wp\/v2\/posts\/53173\/revisions\/53180"}],"wp:attachment":[{"href":"https:\/\/www.r2cpress.com.br\/v1\/wp-json\/wp\/v2\/media?parent=53173"}],"wp:term":[{"taxonomy":"category","embeddable":true,"href":"https:\/\/www.r2cpress.com.br\/v1\/wp-json\/wp\/v2\/categories?post=53173"},{"taxonomy":"post_tag","embeddable":true,"href":"https:\/\/www.r2cpress.com.br\/v1\/wp-json\/wp\/v2\/tags?post=53173"}],"curies":[{"name":"wp","href":"https:\/\/api.w.org\/{rel}","templated":true}]}}