{"id":53226,"date":"2012-11-08T11:42:29","date_gmt":"2012-11-08T14:42:29","guid":{"rendered":"http:\/\/www.r2cpress.com.br\/v1\/?p=53226"},"modified":"2012-11-08T11:42:29","modified_gmt":"2012-11-08T14:42:29","slug":"jabes-discute-prioridades-para-a-saude-com-secretario-jorge-solla","status":"publish","type":"post","link":"https:\/\/www.r2cpress.com.br\/v1\/2012\/11\/08\/jabes-discute-prioridades-para-a-saude-com-secretario-jorge-solla\/","title":{"rendered":"Jabes discute prioridades para a sa\u00fade com secret\u00e1rio Jorge Solla"},"content":{"rendered":"<p><strong>\u00a0\u00a0\u00a0\u00a0\u00a0\u00a0\u00a0 <\/strong>O prefeito eleito de Ilh\u00e9us, Jabes Ribeiro (PP) reuniu-se em Salvador com o secret\u00e1rio estadual da Sa\u00fade, Jorge Solla, definindo as prioridades para o setor e confirmando a realiza\u00e7\u00e3o de importantes obras, como o novo hospital regional, que dever\u00e1 ser instalado entre Ilh\u00e9us e o Salobrinho. Jabes prev\u00ea a constru\u00e7\u00e3o de tr\u00eas UPAs, uma para a zona norte, outra para a \u00e1rea sul e a terceira para o bairro Teot\u00f4nio Vilela.<\/p>\n<div id=\"attachment_53227\" style=\"width: 560px\" class=\"wp-caption aligncenter\"><a href=\"http:\/\/www.r2cpress.com.br\/v1\/wp-content\/uploads\/Jabes-em-reuni\u00e3o-com-o-secret\u00e1rio-de-Sa\u00fade-do-Estado-Jorge-Solla-1.jpg\"><img aria-describedby=\"caption-attachment-53227\" loading=\"lazy\" class=\"size-full wp-image-53227\" title=\"SONY DSC\" src=\"http:\/\/www.r2cpress.com.br\/v1\/wp-content\/uploads\/Jabes-em-reuni\u00e3o-com-o-secret\u00e1rio-de-Sa\u00fade-do-Estado-Jorge-Solla-1.jpg\" alt=\"\" width=\"550\" height=\"365\" srcset=\"https:\/\/www.r2cpress.com.br\/v1\/wp-content\/uploads\/Jabes-em-reuni\u00e3o-com-o-secret\u00e1rio-de-Sa\u00fade-do-Estado-Jorge-Solla-1.jpg 550w, https:\/\/www.r2cpress.com.br\/v1\/wp-content\/uploads\/Jabes-em-reuni\u00e3o-com-o-secret\u00e1rio-de-Sa\u00fade-do-Estado-Jorge-Solla-1-300x199.jpg 300w\" sizes=\"(max-width: 550px) 100vw, 550px\" \/><\/a><p id=\"caption-attachment-53227\" class=\"wp-caption-text\">Jabes \/ Secretaria de Sa\u00fade<\/p><\/div>\n<p>A reestrutura\u00e7\u00e3o da rede b\u00e1sica de sa\u00fade tamb\u00e9m entrou na pauta do encontro, assim como a transforma\u00e7\u00e3o do atual Hospital Regional em um hospital materno-infantil, ap\u00f3s a constru\u00e7\u00e3o do novo hospital. Para Jabes, a recupera\u00e7\u00e3o das unidades de sa\u00fade dos bairros e distritos \u00e9 prioridade absoluta. \u201cA popula\u00e7\u00e3o n\u00e3o pode mais continuar sofrendo com a precariedade total do atendimento m\u00e9dico na rede municipal de sa\u00fade\u201d, enfatiza.<\/p>\n","protected":false},"excerpt":{"rendered":"<p>\u00a0\u00a0\u00a0\u00a0\u00a0\u00a0\u00a0 O prefeito eleito de Ilh\u00e9us, Jabes Ribeiro (PP) reuniu-se em Salvador com o secret\u00e1rio estadual da Sa\u00fade, Jorge Solla, definindo as prioridades para o setor e confirmando a realiza\u00e7\u00e3o de importantes obras, como o novo hospital regional, que dever\u00e1 ser instalado entre Ilh\u00e9us e o Salobrinho. Jabes prev\u00ea a constru\u00e7\u00e3o de tr\u00eas UPAs, uma [&hellip;]<\/p>\n","protected":false},"author":2,"featured_media":0,"comment_status":"open","ping_status":"open","sticky":false,"template":"","format":"standard","meta":{"_links_to":"","_links_to_target":""},"categories":[22],"tags":[],"_links":{"self":[{"href":"https:\/\/www.r2cpress.com.br\/v1\/wp-json\/wp\/v2\/posts\/53226"}],"collection":[{"href":"https:\/\/www.r2cpress.com.br\/v1\/wp-json\/wp\/v2\/posts"}],"about":[{"href":"https:\/\/www.r2cpress.com.br\/v1\/wp-json\/wp\/v2\/types\/post"}],"author":[{"embeddable":true,"href":"https:\/\/www.r2cpress.com.br\/v1\/wp-json\/wp\/v2\/users\/2"}],"replies":[{"embeddable":true,"href":"https:\/\/www.r2cpress.com.br\/v1\/wp-json\/wp\/v2\/comments?post=53226"}],"version-history":[{"count":3,"href":"https:\/\/www.r2cpress.com.br\/v1\/wp-json\/wp\/v2\/posts\/53226\/revisions"}],"predecessor-version":[{"id":53230,"href":"https:\/\/www.r2cpress.com.br\/v1\/wp-json\/wp\/v2\/posts\/53226\/revisions\/53230"}],"wp:attachment":[{"href":"https:\/\/www.r2cpress.com.br\/v1\/wp-json\/wp\/v2\/media?parent=53226"}],"wp:term":[{"taxonomy":"category","embeddable":true,"href":"https:\/\/www.r2cpress.com.br\/v1\/wp-json\/wp\/v2\/categories?post=53226"},{"taxonomy":"post_tag","embeddable":true,"href":"https:\/\/www.r2cpress.com.br\/v1\/wp-json\/wp\/v2\/tags?post=53226"}],"curies":[{"name":"wp","href":"https:\/\/api.w.org\/{rel}","templated":true}]}}