{"id":53231,"date":"2012-11-08T11:55:51","date_gmt":"2012-11-08T14:55:51","guid":{"rendered":"http:\/\/www.r2cpress.com.br\/v1\/?p=53231"},"modified":"2012-11-08T11:55:51","modified_gmt":"2012-11-08T14:55:51","slug":"morre-delegado-da-furtos-e-roubos-baleado-no-barbalho","status":"publish","type":"post","link":"https:\/\/www.r2cpress.com.br\/v1\/2012\/11\/08\/morre-delegado-da-furtos-e-roubos-baleado-no-barbalho\/","title":{"rendered":"Morre delegado da Furtos e Roubos baleado no Barbalho"},"content":{"rendered":"<h3><strong>Pol\u00edcia investiga se ele foi identificado durante uma tentativa de assalto ou se foi alvo de um atentado planejado pelos bandidos<\/strong><\/h3>\n<p>O delegado baleado<strong><a title=\"Opens external link in new window\" href=\"http:\/\/www.correio24horas.com.br\/noticias\/detalhes\/detalhes-1\/artigo\/delegado-e-baleado-durante-tentativa-de-assalto-no-barbalho\/\" target=\"_blank\"> na madrugada desta quinta-feira (8), no bairro do Barbalho<\/a><\/strong>, morreu nesta manh\u00e3 no Hospital Geral do Estado (HGE), onde estava internado, segundo informa\u00e7\u00f5es da Secretaria de Sa\u00fade do Estado da Bahia (Sesab). Eduardo Rafael de Santana Lima, 35 anos foi rendido pelos criminosos quando chegava em casa, segundo informa\u00e7\u00f5es da 2\u00aa Companhia Independente da Pol\u00edcia Militar (CIPM-Barbalho).<\/p>\n<p>O delegado estacionava o pr\u00f3prio ve\u00edculo, um Gol branco, quando foi abordado por dois homens, que anunciaram o assalto. Segundo testemunhas, Eduardo Rafael reagiu ao assalto e entrou em confronto f\u00edsico com os bandidos.<\/p>\n<p>Durante a luta, a v\u00edtima foi alvejada tr\u00eas vezes: no t\u00f3rax, abd\u00f4men e perna direita. O delegado ainda tentou pedir socorro ao atravessar a rua, mas caiu na cal\u00e7ada em frente ao pr\u00e9dio onde morava. Eduardo Rafael foi socorrido por uma viatura da Pol\u00edcia Militar (PM) da regi\u00e3o para o HGE, onde foi submetido a uma cirurgia ainda na madrugada para retirada das balas.<\/p>\n<p>Segundo informa\u00e7\u00f5es do Posto de Pol\u00edcia da unidade m\u00e9dica, apesar de todos os procedimentos, Eduardo Rafael n\u00e3o resistiu aos ferimentos e morreu enquanto aguardava transfer\u00eancia para a Unidade de Tratamento Intensiva (UTI) da institui\u00e7\u00e3o.<\/p>\n<p>O caso est\u00e1 sendo investigado pela 1\u00aa Delegacia (Barris). Os bandidos fugiram com duas armas e com o ve\u00edculo do delegado, plantonista na Delegacia de Repress\u00e3o a Furtos e Roubos de Ve\u00edculos (DRFRV). No local do crime, a pol\u00edcia tamb\u00e9m encontrou um rev\u00f3lver de calibre 38 com numera\u00e7\u00e3o raspada.<\/p>\n<p>O corpo do delegado ser\u00e1 encaminhado para o Departamento de Pol\u00edcia T\u00e9cnica (DPT), onde deve passar por uma per\u00edcia antes de ser liberado para o sepultamento.<\/p>\n<p><em>*Com informa\u00e7\u00f5es do rep\u00f3rter Leo Barsan<\/em><\/p>\n<p><strong>CORREIO DA BAHIA<\/strong><\/p>\n<p>http:\/\/www.correio24horas.com.br\/noticias\/detalhes\/detalhes-1\/artigo\/morre-delegado-da-furtos-e-roubos-baleado-em-atentado-no-barbalho\/<\/p>\n","protected":false},"excerpt":{"rendered":"<p>Pol\u00edcia investiga se ele foi identificado durante uma tentativa de assalto ou se foi alvo de um atentado planejado pelos bandidos O delegado baleado na madrugada desta quinta-feira (8), no bairro do Barbalho, morreu nesta manh\u00e3 no Hospital Geral do Estado (HGE), onde estava internado, segundo informa\u00e7\u00f5es da Secretaria de Sa\u00fade do Estado da Bahia [&hellip;]<\/p>\n","protected":false},"author":2,"featured_media":0,"comment_status":"open","ping_status":"open","sticky":false,"template":"","format":"standard","meta":{"_links_to":"","_links_to_target":""},"categories":[25],"tags":[],"_links":{"self":[{"href":"https:\/\/www.r2cpress.com.br\/v1\/wp-json\/wp\/v2\/posts\/53231"}],"collection":[{"href":"https:\/\/www.r2cpress.com.br\/v1\/wp-json\/wp\/v2\/posts"}],"about":[{"href":"https:\/\/www.r2cpress.com.br\/v1\/wp-json\/wp\/v2\/types\/post"}],"author":[{"embeddable":true,"href":"https:\/\/www.r2cpress.com.br\/v1\/wp-json\/wp\/v2\/users\/2"}],"replies":[{"embeddable":true,"href":"https:\/\/www.r2cpress.com.br\/v1\/wp-json\/wp\/v2\/comments?post=53231"}],"version-history":[{"count":3,"href":"https:\/\/www.r2cpress.com.br\/v1\/wp-json\/wp\/v2\/posts\/53231\/revisions"}],"predecessor-version":[{"id":53234,"href":"https:\/\/www.r2cpress.com.br\/v1\/wp-json\/wp\/v2\/posts\/53231\/revisions\/53234"}],"wp:attachment":[{"href":"https:\/\/www.r2cpress.com.br\/v1\/wp-json\/wp\/v2\/media?parent=53231"}],"wp:term":[{"taxonomy":"category","embeddable":true,"href":"https:\/\/www.r2cpress.com.br\/v1\/wp-json\/wp\/v2\/categories?post=53231"},{"taxonomy":"post_tag","embeddable":true,"href":"https:\/\/www.r2cpress.com.br\/v1\/wp-json\/wp\/v2\/tags?post=53231"}],"curies":[{"name":"wp","href":"https:\/\/api.w.org\/{rel}","templated":true}]}}