{"id":53235,"date":"2012-11-08T12:17:31","date_gmt":"2012-11-08T15:17:31","guid":{"rendered":"http:\/\/www.r2cpress.com.br\/v1\/?p=53235"},"modified":"2012-11-08T12:17:31","modified_gmt":"2012-11-08T15:17:31","slug":"durante-o-dia-e-a-turma-da-meota-e-a-noite-e-a-crakolandia","status":"publish","type":"post","link":"https:\/\/www.r2cpress.com.br\/v1\/2012\/11\/08\/durante-o-dia-e-a-turma-da-meota-e-a-noite-e-a-crakolandia\/","title":{"rendered":"DURANTE O DIA \u00c9 A \u2018TURMA DA MEOTA\u2019, E A NOITE \u00c9 A \u2018CRAKOLANDIA\u2019."},"content":{"rendered":"<p>Ontem fizemos novo chamamento: <a href = \"http:\/\/www.r2cpress.com.br\/v1\/2012\/11\/07\/nao-vai-ser-por-falta-de-aviso\/\" target = \"_news\"><b><br \/>\nN\u00e3o vai ser por falta de aviso &#8230;<\/b><\/a><\/p>\n<p><strong>Hoje, <a href = \"http:\/\/www.osarrafo.com.br\/v1\/2012\/11\/08\/durante-o-dia-e-a-turma-da-meota-e-a-noite-e-a-crakolandia\/\" target = \"_news\"><b>O SARRAFO<\/b><\/a>  que j\u00e1 mostrou e demonstrou com FOTOS e duras cr\u00edticas, volta ao tema:<\/strong><\/p>\n<p><b><center>Biblioteca P\u00fablica Municipal, em Ilh\u00e9us.<\/center><\/b><\/p>\n<div style=\"width: 490px\" class=\"wp-caption aligncenter\"><img loading=\"lazy\" title=\"A \u2018Turma da Meota\u2019 acendendo o fogo para preparar o rango. Afora os que tomam banho nus, em afronto aos transeuntes e passageiros no ponto de \u00f4nibus.\" src=\"http:\/\/www.osarrafo.com.br\/v1\/wp-content\/uploads\/2012\/11\/DSC03184.jpg\" alt=\"A \u2018Turma da Meota\u2019 acendendo o fogo para preparar o rango. Afora os que tomam banho nus, em afronto aos transeuntes e passageiros no ponto de \u00f4nibus.\" width=\"480\" height=\"360\" \/><p class=\"wp-caption-text\">A \u2018Turma da Meota\u2019 acendendo o fogo para preparar o rango. Afora os que tomam banho nus, em afronto aos transeuntes e passageiros no ponto de \u00f4nibus.<\/p><\/div>\n","protected":false},"excerpt":{"rendered":"<p>Ontem fizemos novo chamamento: N\u00e3o vai ser por falta de aviso &#8230; Hoje, O SARRAFO que j\u00e1 mostrou e demonstrou com FOTOS e duras cr\u00edticas, volta ao tema: Biblioteca P\u00fablica Municipal, em Ilh\u00e9us.<\/p>\n","protected":false},"author":2,"featured_media":0,"comment_status":"open","ping_status":"open","sticky":false,"template":"","format":"standard","meta":{"_links_to":"","_links_to_target":""},"categories":[13],"tags":[],"_links":{"self":[{"href":"https:\/\/www.r2cpress.com.br\/v1\/wp-json\/wp\/v2\/posts\/53235"}],"collection":[{"href":"https:\/\/www.r2cpress.com.br\/v1\/wp-json\/wp\/v2\/posts"}],"about":[{"href":"https:\/\/www.r2cpress.com.br\/v1\/wp-json\/wp\/v2\/types\/post"}],"author":[{"embeddable":true,"href":"https:\/\/www.r2cpress.com.br\/v1\/wp-json\/wp\/v2\/users\/2"}],"replies":[{"embeddable":true,"href":"https:\/\/www.r2cpress.com.br\/v1\/wp-json\/wp\/v2\/comments?post=53235"}],"version-history":[{"count":6,"href":"https:\/\/www.r2cpress.com.br\/v1\/wp-json\/wp\/v2\/posts\/53235\/revisions"}],"predecessor-version":[{"id":53241,"href":"https:\/\/www.r2cpress.com.br\/v1\/wp-json\/wp\/v2\/posts\/53235\/revisions\/53241"}],"wp:attachment":[{"href":"https:\/\/www.r2cpress.com.br\/v1\/wp-json\/wp\/v2\/media?parent=53235"}],"wp:term":[{"taxonomy":"category","embeddable":true,"href":"https:\/\/www.r2cpress.com.br\/v1\/wp-json\/wp\/v2\/categories?post=53235"},{"taxonomy":"post_tag","embeddable":true,"href":"https:\/\/www.r2cpress.com.br\/v1\/wp-json\/wp\/v2\/tags?post=53235"}],"curies":[{"name":"wp","href":"https:\/\/api.w.org\/{rel}","templated":true}]}}