{"id":53253,"date":"2012-11-08T15:22:25","date_gmt":"2012-11-08T18:22:25","guid":{"rendered":"http:\/\/www.r2cpress.com.br\/v1\/?p=53253"},"modified":"2012-11-08T15:22:25","modified_gmt":"2012-11-08T18:22:25","slug":"exposicao-fotografica","status":"publish","type":"post","link":"https:\/\/www.r2cpress.com.br\/v1\/2012\/11\/08\/exposicao-fotografica\/","title":{"rendered":"Exposi\u00e7\u00e3o fotogr\u00e1fica"},"content":{"rendered":"<div>Prezado Rabat,<\/div>\n<div><\/div>\n<div>O fotografo Jos\u00e9 lopes Santana, em uma a\u00e7\u00e3o apoiada pelo Instituto ISIS em Ilh\u00e9us, ir\u00e1 inaugurar exposi\u00e7\u00e3o de fotos no Bataclan no s\u00e1bado, dia 10 de novembro, aqui em Ilhe\u00fas. Essa 1a. exposi\u00e7\u00e3o de fotos de Jos\u00e9 Lopes Santana em Ilh\u00e9us, ir\u00e1 explorar o tema &#8220;Ilh\u00e9us &#8211; Homem e natureza&#8221; a partir das 19:00.<\/div>\n<div><\/div>\n<div>Jos\u00e9 L Santana, ilheense, tendo vivido parte de sua vida na Fran\u00e7a, experi\u00eancia que valorizou internamente as pr\u00f3prias origens tem na intera\u00e7\u00e3o do ser humano com o meio ambiente uma forte atra\u00e7\u00e3o. Suas fotos s\u00e3o intensas e sens\u00edveis, capturando desde o olhar ao infinito at\u00e9 a sutileza do movimento da espuma das ondas e do bicar de um p\u00e1ssaro ao alimento&#8230;<\/div>\n<div><\/div>\n<div>O Instituto ISIS \u00e9 uma iniciativa dos profs. Fl\u00e1vio Pietrobon Costa (UESC) e Rosangela Machado (UFS) atuando dentre outras \u00e1reas no fomento a cultura e artes, al\u00e9m de a\u00e7\u00f5es ambientais, e em fomento \u00e0 pesquisa, e \u00e0 inova\u00e7\u00e3o social e tecnol\u00f3gica.<\/div>\n<div><\/div>\n<div>A previs\u00e3o de dura\u00e7\u00e3o da exposi\u00e7\u00e3o \u00e9 de 7 a 14 dias, sempre no Bataclan. A a\u00e7\u00e3o contou desde o 1o momento da proposta com o entusiamado apoio da gestora de a\u00e7\u00f5es culturais do bataclan, Sra. Telma, sempre disposta a incentivar as a\u00e7\u00f5es culutais em ilh\u00e9us. Parab\u00e9ns Telma !<\/div>\n<div><\/div>\n<div>Fl\u00e1vio Pietrobon Costa,<\/div>\n<div>Diretor presidente, Instituto ISIS<\/div>\n","protected":false},"excerpt":{"rendered":"<p>Prezado Rabat, O fotografo Jos\u00e9 lopes Santana, em uma a\u00e7\u00e3o apoiada pelo Instituto ISIS em Ilh\u00e9us, ir\u00e1 inaugurar exposi\u00e7\u00e3o de fotos no Bataclan no s\u00e1bado, dia 10 de novembro, aqui em Ilhe\u00fas. Essa 1a. exposi\u00e7\u00e3o de fotos de Jos\u00e9 Lopes Santana em Ilh\u00e9us, ir\u00e1 explorar o tema &#8220;Ilh\u00e9us &#8211; Homem e natureza&#8221; a partir das [&hellip;]<\/p>\n","protected":false},"author":2,"featured_media":0,"comment_status":"open","ping_status":"open","sticky":false,"template":"","format":"standard","meta":{"_links_to":"","_links_to_target":""},"categories":[5],"tags":[],"_links":{"self":[{"href":"https:\/\/www.r2cpress.com.br\/v1\/wp-json\/wp\/v2\/posts\/53253"}],"collection":[{"href":"https:\/\/www.r2cpress.com.br\/v1\/wp-json\/wp\/v2\/posts"}],"about":[{"href":"https:\/\/www.r2cpress.com.br\/v1\/wp-json\/wp\/v2\/types\/post"}],"author":[{"embeddable":true,"href":"https:\/\/www.r2cpress.com.br\/v1\/wp-json\/wp\/v2\/users\/2"}],"replies":[{"embeddable":true,"href":"https:\/\/www.r2cpress.com.br\/v1\/wp-json\/wp\/v2\/comments?post=53253"}],"version-history":[{"count":3,"href":"https:\/\/www.r2cpress.com.br\/v1\/wp-json\/wp\/v2\/posts\/53253\/revisions"}],"predecessor-version":[{"id":53256,"href":"https:\/\/www.r2cpress.com.br\/v1\/wp-json\/wp\/v2\/posts\/53253\/revisions\/53256"}],"wp:attachment":[{"href":"https:\/\/www.r2cpress.com.br\/v1\/wp-json\/wp\/v2\/media?parent=53253"}],"wp:term":[{"taxonomy":"category","embeddable":true,"href":"https:\/\/www.r2cpress.com.br\/v1\/wp-json\/wp\/v2\/categories?post=53253"},{"taxonomy":"post_tag","embeddable":true,"href":"https:\/\/www.r2cpress.com.br\/v1\/wp-json\/wp\/v2\/tags?post=53253"}],"curies":[{"name":"wp","href":"https:\/\/api.w.org\/{rel}","templated":true}]}}