{"id":53261,"date":"2012-11-08T18:50:07","date_gmt":"2012-11-08T21:50:07","guid":{"rendered":"http:\/\/www.r2cpress.com.br\/v1\/?p=53261"},"modified":"2012-11-08T18:50:07","modified_gmt":"2012-11-08T21:50:07","slug":"boletim-eletronico-da-agencia-camara-de-noticias-86","status":"publish","type":"post","link":"https:\/\/www.r2cpress.com.br\/v1\/2012\/11\/08\/boletim-eletronico-da-agencia-camara-de-noticias-86\/","title":{"rendered":"Boletim Eletr\u00f4nico da Ag\u00eancia C\u00e2mara de Not\u00edcias"},"content":{"rendered":"<table width=\"700\" border=\"0\" cellspacing=\"0\" cellpadding=\"0\" align=\"center\">\n<tbody>\n<tr>\n<td colspan=\"2\">\n<h2>Manchetes do dia<\/h2>\n<\/td>\n<\/tr>\n<tr>\n<td colspan=\"2\">\n<ul>\n<li><a title=\"\" href=\"http:\/\/www2.camara.leg.br\/agencia\/noticias\/INDUSTRIA-E-COMERCIO\/429683-MARCO-MAIA-DIZ-QUE-A-CAMARA-NAO-VOTARA-NOVAMENTE-O-PROJETO-DOS-ROYALTIES.html\" target=\"_blank\">Marco Maia diz que a C\u00e2mara n\u00e3o votar\u00e1 novamente o projeto dos royalties<\/a><\/li>\n<li><a title=\"\" href=\"http:\/\/www2.camara.leg.br\/agencia\/noticias\/ECONOMIA\/429617-CAMARA-APROVA-CRIACAO-DE-SECRETARIA-DA-MICRO-E-PEQUENA-EMPRESA.html\" target=\"_blank\">C\u00e2mara aprova cria\u00e7\u00e3o de Secretaria da Micro e Pequena Empresa<\/a><\/li>\n<li><a title=\"\" href=\"http:\/\/www2.camara.leg.br\/agencia\/noticias\/CIENCIA-E-TECNOLOGIA\/429624-POLEMICA-SOBRE-NEUTRALIDADE-ADIA-VOTACAO-DO-MARCO-CIVIL-DA-INTERNET.html\" target=\"_blank\">Pol\u00eamica sobre neutralidade adia vota\u00e7\u00e3o do marco civil da internet<\/a><\/li>\n<li><a title=\"\" href=\"http:\/\/www2.camara.leg.br\/agencia\/noticias\/AGROPECUARIA\/429687-COMISSAO-ENTREGA-A-MINISTROS-135-REIVINDICACOES-DO-SETOR-LEITEIRO.html\" target=\"_blank\">Comiss\u00e3o entrega a ministros 135 reivindica\u00e7\u00f5es do setor leiteiro<\/a><\/li>\n<li><a title=\"\" href=\"http:\/\/www2.camara.leg.br\/agencia\/noticias\/ADMINISTRACAO-PUBLICA\/429583-COMITE-COMECARA-A-DISCUTIR-NA-TERCA-PARALISACAO-DE-OBRAS-IRREGULARES.html\" target=\"_blank\">Comit\u00ea come\u00e7ar\u00e1 a discutir na ter\u00e7a paralisa\u00e7\u00e3o de obras irregulares<\/a><\/li>\n<\/ul>\n<\/td>\n<\/tr>\n<tr>\n<td colspan=\"2\"><\/td>\n<\/tr>\n<tr>\n<td colspan=\"2\">\n<table width=\"100%\" border=\"0\" cellspacing=\"0\" cellpadding=\"0\">\n<tbody>\n<tr>\n<td>\n<table width=\"100%\" border=\"0\" cellspacing=\"0\" cellpadding=\"0\">\n<tbody>\n<tr>\n<td rowspan=\"2\" valign=\"top\" width=\"70%\">\n<table width=\"100%\" border=\"0\" cellspacing=\"0\" cellpadding=\"0\">\n<tbody>\n<tr bgcolor=\"#FFFFFF\">\n<td>\n<h2>ADMINISTRA\u00c7\u00c3O P\u00daBLICA<\/h2>\n<\/td>\n<\/tr>\n<tr>\n<td>\n<ul>\n<li><a title=\"\" href=\"http:\/\/www2.camara.leg.br\/agencia\/noticias\/MEIO-AMBIENTE\/429596-GREENPEACE:-BRASIL-PERDEU-O-SENSO-DE-URGENCIA-EM-RELACAO-AS-MUDANCAS-CLIMATICAS.html\" target=\"_blank\">Greenpeace: Brasil perdeu o senso de urg\u00eancia em rela\u00e7\u00e3o \u00e0s mudan\u00e7as clim\u00e1ticas<\/a><\/li>\n<li><a title=\"\" href=\"http:\/\/www2.camara.leg.br\/agencia\/noticias\/ADMINISTRACAO-PUBLICA\/429614-ORCAMENTO:-RELATOR-APRESENTA-PARECER-A-EMENDAS-SEM-REAJUSTE-AO-STF.html\" target=\"_blank\">Or\u00e7amento: relator apresenta parecer a emendas sem reajuste ao STF<\/a><\/li>\n<li><a title=\"\" href=\"http:\/\/www2.camara.leg.br\/agencia\/noticias\/TRABALHO-E-PREVIDENCIA\/429670-DEBATEDORES-DESTACAM-PROBLEMAS-DE-FINANCIAMENTO-E-DE-GESTAO-NA-GEAP.html\" target=\"_blank\">Debatedores destacam problemas de financiamento e de gest\u00e3o na Geap<\/a><\/li>\n<li><a title=\"\" href=\"http:\/\/www2.camara.leg.br\/agencia\/noticias\/TRANSPORTE-E-TRANSITO\/429692-CAMARA-REJEITA-PRIVILEGIOS-PARA-AUTORIDADES-EM-AEROPORTOS.html\" target=\"_blank\">C\u00e2mara rejeita privil\u00e9gios para autoridades em aeroportos<\/a><\/li>\n<li><a title=\"\" href=\"http:\/\/www2.camara.leg.br\/agencia\/noticias\/ADMINISTRACAO-PUBLICA\/429702-COMISSAO-INVESTIGARA-IRREGULARIDADES-EM-PORTOS-DE-PARANAGUA-E-ANTONINA.html\" target=\"_blank\">Comiss\u00e3o investigar\u00e1 irregularidades em portos de Paranagu\u00e1 e Antonina<\/a><\/li>\n<li><a title=\"\" href=\"http:\/\/www2.camara.leg.br\/agencia\/noticias\/ADMINISTRACAO-PUBLICA\/429704-COMISSAO-ARQUIVA-FISCALIZACAO-DE-OBRAS-EM-16-PORTOS.html\" target=\"_blank\">Comiss\u00e3o arquiva fiscaliza\u00e7\u00e3o de obras em 16 portos<\/a><\/li>\n<li><a title=\"\" href=\"http:\/\/www2.camara.leg.br\/agencia\/noticias\/TRANSPORTE-E-TRANSITO\/429705-COMISSAO-APROVA-ESTRUTURA-MINIMA-PARA-TERMINAIS-RODOVIARIOS.html\" target=\"_blank\">Comiss\u00e3o aprova estrutura m\u00ednima para terminais rodovi\u00e1rios<\/a><\/li>\n<\/ul>\n<\/td>\n<\/tr>\n<tr bgcolor=\"#FFFFFF\">\n<td>\n<h2>AGROPECU\u00c1RIA<\/h2>\n<\/td>\n<\/tr>\n<tr>\n<td>\n<ul>\n<li><a title=\"\" href=\"http:\/\/www2.camara.leg.br\/agencia\/noticias\/AGROPECUARIA\/429604-DEBATEDORES-APONTAM-ENTRAVES-PARA-A-DIFUSAO-DA-TECNOLOGIA-AGROPECUARIA.html\" target=\"_blank\">Debatedores apontam entraves para a difus\u00e3o da tecnologia agropecu\u00e1ria<\/a><\/li>\n<li><a title=\"\" href=\"http:\/\/www2.camara.leg.br\/agencia\/noticias\/MEIO-AMBIENTE\/429686-MEIO-AMBIENTE-DEVE-CRIAR-SUBCOMISSAO-PARA-AVALIAR-TRANSGENICOS-NO-BRASIL.html\" target=\"_blank\">Meio Ambiente deve criar subcomiss\u00e3o para avaliar transg\u00eanicos no Brasil<\/a><\/li>\n<\/ul>\n<\/td>\n<\/tr>\n<tr bgcolor=\"#FFFFFF\">\n<td>\n<h2>CIDADES<\/h2>\n<\/td>\n<\/tr>\n<tr>\n<td>\n<ul>\n<li><a title=\"\" href=\"http:\/\/www2.camara.leg.br\/agencia\/noticias\/INDUSTRIA-E-COMERCIO\/429621-COMISSAO-DISCUTIRA-EXPLORACAO-MINERAL-EM-TERRAS-INDIGENAS-COM-FUNAI-E-MINISTRO-DA-JUSTICA.html\" target=\"_blank\">Comiss\u00e3o discutir\u00e1 explora\u00e7\u00e3o mineral em terras ind\u00edgenas com Funai e ministro da Justi\u00e7a<\/a><\/li>\n<li><a title=\"\" href=\"http:\/\/www2.camara.leg.br\/agencia\/noticias\/CIDADES\/429625-EMPRESAS-CRITICAM-PROJETO-QUE-TRANSFORMA-CONDOMINIO-EM-PESSOA-JURIDICA.html\" target=\"_blank\">Empresas criticam projeto que transforma condom\u00ednio em pessoa jur\u00eddica<\/a><\/li>\n<li><a title=\"\" href=\"http:\/\/www2.camara.leg.br\/agencia\/noticias\/TRANSPORTE-E-TRANSITO\/429688-VIACAO-E-TRANSPORTES-APROVA-DIVULGACAO-DE-NUMERO-PARA-DENUNCIAS-EM-ONIBUS.html\" target=\"_blank\">Via\u00e7\u00e3o e Transportes aprova divulga\u00e7\u00e3o de n\u00famero para den\u00fancias em \u00f4nibus<\/a><\/li>\n<li><a title=\"\" href=\"http:\/\/www2.camara.leg.br\/agencia\/noticias\/TRANSPORTE-E-TRANSITO\/429697-CAMARA-REJEITA-INCLUIR-NO-CTB-IDADE-MINIMA-DE-18-ANOS-PARA-DIRIGIR-BICICLETA-ELETRICA.html\" target=\"_blank\">C\u00e2mara rejeita incluir no CTB idade m\u00ednima de 18 anos para dirigir bicicleta el\u00e9trica<\/a><\/li>\n<li><a title=\"\" href=\"http:\/\/www2.camara.leg.br\/agencia\/noticias\/TRANSPORTE-E-TRANSITO\/429706-COMISSAO-APROVA-REMOCAO-DE-ANIMAIS-DA-PISTA-EM-CASO-DE-ACIDENTE.html\" target=\"_blank\">Comiss\u00e3o aprova remo\u00e7\u00e3o de animais da pista em caso de acidente<\/a><\/li>\n<\/ul>\n<\/td>\n<\/tr>\n<tr bgcolor=\"#FFFFFF\">\n<td>\n<h2>CONSUMIDOR<\/h2>\n<\/td>\n<\/tr>\n<tr>\n<td>\n<ul>\n<li><a title=\"\" href=\"http:\/\/www2.camara.leg.br\/agencia\/noticias\/ECONOMIA\/429669-DEBATEDORES-SE-DIVIDEM-SOBRE-PROPOSTA-DE-NOVA-LEI-PARA-O-MERCADO-DE-SEGUROS.html\" target=\"_blank\">Debatedores se dividem sobre proposta de nova lei para o mercado de seguros<\/a><\/li>\n<li><a title=\"\" href=\"http:\/\/www2.camara.leg.br\/agencia\/noticias\/INDUSTRIA-E-COMERCIO\/429678-SETORES-DE-PAPELARIA-E-GRAFICO-APELAM-POR-ISENCAO-FISCAL-PARA-PRODUTOS-ESCOLARES.html\" target=\"_blank\">Setores de papelaria e gr\u00e1fico apelam por isen\u00e7\u00e3o fiscal para produtos escolares<\/a><\/li>\n<\/ul>\n<\/td>\n<\/tr>\n<tr bgcolor=\"#FFFFFF\">\n<td>\n<h2>DIREITOS HUMANOS<\/h2>\n<\/td>\n<\/tr>\n<tr>\n<td>\n<ul>\n<li><a title=\"\" href=\"http:\/\/www2.camara.leg.br\/agencia\/noticias\/INDUSTRIA-E-COMERCIO\/429616-MERCADO-DE-MINERIOS-ESTRATEGICOS-DEVE-SER-ESTUDADO-NA-CAMARA.html\" target=\"_blank\">Mercado de min\u00e9rios estrat\u00e9gicos deve ser estudado na C\u00e2mara<\/a><\/li>\n<li><a title=\"\" href=\"http:\/\/www2.camara.leg.br\/agencia\/noticias\/DIREITOS-HUMANOS\/429632-CPMI-OUVE-DENUNCIAS-DE-MOVIMENTOS-FEMINISTAS-EM-AUDIENCIA-NA-ALERJ.html\" target=\"_blank\">CPMI ouve den\u00fancias de movimentos feministas em audi\u00eancia na Alerj<\/a><\/li>\n<\/ul>\n<\/td>\n<\/tr>\n<tr bgcolor=\"#FFFFFF\">\n<td>\n<h2>ECONOMIA<\/h2>\n<\/td>\n<\/tr>\n<tr>\n<td>\n<ul>\n<li><a title=\"\" href=\"http:\/\/www2.camara.leg.br\/agencia\/noticias\/RELACOES-EXTERIORES\/429707-DEPUTADO-ACREDITA-QUE-PARLASUL-PODERA-SER-REATIVADO-A-PARTIR-DE-DEZEMBRO.html\" target=\"_blank\">Deputado acredita que Parlasul poder\u00e1 ser reativado a partir de dezembro<\/a><\/li>\n<\/ul>\n<\/td>\n<\/tr>\n<tr bgcolor=\"#FFFFFF\">\n<td>\n<h2>RELA\u00c7\u00d5ES EXTERIORES<\/h2>\n<\/td>\n<\/tr>\n<tr>\n<td>\n<ul>\n<li><a title=\"\" href=\"http:\/\/www2.camara.leg.br\/agencia\/noticias\/RELACOES-EXTERIORES\/429663-CAMARA-APROVA-QUATRO-ACORDOS-INTERNACIONAIS.html\" target=\"_blank\">C\u00e2mara aprova quatro acordos internacionais<\/a><\/li>\n<\/ul>\n<\/td>\n<\/tr>\n<tr bgcolor=\"#FFFFFF\">\n<td>\n<h2>TRABALHO E PREVID\u00caNCIA<\/h2>\n<\/td>\n<\/tr>\n<tr>\n<td>\n<ul>\n<li><a title=\"\" href=\"http:\/\/www2.camara.leg.br\/agencia\/noticias\/TRABALHO-E-PREVIDENCIA\/429703-COMISSAO-VAI-INVESTIGAR-DENUNCIA-DE-CONTRATACAO-IRREGULAR-NA-ECT-DE-GOIAS.html\" target=\"_blank\">Comiss\u00e3o vai investigar den\u00fancia de contrata\u00e7\u00e3o irregular na ECT de Goi\u00e1s<\/a><\/li>\n<\/ul>\n<\/td>\n<\/tr>\n<\/tbody>\n<\/table>\n<\/td>\n<\/tr>\n<\/tbody>\n<\/table>\n<\/td>\n<\/tr>\n<\/tbody>\n<\/table>\n<\/td>\n<\/tr>\n<\/tbody>\n<\/table>\n","protected":false},"excerpt":{"rendered":"<p>Manchetes do dia Marco Maia diz que a C\u00e2mara n\u00e3o votar\u00e1 novamente o projeto dos royalties C\u00e2mara aprova cria\u00e7\u00e3o de Secretaria da Micro e Pequena Empresa Pol\u00eamica sobre neutralidade adia vota\u00e7\u00e3o do marco civil da internet Comiss\u00e3o entrega a ministros 135 reivindica\u00e7\u00f5es do setor leiteiro Comit\u00ea come\u00e7ar\u00e1 a discutir na ter\u00e7a paralisa\u00e7\u00e3o de obras irregulares [&hellip;]<\/p>\n","protected":false},"author":2,"featured_media":0,"comment_status":"open","ping_status":"open","sticky":false,"template":"","format":"standard","meta":{"_links_to":"","_links_to_target":""},"categories":[18],"tags":[],"_links":{"self":[{"href":"https:\/\/www.r2cpress.com.br\/v1\/wp-json\/wp\/v2\/posts\/53261"}],"collection":[{"href":"https:\/\/www.r2cpress.com.br\/v1\/wp-json\/wp\/v2\/posts"}],"about":[{"href":"https:\/\/www.r2cpress.com.br\/v1\/wp-json\/wp\/v2\/types\/post"}],"author":[{"embeddable":true,"href":"https:\/\/www.r2cpress.com.br\/v1\/wp-json\/wp\/v2\/users\/2"}],"replies":[{"embeddable":true,"href":"https:\/\/www.r2cpress.com.br\/v1\/wp-json\/wp\/v2\/comments?post=53261"}],"version-history":[{"count":3,"href":"https:\/\/www.r2cpress.com.br\/v1\/wp-json\/wp\/v2\/posts\/53261\/revisions"}],"predecessor-version":[{"id":53264,"href":"https:\/\/www.r2cpress.com.br\/v1\/wp-json\/wp\/v2\/posts\/53261\/revisions\/53264"}],"wp:attachment":[{"href":"https:\/\/www.r2cpress.com.br\/v1\/wp-json\/wp\/v2\/media?parent=53261"}],"wp:term":[{"taxonomy":"category","embeddable":true,"href":"https:\/\/www.r2cpress.com.br\/v1\/wp-json\/wp\/v2\/categories?post=53261"},{"taxonomy":"post_tag","embeddable":true,"href":"https:\/\/www.r2cpress.com.br\/v1\/wp-json\/wp\/v2\/tags?post=53261"}],"curies":[{"name":"wp","href":"https:\/\/api.w.org\/{rel}","templated":true}]}}