{"id":53265,"date":"2012-11-08T20:26:40","date_gmt":"2012-11-08T23:26:40","guid":{"rendered":"http:\/\/www.r2cpress.com.br\/v1\/?p=53265"},"modified":"2012-11-08T20:26:40","modified_gmt":"2012-11-08T23:26:40","slug":"morro-de-pernambuco","status":"publish","type":"post","link":"https:\/\/www.r2cpress.com.br\/v1\/2012\/11\/08\/morro-de-pernambuco\/","title":{"rendered":"Morro de Pernambuco"},"content":{"rendered":"<p><span style=\"font-family: Calibri; font-size: medium;\">Rabat<\/span><\/p>\n<p><span style=\"font-family: Calibri; font-size: medium;\"><img loading=\"lazy\" class=\"alignleft\" src=\"http:\/\/www.r2cpress.com.br\/v1\/wp-content\/uploads\/rodrigo-lagu%C3%A1rdia.jpg\" alt=\"\" width=\"300\" height=\"135\" \/>Tudo bem ? H\u00e1 um bom tempo n\u00e3o escrevo no site, e para ser sincero nem estou acompanhando muito as noticias, o tempo est\u00e1 curt\u00edssimo.<\/span><\/p>\n<p><span style=\"font-family: Calibri; font-size: medium;\">Por\u00e9m, quando vejo v\u00e1rias pessoas criticando o que est\u00e1 sendo constru\u00eddo no Morro de Pernambuco, se existe licen\u00e7a, que \u00e9 proibido, que isso, que aquilo. N\u00e3o tem como n\u00e3o expressar minha opini\u00e3o.<\/span><\/p>\n<p><span style=\"font-family: Calibri; font-size: medium;\">Estas vis\u00f5es, podemos dizer \u201cpreconceituosas\u201d para mudan\u00e7as, s\u00e3o impressionantes no povo de Ilh\u00e9us, as pessoas se pudessem viviam na d\u00e9cada de 60 e nada mudava.<\/span><\/p>\n<p><span style=\"font-family: Calibri; font-size: medium;\">J\u00e1 estamos na segunda gera\u00e7\u00e3o p\u00f3s-economia cacaueira, entrando na terceira e as pessoas n\u00e3o quebram o paradigma de que qualquer mudan\u00e7a para melhor \u00e9 bem vinda.<\/span><\/p>\n<p><span style=\"font-family: Calibri; font-size: medium;\">Pergunto: quem critica ou questiona j\u00e1 deu a volta toda no Morro de Pernambuco ? J\u00e1 foi ate o farol ? J\u00e1 subiu e desceu por todos os lados do Morro ? Bom, eu j\u00e1 fiz isto, tirando a praia e as pedras l\u00e1 s\u00f3 tem mato, lixo e coqueiros.<\/span><\/p>\n<p><span style=\"font-family: Calibri; font-size: medium;\">Ent\u00e3o se vai haver um empreendimento no local, e seja ele qual for, desejo apenas que seja aberto ao p\u00fablico e tenho certeza que ir\u00e1 valorizar o local, a vista e a cidade&#8230; E que seja feito LOGO. <\/span><\/p>\n<p><span style=\"font-family: Calibri; font-size: medium;\">As pessoas deviam reclamar de Ilh\u00e9us ter sido Capitania Heredit\u00e1ria e at\u00e9 hoje nunca ter tido um mirante naquele morro, para que os visitantes e principalmente os pr\u00f3prios Ilheenses pudessem desfrutar de assistir o p\u00f4r ou nascer do sol naquele local lindo.<\/span><\/p>\n<p><span style=\"font-family: Calibri; font-size: medium;\">N\u00e3o entrando no m\u00e9rito da legalidade do empreendimento ou de quem s\u00e3o os donos, acredito que dever\u00edamos apoiar sempre novas iniciativas, empreendimentos e mudan\u00e7as e n\u00e3o apenas criticar e criticar, reclamar e reclamar, lamentar e lamentar !!! Parece que \u00e9 s\u00f3 isso que muitos Ilheenses fazem em rela\u00e7\u00e3o \u00e0 pr\u00f3pria cidade.<\/span><\/p>\n<p><span style=\"font-family: Calibri; font-size: medium;\">Precisamos ter mudan\u00e7as e melhorias em todos os sentidos, pois Ilh\u00e9us est\u00e1 parada no tempo. Parab\u00e9ns a quem est\u00e1 construindo algo l\u00e1 no Morro de Pernambuco, pois aquele local t\u00e3o lindo n\u00e3o merecia apenas ter mato, coqueiros, lixo e um farol para o resto da sua vida.<\/span><\/p>\n<p><span style=\"font-family: Calibri; font-size: medium;\">Abcs<\/span><\/p>\n<p>Rodrigo Lagu\u00e1rdia<\/p>\n","protected":false},"excerpt":{"rendered":"<p>Rabat Tudo bem ? H\u00e1 um bom tempo n\u00e3o escrevo no site, e para ser sincero nem estou acompanhando muito as noticias, o tempo est\u00e1 curt\u00edssimo. Por\u00e9m, quando vejo v\u00e1rias pessoas criticando o que est\u00e1 sendo constru\u00eddo no Morro de Pernambuco, se existe licen\u00e7a, que \u00e9 proibido, que isso, que aquilo. N\u00e3o tem como n\u00e3o [&hellip;]<\/p>\n","protected":false},"author":2,"featured_media":0,"comment_status":"open","ping_status":"open","sticky":false,"template":"","format":"standard","meta":{"_links_to":"","_links_to_target":""},"categories":[10],"tags":[],"_links":{"self":[{"href":"https:\/\/www.r2cpress.com.br\/v1\/wp-json\/wp\/v2\/posts\/53265"}],"collection":[{"href":"https:\/\/www.r2cpress.com.br\/v1\/wp-json\/wp\/v2\/posts"}],"about":[{"href":"https:\/\/www.r2cpress.com.br\/v1\/wp-json\/wp\/v2\/types\/post"}],"author":[{"embeddable":true,"href":"https:\/\/www.r2cpress.com.br\/v1\/wp-json\/wp\/v2\/users\/2"}],"replies":[{"embeddable":true,"href":"https:\/\/www.r2cpress.com.br\/v1\/wp-json\/wp\/v2\/comments?post=53265"}],"version-history":[{"count":3,"href":"https:\/\/www.r2cpress.com.br\/v1\/wp-json\/wp\/v2\/posts\/53265\/revisions"}],"predecessor-version":[{"id":53268,"href":"https:\/\/www.r2cpress.com.br\/v1\/wp-json\/wp\/v2\/posts\/53265\/revisions\/53268"}],"wp:attachment":[{"href":"https:\/\/www.r2cpress.com.br\/v1\/wp-json\/wp\/v2\/media?parent=53265"}],"wp:term":[{"taxonomy":"category","embeddable":true,"href":"https:\/\/www.r2cpress.com.br\/v1\/wp-json\/wp\/v2\/categories?post=53265"},{"taxonomy":"post_tag","embeddable":true,"href":"https:\/\/www.r2cpress.com.br\/v1\/wp-json\/wp\/v2\/tags?post=53265"}],"curies":[{"name":"wp","href":"https:\/\/api.w.org\/{rel}","templated":true}]}}