{"id":53291,"date":"2012-11-09T12:04:34","date_gmt":"2012-11-09T15:04:34","guid":{"rendered":"http:\/\/www.r2cpress.com.br\/v1\/?p=53291"},"modified":"2012-11-09T12:04:34","modified_gmt":"2012-11-09T15:04:34","slug":"prefeitura-municipal-de-ilheus-373","status":"publish","type":"post","link":"https:\/\/www.r2cpress.com.br\/v1\/2012\/11\/09\/prefeitura-municipal-de-ilheus-373\/","title":{"rendered":"Prefeitura Municipal de Ilh\u00e9us"},"content":{"rendered":"<p><center><a href=\"http:\/\/www.r2cpress.com.br\/v1\/wp-content\/uploads\/MONT-CAPA-SITE-04-F3.jpg\"><img loading=\"lazy\" src=\"http:\/\/www.r2cpress.com.br\/v1\/wp-content\/uploads\/MONT-CAPA-SITE-04-F3.jpg\" alt=\"\" title=\"MONT CAPA SITE 04 F\" width=\"550\" height=\"382\" class=\"aligncenter size-full wp-image-53292\" srcset=\"https:\/\/www.r2cpress.com.br\/v1\/wp-content\/uploads\/MONT-CAPA-SITE-04-F3.jpg 550w, https:\/\/www.r2cpress.com.br\/v1\/wp-content\/uploads\/MONT-CAPA-SITE-04-F3-300x208.jpg 300w\" sizes=\"(max-width: 550px) 100vw, 550px\" \/><\/a><br \/>\nComiss\u00e3o de Transi\u00e7\u00e3o Administrativa  far\u00e1 primeira reuni\u00e3o no pr\u00f3ximo dia 12<br \/>\nConsulta p\u00fablica discutir\u00e1 cria\u00e7\u00e3o de unidade de conserva\u00e7\u00e3o em Ilh\u00e9us<br \/>\nTransatl\u00e2ntico Grand Mistral  chega a Ilh\u00e9us neste domingo<\/center><\/p>\n<p><!--more--><\/p>\n<p>***<\/p>\n<p><strong>Comiss\u00e3o de Transi\u00e7\u00e3o Administrativa  far\u00e1 primeira reuni\u00e3o no pr\u00f3ximo dia 12<\/strong><\/p>\n<p>Ap\u00f3s ser constitu\u00edda e nomeada pelo prefeito de Ilh\u00e9us, Newton Lima, por meio do decreto 094\/2012, a Comiss\u00e3o de Transi\u00e7\u00e3o de Governo se re\u00fane pela primeira vez na pr\u00f3xima segunda-feira (12), a partir das 13 horas, no quinto andar do pr\u00e9dio Anexo de Secretarias, ao lado do Pal\u00e1cio Paranagu\u00e1. O coordenador da Comiss\u00e3o, o controlador-geral do Munic\u00edpio, Pedro Sanches de Oliveira, explicou que o encontro ter\u00e1 como finalidade a entrega do Plano Plurianual (PPA), da Lei de Diretrizes Or\u00e7ament\u00e1rias (LDO) e da Lei Or\u00e7ament\u00e1ria Anual (LOA) aos membros da comiss\u00e3o indicados pelo governo eleito.<br \/>\nAl\u00e9m do controlador-geral do Munic\u00edpio, fazem parte da comiss\u00e3o o subprocurador-geral do Munic\u00edpio, Ricardo Teixeira Machado; o secret\u00e1rio municipal da Fazenda, Ant\u00f4nio Batista Neto; o secret\u00e1rio municipal de Administra\u00e7\u00e3o Interino, Jos\u00e9 Nazal Pacheco Soub; e o secret\u00e1rio municipal de Seguran\u00e7a, Transporte e Tr\u00e2nsito, Cl\u00f3vis Cunha. Tamb\u00e9m foram nomeados, representando o governo eleito, Ant\u00f4nio Joaquim Bastos Silva, Israel Nunes Silva, Isaac Albagli de Almeida, Carlos da Silva Mascarenhas, John Sousa Ribeiro, Victor Roberto da Veiga Ferreira, Wladimir Mendes Hughes e Marcos Paulo Azevedo.<br \/>\nSobre a reuni\u00e3o, Sanches afirmou ainda que, na oportunidade, ser\u00e1 definido um plano de trabalho para ser executado at\u00e9 o \u00faltimo dia da atual gest\u00e3o, dia 31 de dezembro deste ano, e que tamb\u00e9m ser\u00e1 deliberada a defini\u00e7\u00e3o sobre os dias e hor\u00e1rios para funcionamento da comiss\u00e3o. \u201cV\u00e1rias reuni\u00f5es ser\u00e3o realizadas e, por determina\u00e7\u00e3o do prefeito Newton Lima, todos os membros do governo, ocupantes de cargos comissionados, bem como os servidores, dever\u00e3o contribuir para o bom desempenho da comiss\u00e3o, disponibilizando informa\u00e7\u00f5es e fazendo tudo o que for necess\u00e1rio para que o processo de transi\u00e7\u00e3o ocorra de forma tranq\u00fcila\u201d, afirmou o coordenador da comiss\u00e3o.<br \/>\nA garantia de uma transi\u00e7\u00e3o administrativa municipal pac\u00edfica, transparente, clara, direta, democr\u00e1tica e dentro do que determina Constitui\u00e7\u00e3o Federal, a Lei Complementar 101, de 4 de maio de 2000, e a Resolu\u00e7\u00e3o 1.311\/12 do Tribunal de Contas dos Munic\u00edpios do Estado da Bahia, foi um dos compromissos assumidos pelo prefeito Newton Lima durante o encontro com o prefeito eleito Jabes Ribeiro e o vice Cac\u00e1 Colch\u00f5es, no \u00faltimo dia 19 de outubro, logo ap\u00f3s as elei\u00e7\u00f5es municipais. <\/p>\n<p><strong>Consulta p\u00fablica discutir\u00e1 cria\u00e7\u00e3o de unidade de conserva\u00e7\u00e3o em Ilh\u00e9us<\/strong><\/p>\n<p>A Secretaria Estadual do Meio Ambiente (Sema), atrav\u00e9s do Instituto do Meio Ambiente e Recursos H\u00eddricos (Inema), com o apoio da Prefeitura de Ilh\u00e9us, estar\u00e1 realizando no pr\u00f3ximo dia 21 de novembro uma consulta p\u00fablica para apresentar a proposta de cria\u00e7\u00e3o da Unidade de Conserva\u00e7\u00e3o Ref\u00fagio da Vida Silvestre (RVS) da Lagoa Encantada. O evento, aberto ao p\u00fablico, ser\u00e1 realizado das 8 \u00e0s 13 horas, na C\u00e2mara Municipal de Ilh\u00e9us, e vai contar com a participa\u00e7\u00e3o do secret\u00e1rio estadual do Meio Ambiente, Eug\u00eanio Spengler, representantes dos governos municipal, estadual e federal, do setor empresarial e dos segmentos organizados da sociedade.<br \/>\nDe acordo com a programa\u00e7\u00e3o, o evento ser\u00e1 aberto \u00e0s 8 horas, com a apresenta\u00e7\u00e3o do projeto de cria\u00e7\u00e3o da unidade de Conserva\u00e7\u00e3o Ref\u00fagio da Vida Silvestre. Em seguida o espa\u00e7o ser\u00e1 aberto para as discuss\u00f5es, com esclarecimentos de d\u00favidas e informa\u00e7\u00f5es mais detalhadas sobre a proposta. O chefe de Gabinete e secret\u00e1rio interino de Administra\u00e7\u00e3o da Prefeitura de Ilh\u00e9us, Jos\u00e9 Nazal Pacheco Soub, informou que j\u00e1 est\u00e1 sendo disponibilizado para o p\u00fablico o resumo executivo da consulta p\u00fablica. Os interessados devem se dirigir ao Gabinete do Prefeito para ter acesso ao projeto.<br \/>\nO diretor de Unidades de Conserva\u00e7\u00e3o do Inema, Iv\u00e3 Amorim, explicou que em fun\u00e7\u00e3o de projetos de infraestrutura e empreendimentos previstos para serem implantados no Territ\u00f3rio do Litoral Sul, a exemplo da Ferrovia de Integra\u00e7\u00e3o Oeste-Leste (Fiol), a Sema ir\u00e1 apresentar propostas para a cria\u00e7\u00e3o do Parque Estadual das Nascentes do Almada e Serra do Corcovado e dois Ref\u00fagios de Vida Silvestre (RVS), sendo um das Nascentes do Almada e o outro da Lagoa Encantada, em Ilh\u00e9us. O objetivo \u00e9 aumentar a extens\u00e3o das \u00e1reas protegidas no sul da Bahia. Ele informou que a Secretaria do Meio Ambiente do Estado da Bahia considerou relevante identificar \u00e1reas na Bacia Hidrogr\u00e1fica do Rio Almada e na APA para cria\u00e7\u00e3o de unidades de conserva\u00e7\u00e3o de prote\u00e7\u00e3o integral com o intuito de ampliar as \u00e1reas de prote\u00e7\u00e3o.<br \/>\nConforme o documento apresentado pelo Inema,  a \u00c1rea de Prote\u00e7\u00e3o Ambiental (APA) da Lagoa Encantada e Rio Almada, localizada no sul do Estado da Bahia, desempenha importante papel para a conserva\u00e7\u00e3o da biodiversidade. Inserida no Corredor Central da Mata Atl\u00e2ntica, forma juntamente com a APA Costa de Itacar\u00e9\/Serra Grande e o Parque Estadual da Serra do Conduru (Pesc) um conjunto de unidades de conserva\u00e7\u00e3o estadual de extrema relev\u00e2ncia ambiental. O Pesc, considerado como \u00e1rea n\u00facleo do Corredor Central da Mata Atl\u00e2ntica, apresenta recorde mundial de biodiversidade em esp\u00e9cies vegetais, alto endemismo, esp\u00e9cies raras, grande riqueza de recursos h\u00eddricos, com cerca de 30 rios e riachos que abastecem a Lagoa Encantada e bacias hidrogr\u00e1ficas importantes na regi\u00e3o, dentre outras peculiaridades.<\/p>\n<p><strong>Transatl\u00e2ntico Grand Mistral  chega a Ilh\u00e9us neste domingo<\/strong><\/p>\n<p>Mais de 75 mil turistas chegar\u00e3o a Ilh\u00e9us durante a temporada 2012\/2013 de navios transatl\u00e2nticos, que come\u00e7ou na \u00faltima segunda-feira (5) e vai at\u00e9 o dia 20 de mar\u00e7o. E neste domingo (11) chega \u00e0 cidade o luxuoso navio Grand Mistral, que atracar\u00e1 no Porto de Ilh\u00e9us \u00e0s 8 horas da manh\u00e3 trazendo 1.600 turistas. De acordo com a programa\u00e7\u00e3o, ainda em novembro, no dia 24, Ilh\u00e9us receber\u00e1 o navio Grand Celebration, que tamb\u00e9m se impressiona pela beleza e sofistica\u00e7\u00e3o, trazendo para a cidade 1.690 passageiros.<br \/>\nO Grand Mistral \u00e9 um navio de \u00faltima gera\u00e7\u00e3o que faz grande sucesso na Europa e se tornou um dos cruzeiros mais desejados do Brasil. O transatl\u00e2ntico apresenta infraestrutura com tecnologia avan\u00e7ada de constru\u00e7\u00e3o, instala\u00e7\u00f5es e aparelhos modernos, al\u00e9m de seu design arrojado, cabines espa\u00e7osas e variadas e exclusivas atra\u00e7\u00f5es, sejam para o dia ou \u00e0 noite. Com in\u00fameras op\u00e7\u00f5es de lazer, o navio \u00e9 a viagem ideal para conhecer bel\u00edssimas cidades da costa brasileira da maneira mais confort\u00e1vel que poderia existir.<br \/>\nConsiderada como um importante vetor de desenvolvimento do turismo regional, a chegada dos navios com turistas movimenta a economia da cidade e de munic\u00edpios vizinhos. Encantados com as hist\u00f3rias relatadas nos livros de Jorge Amado, muitos visitantes desembarcam na cidade ansiosos para conhecer pontos tur\u00edsticos como o Bataclan, o Bar Ves\u00favio, a Casa de Jorge Amado, os casar\u00f5es dos antigos coron\u00e9is, al\u00e9m das fazendas de cacau e as praias que chamam a aten\u00e7\u00e3o pela sua beleza. Somente para se ter ideia dos benef\u00edcios para Ilh\u00e9us, cada cruzeirista gasta em m\u00e9dia, a cada parada, em torno de US$ 75.00, garantindo mais renda para a economia formal e informal.<br \/>\nO prefeito de Ilh\u00e9us, Newton Lima, reconhece a import\u00e2ncia da chegada dos navios e o quanto significa esse segmento para impulsionar o turismo local. E para garantir uma imagem ainda mais positiva da cidade, Newton Lima determinou aos setores e secretarias competentes a realiza\u00e7\u00e3o de servi\u00e7os como a limpeza, ilumina\u00e7\u00e3o e sinaliza\u00e7\u00e3o da avenida Soares Lopes e adjac\u00eancias, como forma de melhor orientar e garantir a seguran\u00e7a dos visitantes. O prefeito argumenta que a chegada desses cruzeiros, todos eles de alto luxo, vai gerar mais renda para a cidade, da\u00ed a import\u00e2ncia de receber bem os visitantes.<br \/>\nE a temporada de chegada de navios transatl\u00e2nticos continua. Em dezembro a temporada de navios prossegue com a chegada do transatl\u00e2ntico Costa Fascinosa, no dia 10, \u00e0s 8 horas, trazendo 3.780 turistas. J\u00e1 no dia 11 atracar\u00e1 no Porto de Ilh\u00e9us o navio MSC Fantasia, de alto luxo, que trar\u00e1 nada menos que 3.952 passageiros. Tamb\u00e9m est\u00e3o previstas para dezembro as paradas dos navios Costa Favolosa, no dia 14, Costa Fortuna, no dia 15, MSC Orchestra, no dia 19, Aidacara, no dia 25, e Grand Mistral, no dia 30. A temporada 2012\/2013 ser\u00e1 encerrada com a chegada do navio Costa Fascinosa, no dia 20 de mar\u00e7o.<\/p>\n","protected":false},"excerpt":{"rendered":"<p>Comiss\u00e3o de Transi\u00e7\u00e3o Administrativa far\u00e1 primeira reuni\u00e3o no pr\u00f3ximo dia 12 Consulta p\u00fablica discutir\u00e1 cria\u00e7\u00e3o de unidade de conserva\u00e7\u00e3o em Ilh\u00e9us Transatl\u00e2ntico Grand Mistral chega a Ilh\u00e9us neste domingo<\/p>\n","protected":false},"author":2,"featured_media":0,"comment_status":"open","ping_status":"open","sticky":false,"template":"","format":"standard","meta":{"_links_to":"","_links_to_target":""},"categories":[23],"tags":[],"_links":{"self":[{"href":"https:\/\/www.r2cpress.com.br\/v1\/wp-json\/wp\/v2\/posts\/53291"}],"collection":[{"href":"https:\/\/www.r2cpress.com.br\/v1\/wp-json\/wp\/v2\/posts"}],"about":[{"href":"https:\/\/www.r2cpress.com.br\/v1\/wp-json\/wp\/v2\/types\/post"}],"author":[{"embeddable":true,"href":"https:\/\/www.r2cpress.com.br\/v1\/wp-json\/wp\/v2\/users\/2"}],"replies":[{"embeddable":true,"href":"https:\/\/www.r2cpress.com.br\/v1\/wp-json\/wp\/v2\/comments?post=53291"}],"version-history":[{"count":3,"href":"https:\/\/www.r2cpress.com.br\/v1\/wp-json\/wp\/v2\/posts\/53291\/revisions"}],"predecessor-version":[{"id":53295,"href":"https:\/\/www.r2cpress.com.br\/v1\/wp-json\/wp\/v2\/posts\/53291\/revisions\/53295"}],"wp:attachment":[{"href":"https:\/\/www.r2cpress.com.br\/v1\/wp-json\/wp\/v2\/media?parent=53291"}],"wp:term":[{"taxonomy":"category","embeddable":true,"href":"https:\/\/www.r2cpress.com.br\/v1\/wp-json\/wp\/v2\/categories?post=53291"},{"taxonomy":"post_tag","embeddable":true,"href":"https:\/\/www.r2cpress.com.br\/v1\/wp-json\/wp\/v2\/tags?post=53291"}],"curies":[{"name":"wp","href":"https:\/\/api.w.org\/{rel}","templated":true}]}}