{"id":53331,"date":"2012-11-09T18:35:11","date_gmt":"2012-11-09T21:35:11","guid":{"rendered":"http:\/\/www.r2cpress.com.br\/v1\/?p=53331"},"modified":"2012-11-09T18:35:11","modified_gmt":"2012-11-09T21:35:11","slug":"informativo-rotaract-club","status":"publish","type":"post","link":"https:\/\/www.r2cpress.com.br\/v1\/2012\/11\/09\/informativo-rotaract-club\/","title":{"rendered":"Informativo Rotaract Club"},"content":{"rendered":"<p style=\"text-align: center;\"><strong>I Visita a Ala Pedi\u00e1trica do Hospital Regional<\/strong><\/p>\n<p>\u00a0No dia 15 de outubro de 2012 (segunda-feira), em comemora\u00e7\u00e3o ao Dia das Crian\u00e7as, o Rotaract Club S\u00e3o Jorge dos Ilh\u00e9us realizou uma visita \u00e0 ala pedi\u00e1trica do Hospital Geral Luiz Viana Filho, o popularmente conhecido \u201cRegional\u201d, localizado no bairro da Conquista, na cidade de Ilh\u00e9us. A visita proporcionou imensa alegria e satisfa\u00e7\u00e3o a todos presentes no local. Foi uma tarde de descontra\u00e7\u00e3o \u00e0s crian\u00e7as e pais que ali se encontravam.<\/p>\n<p>Foram algumas horas nas quais as crian\u00e7as puderam por alguns instantes amenizar seus medos e suas tens\u00f5es por meio de atividades l\u00fadicas. O bem estar \u00e9 essencial para a sa\u00fade de qualquer um ser humano, e, poder possibilitar um momento de leveza recheado de tantos sorrisos foi uma oportunidade que pretendemos realizar sempre. Demonstrando habilidades art\u00edsticas, ou simplesmente brincando, os pequenos puderam ser crian\u00e7as, no mais simples dos sentidos, cantando, rindo, dan\u00e7ando e pintando, inclusive a n\u00f3s.<\/p>\n<p>Estavam presentes os seguintes membros na visita: Rafaela Pacheco (Presidente), Luiza Buente (Secret\u00e1ria), Milena Santana (Tesoureira), Jeniffer Cabral (Diretora de Servi\u00e7os \u00e0 Comunidade), Marianna Cunha (Diretora de Servi\u00e7os Ambientais), Michel Bezerra (Diretor de Servi\u00e7os Internos), Rodrigo Faria (Diretor de Publicidade e Marketing), Ingrid Souza, Robson Almeida, Lorena Guedes e Raissa Santos. Os outros rotaractianos que n\u00e3o presenciaram a a\u00e7\u00e3o participaram subjetivamente atrav\u00e9s de apoio moral, com palavras e pensamentos que engrandeceram as perspectivas de sucesso da a\u00e7\u00e3o proposta.<\/p>\n<p>A iniciativa do Clube em realizar a visita foi tomada como positiva pelo Hospital, que nos recebeu de bra\u00e7os abertos e nos proporcionou o suporte necess\u00e1rio para que tudo ocorresse bem, viabilizando o sucesso da a\u00e7\u00e3o social e produzindo um resultado que foi al\u00e9m das nossas expectativas.<\/p>\n<p>Maiores informa\u00e7\u00f5es: <a href=\"http:\/\/rotaractilheus.com\/noticias-do-rotaract\/i-visita-a-ala-pediatrica-do-hospital-regional\" target=\"_blank\">http:\/\/rotaractilheus.com\/<wbr>noticias-do-rotaract\/i-visita-<\/wbr><wbr>a-ala-pediatrica-do-hospital-<\/wbr><wbr>regional<\/wbr><\/a><\/p>\n<p style=\"text-align: center;\">\u00a0<strong>I Visita ao Col\u00e9gio e Creche Vila Nazar\u00e9<\/strong><\/p>\n<p style=\"text-align: center;\"><!--more--><\/p>\n<p>Devido ao M\u00eas da Crian\u00e7a, o Rotaract Club S\u00e3o Jorge dos Ilh\u00e9us recebeu um convite do Movimento de Cursilho de Cristandade (MCC) \u2013 que se trata de um movimento diocesano da Igreja Cat\u00f3lica \u2013 para visitar e colaborar em uma recrea\u00e7\u00e3o no Col\u00e9gio e Creche Vila Nazar\u00e9, no dia 21 de outubro de 2012, um belo domingo de sol.<\/p>\n<p>A visita contou com a presen\u00e7a do Clube que, juntamente com o MCC, fez a alegria das 109 crian\u00e7as presentes no local, distribuindo lanches, fazendo brincadeiras de roda, futebol e pintura, disponibilizando filmes e distribuindo brinquedos arrecadados ao longo dos dias para todos os \u201cpequenos\u201d que estavam presentes. N\u00e3o ficou ningu\u00e9m de \u201cm\u00e3o abananando\u201d.<\/p>\n<p>Foi uma manh\u00e3 encantadora para todos que ali estavam, desde o Movimento Cursilho aos pais das crian\u00e7as que tamb\u00e9m se fizeram presentes em meio a toda essa comemora\u00e7\u00e3o. A cada lanche, a cada brinquedo entregue, a cada sorriso proposto durante as brincadeiras perceb\u00edamos a felicidade estampada em cada pequeno rosto, bem como o seu conforto em nos ter por perto, auxiliando toda aquela felicidade que veio \u00e0 tona naquele domingo.<\/p>\n<p>Para n\u00f3s do Rotaract Club foi uma realiza\u00e7\u00e3o ver a alegria visivelmente exposta naquele lugar e todas as crian\u00e7as satisfeitas e felizes por proporcionarmos um dia realmente diferente e especial a todos, quando muitos dos pequenos esqueceram seus problemas familiares, escolares e todas as outras dificuldades e puderam curtir a sua inf\u00e2ncia, no mais simples dos sentidos, brincando, pulando, correndo, pintando, cantando, sorrindo e vivendo.<\/p>\n<p>A causa foi abra\u00e7ada com muito amor, carinho e disposi\u00e7\u00e3o por todos os realizadores e de fato foi um sucesso o apoio m\u00fatuo entre Rotaract Club S\u00e3o Jorge dos Ilh\u00e9us e Movimento de Cursilho de Cristandade em realizar a a\u00e7\u00e3o social que muito contribuiu para a vida daquelas crian\u00e7as abra\u00e7adas pelo gesto de solidariedade.<\/p>\n<p>O grupo rotaractiano se fez presente em n\u00famero menor ao seu quadro social, mas somente fisicamente. Aqueles que n\u00e3o puderam comparecer de corpo presente, compareceram em esp\u00edrito e em sentimentos, enviando vibra\u00e7\u00f5es positivas a cada imaginar de um sorriso que pairava no local.<\/p>\n<p>Maiores informa\u00e7\u00f5es: <a href=\"http:\/\/rotaractilheus.com\/noticias-do-rotaract\/visita-ao-colegio-e-creche-vila-nazare\" target=\"_blank\">http:\/\/rotaractilheus.com\/<wbr>noticias-do-rotaract\/visita-<\/wbr><wbr>ao-colegio-e-creche-vila-<\/wbr><wbr>nazare<\/wbr><\/a><\/p>\n<p>Neste Domingo, realizaremos uma nova a\u00e7\u00e3o social em conjunto com Professores, Pesquisadores e alunos dos cursos de Pedagogia (UESC) e Psicologia (Faculdade de Ilh\u00e9us) no assentamento Terra \u00e0 Vista, em Arataca-BA.<\/p>\n<p>Se for poss\u00edvel, ajude-nos com a divulga\u00e7\u00e3o dos projetos, precisamos muito do apoio da sociedade para que novos membros fa\u00e7am parte das a\u00e7\u00f5es e possamos a cada dia fazer o melhor pelo pr\u00f3ximo.<\/p>\n<p>&#8212;<\/p>\n<p>Rodrigo Faria<\/p>\n","protected":false},"excerpt":{"rendered":"<p>I Visita a Ala Pedi\u00e1trica do Hospital Regional \u00a0No dia 15 de outubro de 2012 (segunda-feira), em comemora\u00e7\u00e3o ao Dia das Crian\u00e7as, o Rotaract Club S\u00e3o Jorge dos Ilh\u00e9us realizou uma visita \u00e0 ala pedi\u00e1trica do Hospital Geral Luiz Viana Filho, o popularmente conhecido \u201cRegional\u201d, localizado no bairro da Conquista, na cidade de Ilh\u00e9us. A [&hellip;]<\/p>\n","protected":false},"author":2,"featured_media":0,"comment_status":"open","ping_status":"open","sticky":false,"template":"","format":"standard","meta":{"_links_to":"","_links_to_target":""},"categories":[14],"tags":[],"_links":{"self":[{"href":"https:\/\/www.r2cpress.com.br\/v1\/wp-json\/wp\/v2\/posts\/53331"}],"collection":[{"href":"https:\/\/www.r2cpress.com.br\/v1\/wp-json\/wp\/v2\/posts"}],"about":[{"href":"https:\/\/www.r2cpress.com.br\/v1\/wp-json\/wp\/v2\/types\/post"}],"author":[{"embeddable":true,"href":"https:\/\/www.r2cpress.com.br\/v1\/wp-json\/wp\/v2\/users\/2"}],"replies":[{"embeddable":true,"href":"https:\/\/www.r2cpress.com.br\/v1\/wp-json\/wp\/v2\/comments?post=53331"}],"version-history":[{"count":3,"href":"https:\/\/www.r2cpress.com.br\/v1\/wp-json\/wp\/v2\/posts\/53331\/revisions"}],"predecessor-version":[{"id":53334,"href":"https:\/\/www.r2cpress.com.br\/v1\/wp-json\/wp\/v2\/posts\/53331\/revisions\/53334"}],"wp:attachment":[{"href":"https:\/\/www.r2cpress.com.br\/v1\/wp-json\/wp\/v2\/media?parent=53331"}],"wp:term":[{"taxonomy":"category","embeddable":true,"href":"https:\/\/www.r2cpress.com.br\/v1\/wp-json\/wp\/v2\/categories?post=53331"},{"taxonomy":"post_tag","embeddable":true,"href":"https:\/\/www.r2cpress.com.br\/v1\/wp-json\/wp\/v2\/tags?post=53331"}],"curies":[{"name":"wp","href":"https:\/\/api.w.org\/{rel}","templated":true}]}}