{"id":53371,"date":"2012-11-09T20:55:15","date_gmt":"2012-11-09T23:55:15","guid":{"rendered":"http:\/\/www.r2cpress.com.br\/v1\/?p=53371"},"modified":"2012-11-09T20:55:15","modified_gmt":"2012-11-09T23:55:15","slug":"o-que-estao-fazendo-com-o-jardim-da-praca-cairu","status":"publish","type":"post","link":"https:\/\/www.r2cpress.com.br\/v1\/2012\/11\/09\/o-que-estao-fazendo-com-o-jardim-da-praca-cairu\/","title":{"rendered":"O QUE EST\u00c3O FAZENDO COM O JARDIM DA PRA\u00c7A CAIR\u00da &#8230;"},"content":{"rendered":"<p><strong>O Jardim da Pra\u00e7a Cair\u00fa foi transformado numa favela com v\u00e1rios canteiros de lixo espalhados pelo ch\u00e3o. Os moradores da cidade de Ilh\u00e9us que passam por esse local, est\u00e3o realmente sem saber o que est\u00e1 acontecendo. <\/strong><\/p>\n<p><strong>Tomamos conhecimento que tudo come\u00e7ou com a proibi\u00e7\u00e3o da continuidade de uma fonte luminosa que poderia provocar a cria\u00e7\u00e3o de foco de dengue. Assim os donat\u00e1rios do Jardim da Pra\u00e7a Cair\u00fa aborrecidos, entregou ao desprezo a nossa pra\u00e7a. <\/strong><\/p>\n<p><strong>Um patrim\u00f4nio municipal considerado de real import\u00e2ncia em nossa cidade, um dos mais importantes cart\u00f5es de visitas, bem no centro da cidade retrata mais uma grande falta de responsabilidade que o poder p\u00fablico atual tem com o patrim\u00f4nio p\u00fablico. Essa Pra\u00e7a pertence ao povo e deve ser bem cuidada pelos poderes p\u00fablicos de Ilh\u00e9us. <\/strong><\/p>\n<p><strong>A situa\u00e7\u00e3o ficou mesmo cheia de entraves, a prefeitura h\u00e1 v\u00e1rios dias em estado de greve, a cidade cheia de lixos por todo lado, mesmo assim, aguardamos as providencias para Ilh\u00e9us sair desse estado de capitania heredit\u00e1ria e ver a recupera\u00e7\u00e3o imediata da Pra\u00e7a Cair\u00fa, vez que esse local foi transformado em dormit\u00f3rio popular de moradores de rua. <\/strong><\/p>\n<p><strong>Confira, nas fotos, nossa indigna\u00e7\u00e3o:<\/strong><\/p>\n<div id=\"attachment_53372\" style=\"width: 560px\" class=\"wp-caption aligncenter\"><a href=\"http:\/\/www.r2cpress.com.br\/v1\/wp-content\/uploads\/MONT-CAPA-08-F_SITE.jpg\"><img aria-describedby=\"caption-attachment-53372\" loading=\"lazy\" class=\"size-full wp-image-53372\" title=\"MONT CAPA 08 F_SITE\" src=\"http:\/\/www.r2cpress.com.br\/v1\/wp-content\/uploads\/MONT-CAPA-08-F_SITE.jpg\" alt=\"\" width=\"550\" height=\"1110\" srcset=\"https:\/\/www.r2cpress.com.br\/v1\/wp-content\/uploads\/MONT-CAPA-08-F_SITE.jpg 550w, https:\/\/www.r2cpress.com.br\/v1\/wp-content\/uploads\/MONT-CAPA-08-F_SITE-148x300.jpg 148w, https:\/\/www.r2cpress.com.br\/v1\/wp-content\/uploads\/MONT-CAPA-08-F_SITE-507x1024.jpg 507w\" sizes=\"(max-width: 550px) 100vw, 550px\" \/><\/a><p id=\"caption-attachment-53372\" class=\"wp-caption-text\">Pra\u00e7a Cairu &#8211; Centro &#8211; Ilh\u00e9us &#8211; Bahia.<\/p><\/div>\n","protected":false},"excerpt":{"rendered":"<p>O Jardim da Pra\u00e7a Cair\u00fa foi transformado numa favela com v\u00e1rios canteiros de lixo espalhados pelo ch\u00e3o. Os moradores da cidade de Ilh\u00e9us que passam por esse local, est\u00e3o realmente sem saber o que est\u00e1 acontecendo. Tomamos conhecimento que tudo come\u00e7ou com a proibi\u00e7\u00e3o da continuidade de uma fonte luminosa que poderia provocar a cria\u00e7\u00e3o [&hellip;]<\/p>\n","protected":false},"author":2,"featured_media":0,"comment_status":"open","ping_status":"open","sticky":false,"template":"","format":"standard","meta":{"_links_to":"","_links_to_target":""},"categories":[10],"tags":[],"_links":{"self":[{"href":"https:\/\/www.r2cpress.com.br\/v1\/wp-json\/wp\/v2\/posts\/53371"}],"collection":[{"href":"https:\/\/www.r2cpress.com.br\/v1\/wp-json\/wp\/v2\/posts"}],"about":[{"href":"https:\/\/www.r2cpress.com.br\/v1\/wp-json\/wp\/v2\/types\/post"}],"author":[{"embeddable":true,"href":"https:\/\/www.r2cpress.com.br\/v1\/wp-json\/wp\/v2\/users\/2"}],"replies":[{"embeddable":true,"href":"https:\/\/www.r2cpress.com.br\/v1\/wp-json\/wp\/v2\/comments?post=53371"}],"version-history":[{"count":3,"href":"https:\/\/www.r2cpress.com.br\/v1\/wp-json\/wp\/v2\/posts\/53371\/revisions"}],"predecessor-version":[{"id":53375,"href":"https:\/\/www.r2cpress.com.br\/v1\/wp-json\/wp\/v2\/posts\/53371\/revisions\/53375"}],"wp:attachment":[{"href":"https:\/\/www.r2cpress.com.br\/v1\/wp-json\/wp\/v2\/media?parent=53371"}],"wp:term":[{"taxonomy":"category","embeddable":true,"href":"https:\/\/www.r2cpress.com.br\/v1\/wp-json\/wp\/v2\/categories?post=53371"},{"taxonomy":"post_tag","embeddable":true,"href":"https:\/\/www.r2cpress.com.br\/v1\/wp-json\/wp\/v2\/tags?post=53371"}],"curies":[{"name":"wp","href":"https:\/\/api.w.org\/{rel}","templated":true}]}}