{"id":53601,"date":"2012-11-13T18:02:21","date_gmt":"2012-11-13T21:02:21","guid":{"rendered":"http:\/\/www.r2cpress.com.br\/v1\/?p=53601"},"modified":"2012-11-13T18:03:46","modified_gmt":"2012-11-13T21:03:46","slug":"a-santa-casa-de-ilheus","status":"publish","type":"post","link":"https:\/\/www.r2cpress.com.br\/v1\/2012\/11\/13\/a-santa-casa-de-ilheus\/","title":{"rendered":"A Santa Casa de Ilh\u00e9us"},"content":{"rendered":"<p><em><strong> por Jos\u00e9 Louren\u00e7o<\/strong><\/em><\/p>\n<div id=\"attachment_53602\" style=\"width: 254px\" class=\"wp-caption alignright\"><a href=\"http:\/\/www.r2cpress.com.br\/v1\/wp-content\/uploads\/Jos\u00e9-Louren\u00e7o.jpg\"><img aria-describedby=\"caption-attachment-53602\" loading=\"lazy\" class=\"size-full wp-image-53602\" title=\"Jos\u00e9 Louren\u00e7o\" src=\"http:\/\/www.r2cpress.com.br\/v1\/wp-content\/uploads\/Jos\u00e9-Louren\u00e7o.jpg\" alt=\"\" width=\"244\" height=\"169\" \/><\/a><p id=\"caption-attachment-53602\" class=\"wp-caption-text\">Dr Jos\u00e9 Louren\u00e7o<\/p><\/div>\n<p>H\u00e1 34 anos trabalho como profissional m\u00e9dico do Hospital S\u00e3o Jos\u00e9, em Ilh\u00e9us. E posso assegurar: nunca passamos &#8211; n\u00f3s m\u00e9dicos e profissionais em geral &#8211; por uma situa\u00e7\u00e3o t\u00e3o ca\u00f3tica como a que se encontra agora esta institui\u00e7\u00e3o. Sabemos que se trata de uma institui\u00e7\u00e3o filantr\u00f3pica onde o \u00fanico objetivo \u00e9 tratar de enfermos, em especial, os mais carentes. Mas a falta de medicamentos e materiais hospitalares tem sido comum em nosso cotidiano.<\/p>\n<p>Atualmente o que podemos notar nos corredores e nos departamentos do hospital s\u00e3o funcion\u00e1rios totalmente desmotivados no exerc\u00edcio de suas fun\u00e7\u00f5es, partindo do pressuposto de que, quem trabalha, obviamente quer receber o que lhe \u00e9 de direito. E \u00e9 triste ver que os compromissos que o cidad\u00e3o tem que saldar ao final de cada m\u00eas n\u00e3o acontecem pelo fato de n\u00e3o verem seus vencimentos creditados.<\/p>\n<p>A a\u00ed?<\/p>\n<p>Atualmente a entidade transformou as suas miss\u00f5es filantr\u00f3picas em interesses lucrativos. O que se v\u00ea s\u00e3o espa\u00e7os sendo terceirizados. A UTI est\u00e1 fechada desde janeiro, por falta de pagamento dos m\u00e9dicos, plantonistas e fisioterapeutas, mesmo o hospital recebendo o devido repasse da secretaria municipal de Sa\u00fade.<\/p>\n<p>\u00c9 tamb\u00e9m importante enfatizar que o banco de sangue est\u00e1 sendo sucateado e por detr\u00e1s disso h\u00e1 uma suspeita de que o seu poss\u00edvel destino tamb\u00e9m seja a terceiriza\u00e7\u00e3o.<\/p>\n<p>As interna\u00e7\u00f5es s\u00e3o temer\u00e1rias.<\/p>\n<p>Voc\u00ea chega ao hospital e s\u00f3 v\u00ea leitos vazios. Enquanto isso o povo passa por um descaso sem fim.<\/p>\n<p>Pergunto: quem \u00e9 o culpado?<\/p>\n<p><!--more--><\/p>\n<p>At\u00e9 quando vamos aguentar esta situa\u00e7\u00e3o?<\/p>\n<p>Ser\u00e1 que vamos esperar as portas do hospital fecharem?<\/p>\n<p>J\u00e1 n\u00e3o basta a prec\u00e1ria situa\u00e7\u00e3o em que se encontra o munic\u00edpio na \u00e1rea de sa\u00fade?<\/p>\n<p>A falta de capacidade administrativa \u00e9 l\u00f3gica e v\u00edsivel. Cad\u00ea o provedor? Cad\u00ea os diretores e os irm\u00e3os desta casa?<\/p>\n<p>Para que uma institui\u00e7\u00e3o filantr\u00f3pica ande de fato \u00e9 necess\u00e1rio que os administradores n\u00e3o procurem ser beneficiados direta ou indiretamente, atrav\u00e9s de formas lucrativas e de acordo com os seus pr\u00f3prios interesses.<\/p>\n<p>Tem que haver, de fato, uma interven\u00e7\u00e3o do Minist\u00e9rio P\u00fablico na Santa Casa de Miseric\u00f3rdia de Ilh\u00e9us, antes que seja tarde demais.<\/p>\n<p>Em tempo: da minha parte n\u00e3o h\u00e1 o m\u00ednimo de interesse em qualquer tipo de candidatura. A minha defesa \u00e9 pela retomada do verdadeiro compromisso daquela institui\u00e7\u00e3o.<\/p>\n<p>S\u00f3 isso.<\/p>\n<p style=\"text-align: right;\"><strong>O autor \u00e9 m\u00e9dico em Ilh\u00e9us<\/strong><\/p>\n<p style=\"text-align: left;\">&#8212;<\/p>\n<p style=\"text-align: left;\"><strong>Artigo publicado, originalmente, no Jornal Bahia Online<\/strong>.<\/p>\n","protected":false},"excerpt":{"rendered":"<p>por Jos\u00e9 Louren\u00e7o H\u00e1 34 anos trabalho como profissional m\u00e9dico do Hospital S\u00e3o Jos\u00e9, em Ilh\u00e9us. E posso assegurar: nunca passamos &#8211; n\u00f3s m\u00e9dicos e profissionais em geral &#8211; por uma situa\u00e7\u00e3o t\u00e3o ca\u00f3tica como a que se encontra agora esta institui\u00e7\u00e3o. Sabemos que se trata de uma institui\u00e7\u00e3o filantr\u00f3pica onde o \u00fanico objetivo \u00e9 [&hellip;]<\/p>\n","protected":false},"author":2,"featured_media":0,"comment_status":"open","ping_status":"open","sticky":false,"template":"","format":"standard","meta":{"_links_to":"","_links_to_target":""},"categories":[10],"tags":[],"_links":{"self":[{"href":"https:\/\/www.r2cpress.com.br\/v1\/wp-json\/wp\/v2\/posts\/53601"}],"collection":[{"href":"https:\/\/www.r2cpress.com.br\/v1\/wp-json\/wp\/v2\/posts"}],"about":[{"href":"https:\/\/www.r2cpress.com.br\/v1\/wp-json\/wp\/v2\/types\/post"}],"author":[{"embeddable":true,"href":"https:\/\/www.r2cpress.com.br\/v1\/wp-json\/wp\/v2\/users\/2"}],"replies":[{"embeddable":true,"href":"https:\/\/www.r2cpress.com.br\/v1\/wp-json\/wp\/v2\/comments?post=53601"}],"version-history":[{"count":4,"href":"https:\/\/www.r2cpress.com.br\/v1\/wp-json\/wp\/v2\/posts\/53601\/revisions"}],"predecessor-version":[{"id":53605,"href":"https:\/\/www.r2cpress.com.br\/v1\/wp-json\/wp\/v2\/posts\/53601\/revisions\/53605"}],"wp:attachment":[{"href":"https:\/\/www.r2cpress.com.br\/v1\/wp-json\/wp\/v2\/media?parent=53601"}],"wp:term":[{"taxonomy":"category","embeddable":true,"href":"https:\/\/www.r2cpress.com.br\/v1\/wp-json\/wp\/v2\/categories?post=53601"},{"taxonomy":"post_tag","embeddable":true,"href":"https:\/\/www.r2cpress.com.br\/v1\/wp-json\/wp\/v2\/tags?post=53601"}],"curies":[{"name":"wp","href":"https:\/\/api.w.org\/{rel}","templated":true}]}}