{"id":53698,"date":"2012-11-15T15:08:09","date_gmt":"2012-11-15T18:08:09","guid":{"rendered":"http:\/\/www.r2cpress.com.br\/v1\/?p=53698"},"modified":"2012-11-15T15:13:01","modified_gmt":"2012-11-15T18:13:01","slug":"ponto-facultativo-detran-ilheus","status":"publish","type":"post","link":"https:\/\/www.r2cpress.com.br\/v1\/2012\/11\/15\/ponto-facultativo-detran-ilheus\/","title":{"rendered":"PONTO FACULTATIVO  \/ 13\u00aa CIRETRAN \/ ILH\u00c9US"},"content":{"rendered":"<p>A 13a. CIRETRAN n\u00e3o estar\u00e1 funcionando <strong>SEXTA-FEIRA<\/strong>, DIA 16, j\u00e1 que foi decretado ponto facultativo.<br \/>\nApenas os seguran\u00e7as e o SEGUAV (Setor de Guarda de Veiculos Apreendidos) estar\u00e3o laborando.<br \/>\nAs atividades normais ser\u00e3o retomadas na  <strong>SEGUNDA-FEIRA <\/strong>(19) a partir das 08 horas. <\/p>\n<p>&#8212;<br \/>\n<strong>Com informa\u00e7\u00f5es de Jos\u00e9 Antonio Ock\u00e9.<\/strong><\/p>\n","protected":false},"excerpt":{"rendered":"<p>A 13a. CIRETRAN n\u00e3o estar\u00e1 funcionando SEXTA-FEIRA, DIA 16, j\u00e1 que foi decretado ponto facultativo. Apenas os seguran\u00e7as e o SEGUAV (Setor de Guarda de Veiculos Apreendidos) estar\u00e3o laborando. As atividades normais ser\u00e3o retomadas na SEGUNDA-FEIRA (19) a partir das 08 horas. &#8212; Com informa\u00e7\u00f5es de Jos\u00e9 Antonio Ock\u00e9.<\/p>\n","protected":false},"author":2,"featured_media":0,"comment_status":"open","ping_status":"open","sticky":false,"template":"","format":"standard","meta":{"_links_to":"","_links_to_target":""},"categories":[25],"tags":[],"_links":{"self":[{"href":"https:\/\/www.r2cpress.com.br\/v1\/wp-json\/wp\/v2\/posts\/53698"}],"collection":[{"href":"https:\/\/www.r2cpress.com.br\/v1\/wp-json\/wp\/v2\/posts"}],"about":[{"href":"https:\/\/www.r2cpress.com.br\/v1\/wp-json\/wp\/v2\/types\/post"}],"author":[{"embeddable":true,"href":"https:\/\/www.r2cpress.com.br\/v1\/wp-json\/wp\/v2\/users\/2"}],"replies":[{"embeddable":true,"href":"https:\/\/www.r2cpress.com.br\/v1\/wp-json\/wp\/v2\/comments?post=53698"}],"version-history":[{"count":5,"href":"https:\/\/www.r2cpress.com.br\/v1\/wp-json\/wp\/v2\/posts\/53698\/revisions"}],"predecessor-version":[{"id":53703,"href":"https:\/\/www.r2cpress.com.br\/v1\/wp-json\/wp\/v2\/posts\/53698\/revisions\/53703"}],"wp:attachment":[{"href":"https:\/\/www.r2cpress.com.br\/v1\/wp-json\/wp\/v2\/media?parent=53698"}],"wp:term":[{"taxonomy":"category","embeddable":true,"href":"https:\/\/www.r2cpress.com.br\/v1\/wp-json\/wp\/v2\/categories?post=53698"},{"taxonomy":"post_tag","embeddable":true,"href":"https:\/\/www.r2cpress.com.br\/v1\/wp-json\/wp\/v2\/tags?post=53698"}],"curies":[{"name":"wp","href":"https:\/\/api.w.org\/{rel}","templated":true}]}}