{"id":5374,"date":"2010-12-27T13:19:10","date_gmt":"2010-12-27T16:19:10","guid":{"rendered":"http:\/\/www.r2cpress.com.br\/v1\/?p=5374"},"modified":"2010-12-27T13:19:10","modified_gmt":"2010-12-27T16:19:10","slug":"ilha-11-turistas-sao-espancados-no-natal","status":"publish","type":"post","link":"https:\/\/www.r2cpress.com.br\/v1\/2010\/12\/27\/ilha-11-turistas-sao-espancados-no-natal\/","title":{"rendered":"ILHA: 11 TURISTAS S\u00c3O ESPANCADOS NO NATAL"},"content":{"rendered":"<p>Uma fam\u00edlia de S\u00e3o Paulo decidiu passar o natal reunida na Bahia, na Ilha de Itaparica, na Praia de Concei\u00e7\u00e3o. Era um grupo de 11, que imaginou encontrar no lugar, com praias paradis\u00edacas, um ref\u00fagio da vida agitada da capital paulista. Na noite de sexta-feira (24), foram espancados por ladr\u00f5es da regi\u00e3o, que invadiram a casa que alugaram para roubar notebooks, celulares, c\u00e2meras digitais e outros aparelhos eletr\u00f4nicos. Como houve resist\u00eancia, os ladr\u00f5es, armados com peda\u00e7os de pau, garrafas e pedras, n\u00e3o respeitaram nem os idosos e dois beb\u00eas, de tr\u00eas e quatro meses, que estavam no im\u00f3vel. Na confus\u00e3o, um dos ladr\u00f5es caiu por cima da turista \u00c2ngela M\u00e1rcia, 37 anos, que teve a perna fraturada em tr\u00eas lugares. Sentindo fortes dores, ela foi levada pelo Samu para Hospital Geral de Itaparica e teve muita dificuldade em encontrar policiais ou uma delegacia onde prestar queixa. No hospital, foi informada de que somente em cinco dias ela seria avaliada por um ortopedista.  \u201cEu nunca mais volto \u00e0 Bahia. Ficamos aterrorizados. Nem no Rio de Janeiro eu passaria por isto. N\u00e3o tivemos apoio de ningu\u00e9m\u201d, disse Patr\u00edcia Vaz, 23. Informa\u00e7\u00f5es do A Tarde.<\/p>\n<p>No <a href = \"http:\/\/www.bahianoticias.com.br\/noticias\/noticia\/2010\/12\/27\/82157,ilha-11-turistas-sao-espancados-no-natal.html?\" target = \"_news\"><b>BAHIA NOT\u00cdCIAS<\/b><\/a><\/p>\n","protected":false},"excerpt":{"rendered":"<p>Uma fam\u00edlia de S\u00e3o Paulo decidiu passar o natal reunida na Bahia, na Ilha de Itaparica, na Praia de Concei\u00e7\u00e3o. Era um grupo de 11, que imaginou encontrar no lugar, com praias paradis\u00edacas, um ref\u00fagio da vida agitada da capital paulista. Na noite de sexta-feira (24), foram espancados por ladr\u00f5es da regi\u00e3o, que invadiram a [&hellip;]<\/p>\n","protected":false},"author":2,"featured_media":0,"comment_status":"open","ping_status":"open","sticky":false,"template":"","format":"standard","meta":{"_links_to":"","_links_to_target":""},"categories":[13],"tags":[],"_links":{"self":[{"href":"https:\/\/www.r2cpress.com.br\/v1\/wp-json\/wp\/v2\/posts\/5374"}],"collection":[{"href":"https:\/\/www.r2cpress.com.br\/v1\/wp-json\/wp\/v2\/posts"}],"about":[{"href":"https:\/\/www.r2cpress.com.br\/v1\/wp-json\/wp\/v2\/types\/post"}],"author":[{"embeddable":true,"href":"https:\/\/www.r2cpress.com.br\/v1\/wp-json\/wp\/v2\/users\/2"}],"replies":[{"embeddable":true,"href":"https:\/\/www.r2cpress.com.br\/v1\/wp-json\/wp\/v2\/comments?post=5374"}],"version-history":[{"count":2,"href":"https:\/\/www.r2cpress.com.br\/v1\/wp-json\/wp\/v2\/posts\/5374\/revisions"}],"predecessor-version":[{"id":5376,"href":"https:\/\/www.r2cpress.com.br\/v1\/wp-json\/wp\/v2\/posts\/5374\/revisions\/5376"}],"wp:attachment":[{"href":"https:\/\/www.r2cpress.com.br\/v1\/wp-json\/wp\/v2\/media?parent=5374"}],"wp:term":[{"taxonomy":"category","embeddable":true,"href":"https:\/\/www.r2cpress.com.br\/v1\/wp-json\/wp\/v2\/categories?post=5374"},{"taxonomy":"post_tag","embeddable":true,"href":"https:\/\/www.r2cpress.com.br\/v1\/wp-json\/wp\/v2\/tags?post=5374"}],"curies":[{"name":"wp","href":"https:\/\/api.w.org\/{rel}","templated":true}]}}