{"id":5380,"date":"2010-12-27T15:49:55","date_gmt":"2010-12-27T18:49:55","guid":{"rendered":"http:\/\/www.r2cpress.com.br\/v1\/?p=5380"},"modified":"2010-12-27T15:49:55","modified_gmt":"2010-12-27T18:49:55","slug":"jose-nazal-pacheco-soub","status":"publish","type":"post","link":"https:\/\/www.r2cpress.com.br\/v1\/2010\/12\/27\/jose-nazal-pacheco-soub\/","title":{"rendered":"Jos\u00e9 Nazal Pacheco Soub"},"content":{"rendered":"<p><center>Um dos orgulhos da COL\u00d4NIA.<br \/>\nLan\u00e7amento do Livro: <strong>Minha Ilh\u00e9us<\/strong><br \/>\n<a href=\"http:\/\/www.r2cpress.com.br\/v1\/wp-content\/uploads\/MONT-CAPA4.jpg\"><img loading=\"lazy\" src=\"http:\/\/www.r2cpress.com.br\/v1\/wp-content\/uploads\/MONT-CAPA4-300x188.jpg\" alt=\"\" title=\"MONT CAPA\" width=\"300\" height=\"188\" class=\"alignnone size-medium wp-image-5381\" srcset=\"https:\/\/www.r2cpress.com.br\/v1\/wp-content\/uploads\/MONT-CAPA4-300x188.jpg 300w, https:\/\/www.r2cpress.com.br\/v1\/wp-content\/uploads\/MONT-CAPA4.jpg 700w\" sizes=\"(max-width: 300px) 100vw, 300px\" \/><\/a><br \/>\n<strong>O registro fotogr\u00e1fico \u00e9 de Mary Melga\u00e7o.<\/strong><\/center><\/p>\n","protected":false},"excerpt":{"rendered":"<p>Um dos orgulhos da COL\u00d4NIA. Lan\u00e7amento do Livro: Minha Ilh\u00e9us O registro fotogr\u00e1fico \u00e9 de Mary Melga\u00e7o.<\/p>\n","protected":false},"author":2,"featured_media":0,"comment_status":"open","ping_status":"open","sticky":false,"template":"","format":"standard","meta":{"_links_to":"","_links_to_target":""},"categories":[5],"tags":[],"_links":{"self":[{"href":"https:\/\/www.r2cpress.com.br\/v1\/wp-json\/wp\/v2\/posts\/5380"}],"collection":[{"href":"https:\/\/www.r2cpress.com.br\/v1\/wp-json\/wp\/v2\/posts"}],"about":[{"href":"https:\/\/www.r2cpress.com.br\/v1\/wp-json\/wp\/v2\/types\/post"}],"author":[{"embeddable":true,"href":"https:\/\/www.r2cpress.com.br\/v1\/wp-json\/wp\/v2\/users\/2"}],"replies":[{"embeddable":true,"href":"https:\/\/www.r2cpress.com.br\/v1\/wp-json\/wp\/v2\/comments?post=5380"}],"version-history":[{"count":2,"href":"https:\/\/www.r2cpress.com.br\/v1\/wp-json\/wp\/v2\/posts\/5380\/revisions"}],"predecessor-version":[{"id":5383,"href":"https:\/\/www.r2cpress.com.br\/v1\/wp-json\/wp\/v2\/posts\/5380\/revisions\/5383"}],"wp:attachment":[{"href":"https:\/\/www.r2cpress.com.br\/v1\/wp-json\/wp\/v2\/media?parent=5380"}],"wp:term":[{"taxonomy":"category","embeddable":true,"href":"https:\/\/www.r2cpress.com.br\/v1\/wp-json\/wp\/v2\/categories?post=5380"},{"taxonomy":"post_tag","embeddable":true,"href":"https:\/\/www.r2cpress.com.br\/v1\/wp-json\/wp\/v2\/tags?post=5380"}],"curies":[{"name":"wp","href":"https:\/\/api.w.org\/{rel}","templated":true}]}}