{"id":5390,"date":"2010-12-28T02:40:20","date_gmt":"2010-12-28T05:40:20","guid":{"rendered":"http:\/\/www.r2cpress.com.br\/v1\/?p=5390"},"modified":"2010-12-28T02:40:20","modified_gmt":"2010-12-28T05:40:20","slug":"praca-da-urbis-continua-as-escuras","status":"publish","type":"post","link":"https:\/\/www.r2cpress.com.br\/v1\/2010\/12\/28\/praca-da-urbis-continua-as-escuras\/","title":{"rendered":"Pra\u00e7a da Urbis continua \u00e0s escuras"},"content":{"rendered":"<p>A pra\u00e7a localizada entre os caminhos 41 e 42 do bairro da Urbis continua \u00e1s escuras, perigosa, com risco de assaltos. H\u00e1 mais de dois anos os moradores v\u00eam reivindicando do prefeito Newton Lima a substitui\u00e7\u00e3o das l\u00e2mpadas queimadas do \u00fanico poste de ilumina\u00e7\u00e3o da pra\u00e7a, e, at\u00e9 o presente momento nada foi feito.<br \/>\n<center><a href=\"http:\/\/www.r2cpress.com.br\/v1\/wp-content\/uploads\/poste.jpg\"><img loading=\"lazy\" src=\"http:\/\/www.r2cpress.com.br\/v1\/wp-content\/uploads\/poste.jpg\" alt=\"\" title=\"poste\" width=\"225\" height=\"300\" class=\"alignnone size-full wp-image-5391\" \/><\/a><\/center><br \/>\nIndignados com a situa\u00e7\u00e3o, os moradores est\u00e3o organizando um protesto para o dia 31 quando a pra\u00e7a ser\u00e1 iluminada por centenas de velas garantindo um R\u00e9veillon iluminado, j\u00e1 que o Natal foi \u00e0s escuras.<\/p>\n<p>Jorge Reis (Tinga)<\/p>\n","protected":false},"excerpt":{"rendered":"<p>A pra\u00e7a localizada entre os caminhos 41 e 42 do bairro da Urbis continua \u00e1s escuras, perigosa, com risco de assaltos. H\u00e1 mais de dois anos os moradores v\u00eam reivindicando do prefeito Newton Lima a substitui\u00e7\u00e3o das l\u00e2mpadas queimadas do \u00fanico poste de ilumina\u00e7\u00e3o da pra\u00e7a, e, at\u00e9 o presente momento nada foi feito. Indignados [&hellip;]<\/p>\n","protected":false},"author":2,"featured_media":0,"comment_status":"open","ping_status":"open","sticky":false,"template":"","format":"standard","meta":{"_links_to":"","_links_to_target":""},"categories":[10],"tags":[],"_links":{"self":[{"href":"https:\/\/www.r2cpress.com.br\/v1\/wp-json\/wp\/v2\/posts\/5390"}],"collection":[{"href":"https:\/\/www.r2cpress.com.br\/v1\/wp-json\/wp\/v2\/posts"}],"about":[{"href":"https:\/\/www.r2cpress.com.br\/v1\/wp-json\/wp\/v2\/types\/post"}],"author":[{"embeddable":true,"href":"https:\/\/www.r2cpress.com.br\/v1\/wp-json\/wp\/v2\/users\/2"}],"replies":[{"embeddable":true,"href":"https:\/\/www.r2cpress.com.br\/v1\/wp-json\/wp\/v2\/comments?post=5390"}],"version-history":[{"count":4,"href":"https:\/\/www.r2cpress.com.br\/v1\/wp-json\/wp\/v2\/posts\/5390\/revisions"}],"predecessor-version":[{"id":5396,"href":"https:\/\/www.r2cpress.com.br\/v1\/wp-json\/wp\/v2\/posts\/5390\/revisions\/5396"}],"wp:attachment":[{"href":"https:\/\/www.r2cpress.com.br\/v1\/wp-json\/wp\/v2\/media?parent=5390"}],"wp:term":[{"taxonomy":"category","embeddable":true,"href":"https:\/\/www.r2cpress.com.br\/v1\/wp-json\/wp\/v2\/categories?post=5390"},{"taxonomy":"post_tag","embeddable":true,"href":"https:\/\/www.r2cpress.com.br\/v1\/wp-json\/wp\/v2\/tags?post=5390"}],"curies":[{"name":"wp","href":"https:\/\/api.w.org\/{rel}","templated":true}]}}