{"id":54065,"date":"2012-11-21T10:08:10","date_gmt":"2012-11-21T13:08:10","guid":{"rendered":"http:\/\/www.r2cpress.com.br\/v1\/?p=54065"},"modified":"2012-11-21T10:12:47","modified_gmt":"2012-11-21T13:12:47","slug":"resposta-4","status":"publish","type":"post","link":"https:\/\/www.r2cpress.com.br\/v1\/2012\/11\/21\/resposta-4\/","title":{"rendered":"Resposta"},"content":{"rendered":"<p>Caro Roberto Rabat.<br \/>\nComo de costume, sempre que escrevo algo e ou respondo, fa\u00e7o quest\u00e3o de me identificar, primeiro por que n\u00e3o tenho e nunca tive medo de mostrar a minha face e nem de ser responsabilizado por nada que digo e ou escrevo, pois s\u00f3 o fa\u00e7o quando \u00e9 ver\u00eddico e tenho certeza, depois por que a boa regra do jornalismo e para que tenha credibilidade o exigem, com isso quero dizer primeiro, que a pessoa que se identifica como <a href = \"http:\/\/www.r2cpress.com.br\/v1\/2012\/11\/20\/agente-de-transito-cai-de-moto\/\" target = \"_news\"><b>Carlos Nascimento \u00e9 em primeira an\u00e1lise um MENTIROSO<\/b><\/a>, pois se quer temos um \u00fanico Agente de Tr\u00e2nsito com este nome, depois, se \u00e9 algu\u00e9m de fora dos quadros da Secretaria de Tr\u00e2nsito est\u00e1 muito mais informado do que alguns agentes da cidade.<br \/>\nResponderei passo a passo cada asneira aqui dita, dentro dos princ\u00edpios da VERDADE e do bom jornalismo, apesar de saber que a pessoa que se esconde atr\u00e1s de um pseud\u00f4nimo se quer sabe do que falo.<br \/>\nEntrando nas quest\u00f5es levantadas, \u00e9 lament\u00e1vel o ocorrido, pois, n\u00e3o justifica que o banco de uma moto, oficial, se solte em movimento, ap\u00f3s ter passado por revis\u00e3o recente, mas \u00e9 bom lembrar que a revis\u00e3o \u00e9 feita e de forma peri\u00f3dica pela secretaria como parte ds exig\u00eancias que o SINDATRAN BAHIA, do qual ESTOU presidente, neste momento afastado faz constantemente, via of\u00edcio. Curioso \u00e9 que um AGENTE de TR\u00c2NSITO, que tem a responsabilidade de fiscalizar as legisla\u00e7\u00f5es de tr\u00e2nsito e principalmente, a quest\u00e3o da seguran\u00e7a, trafegabilidade e condi\u00e7\u00f5es m\u00ednimas de funcionamento, tenha sa\u00eddo para trabalhar com esta moto, sem ao menos verificar as condi\u00e7\u00f5es da mesma, no m\u00ednimo, foi irrespons\u00e1vel e DEVERIA, ap\u00f3s o acontecido ter NOTIFICADO o ve\u00edculo, assim \u00e9 a lei. Depois, deveria ter relatado e passado o caso \u00e0 secretaria de tr\u00e2nsito e ao sindicato da categoria, que foram pegos de surpresa com a informa\u00e7\u00e3o do acontecido pela imprensa e n\u00e3o tem nenhum registro OFICIAL do ocorrido.<br \/>\nCom rela\u00e7\u00e3o ao dito de que este presidente licenciado tentou \u201cfazer\u201d com que o secret\u00e1rio cortasse o ponto de um agente que paralisou as suas atividades em apoio a greve deflagrada pelo SINSEP o que tenho a dizer \u00e9 que o rapazinho se quer conhece a legisla\u00e7\u00e3o de greve, a mesma diz que para deflagrar greve precisa-se de aviso pr\u00e9vio, do SINDICATO DA CATEGORIA, com 48 horas de anteced\u00eancia para que surta os efeitos legais e n\u00e3o prejudique a popula\u00e7\u00e3o, ademais, o SINSEP, n\u00e3o representa a categoria de Agentes de Tr\u00e2nsito, pois, se assim fosse, se n\u00e3o ter\u00edamos um ACORDO COLETIVO assinado entre o SINDATRAN BAHIA e o governo municipal, publicado, inclusive, no di\u00e1rio oficial do munic\u00edpio de Ilh\u00e9us, portanto, a Categoria de Agentes de Tr\u00e2nsito, N\u00c3O DEFLAGOU E NEM PARTICIPOU DE GREVE, por entender que o nosso servi\u00e7o \u00e9 ESSENCIAL a popula\u00e7\u00e3o ilheense e dever\u00edamos NEGOCIAR, como o fazemos a seis anos. Ent\u00e3o, todos o que aderiram e ou aderirem a greve do sinsepi, est\u00e3o de forma ILEGAL, depois por que o SINSEP, como TODOS sabem n\u00e3o tem diretoria e portanto, tamb\u00e9m n\u00e3o pode deflagar greve, ademais, a greve foi convocada por um presidente, DEPOSTO pela justi\u00e7a do trabalho, TRT 5 que destituiu sua diretoria desde 27 de setembro do ano em curso. Em rela\u00e7\u00e3o aportaria pedindo para que n\u00e3o cortasse os dias n\u00e3o trabalhados dos servidores em greve, \u00e9 exclusivamente para os representados pelo SINSEPI, desta forma, professores, guardas municipais, agentes de tr\u00e2nsito e demais categorias que tem SINDICAT PR\u00d3PRIO, n\u00e3o est\u00e3o cobertas pela mesma.<br \/>\nEm rela\u00e7\u00e3o a como eu apare\u00e7o, n\u00e3o vou responder pelo simples fato de que s\u00e3o palavras vazias de algu\u00e9m, recaldado, invejoso, que queria estar e chegar onde cheguei, mas, sem fazer os sacrif\u00edcios que fiz e trabalhar como trabalhei para conseguir tirar a categoria de agentes de tr\u00e2nsito de um sal\u00e1rio de R$ 324,00 puro e seco, para sal\u00e1rios base da ordem de R$ 3.500,00 depois de seis anos, com direito a insalubridade de 40% sobre o sal\u00e1rio base e mais outros adicionais que levam os proventos da categoria a algo em torno de R$ 6.000,00. Em rela\u00e7\u00e3o ao novato, foi O SINDICATO, que no acordo coletivo comentado acima, conseguiu a suas convoca\u00e7\u00f5es e agora, mesmo no momento de crise de sal\u00e1rios, conseguiu convocar os 40 restantes, que depois de um m\u00eas de trabalho, conseguiu fazer um acordo de escala de 12 horas de trabalho por 36 de descanso que gera 60 horas extras, o que dobrou o sal\u00e1rio dos novatos, infelizmente, por conta da falta de recursos do munic\u00edpio, esta escala foi suspensa, mas, tamb\u00e9m o o senhor Carlos n\u00e3o diz, foi suspensa por que a maioria dos agentes, novos e antigos, como toda a imprensa sempre noticia, se quer d\u00e3o a sua contrapartida, que \u00e9 TRABALHAR, como todos dizem, vivem embaixo da mangueira na pra\u00e7a Cairu ou escondidos em lojas para evitar \u201c problemas\u201d, fizemos v\u00e1rias reuni\u00f5es para cobrar a RESPONSABILIDADE de cada agente com o seu TRABALHO, mas enfim, basta andar pela cidade, hoje com 60 agentes e ver, que n\u00e3o se encontra meia d\u00fazia em servi\u00e7o, este foi um dos motivos de meu afastamento, n\u00e3o acredito que tenha a condi\u00e7\u00e3o necess\u00e1ria de defender uma categoria que se quer tem a responsabilidade de trabalhar.<br \/>\nCom rela\u00e7\u00e3o ao fardamento foi dito em v\u00e1rias assembleias e na imprensa que: a secretaria realizou licita\u00e7\u00e3o pagou e n\u00e3o recebeu o fardamento completo e a empresa SUMIU, notificamos a secretaria que n\u00e3o pode, neste momento realizar outra licita\u00e7\u00e3o para compra do mesmo objeto, \u00e9 a LEI DE RESPONSABILIDADE FISCAL, o rem\u00e9dio foi DOAR, fardas usadas para que pudessem trabalhar, e todos aceitaram, mas, alguns insistem em n\u00e3o trabalhar e reclamar e tentar justificar a sua IRRESPONSABILIDADE na tese de falta de condi\u00e7\u00f5es de trabalho e fardamento.<br \/>\nEm rela\u00e7\u00e3o ao pagamento, temos v\u00e1rios of\u00edcios do SINDATRAN BAHIA cobrando o pagamento e se esta pessoa mora em Ilh\u00e9us e acompanha a imprensa, fui EU e v\u00e1rios colegas de outras categorias que nos acorrentamos na porta do pal\u00e1cio na \u00faltima segunda feira e fez com pagassem os sal\u00e1rios devidos de um dos tr\u00eas lotes de setembro aos colegas de TODAS as categorias, depois os agentes novatos, N\u00c2O EST\u00c2O com sal\u00e1rio atrasados de setembro, portanto, ainda que atrasados de outubro, s\u00f3 poder\u00e3o recebe-los ap\u00f3s o prefeitura quitar os dois \u00faltimos lotes de setembro, o que aguardamos para at\u00e9 o final de semana.<br \/>\nQuanto ao pagamento correto de horas extras, at\u00e9 onde sei, memso afastado, as horas extras foram e est\u00e3o sendo pagar CORRETAMENTE, se n\u00e3o, DEVEM, quem tiver problemas, procurar o SINDICATO do AGENTES, de forma oficial para que tome as provid\u00eancias, para somente depois procurar a imprensa, pois se quer existe uma \u00fanica reclama\u00e7\u00e3o de um agente em rela\u00e7\u00e3o ao assunto. Com rela\u00e7\u00e3o as condi\u00e7\u00f5es de trabalho, acredito que n\u00e3o temos as ideais, mas, estamos com certeza, bem melhores do que muitas categorias, a exemplo da limpeza urbana que ainda apanha lixo com as m\u00e3os por que n\u00e3o recebem seus EPIs \u2013 equipamento de prote\u00e7\u00e3o individual, em nosso caso RECEBEMOS, sem atraso os nossos EPIs, quais sejam, PROTETOR AURICULAR, para diminuir os efeitos da polui\u00e7\u00e3o sonora em especial do apito, que muitos se quer usam, e PROTETOR SOLAR, eu recentemente nos foi entregue um vasilhame, que fica na base de onde sa\u00edmos para o trabalho com CINCO LITROS de protetor. Para finalizar em rela\u00e7\u00e3o aos buracos tenho feito, sempre oficialmente, pelo sindicato, antes do afastamento e pela imprensa, cobran\u00e7as em rela\u00e7\u00e3o n\u00e3o somente a este problema mas a outros que afetam o tr\u00e2nsito e a popula\u00e7\u00e3o, coisa que n\u00e3o \u00e9 feita pelos AGENTES, em especial ao que escrever estas asneiras, pois s\u00e3o OBRIGADOS a produzir RELAT\u00d3RIOS DI\u00c1RIOS de trabalho dizendo de tudo que acontece em seu plant\u00e3o e as anormalidades das vias e sinaliza\u00e7\u00f5es da cidade, nos locais onde trabalha e poucos s\u00e3o os que o fazem, menos de dez num universo de 60, portanto descumprem a lei 2.926 que criou e regulamenta a fun\u00e7\u00e3o no munic\u00edpio, o pr\u00f3prio c\u00f3digo de tr\u00e2nsito e tamb\u00e9m a CBO Classifica\u00e7\u00e3o Brasileira de Ocupa\u00e7\u00f5es, do Minist\u00e9rio do Trabalho e Emprego \u2013 TEM de n\u00famero 5172\/20 que diz entre outras coisas da obrigatoriedade de produzir relat\u00f3rios di\u00e1rios de servi\u00e7o, portanto meu caro RABAT, mostrasse que o \u201cdenunciante, al\u00e9m de levianos \u00e9 DESPREPARADO, MALEDICENTE, MENTIROSOS E FALTA COM A VERDADE, AL\u00c9M DE FALTAR COM O CONHECIMENTO DE SUAS OBRIGA\u00c7\u00d5ES E COMETER, SE FOR AGENTE DE TR\u00c2NSITO O CRIME DE PREVARICA\u00c7\u00c3O, QUE \u00b4DEIXAR DE FAZER ATO DE OF\u00cdCIO, O QUE OBRIGADO A FAZER ME RAZ\u00c3O DE SEU CARGO OU FUN\u00c7\u00c3O.<br \/>\nDespe\u00e7o aqui, pedindo desculpas a voc\u00ea e seus leitores, pedindo que publique esta resposta na p\u00e1gina principal e n\u00e3o somente no espa\u00e7o resposta, para que TODOS, principalmente os AGENTES tomem ci\u00eancia da verdade, pois sei que a grande maioria desconhece estas informa\u00e7\u00f5es falsas e desautorizam quem quer que seja falar em nome da categoria.<br \/>\nUm Abra\u00e7o!<\/p>\n<p>Val\u00e9rio Bomfim<br \/>\nAgente de Tr\u00e2nsito.<\/p>\n","protected":false},"excerpt":{"rendered":"<p>Caro Roberto Rabat. Como de costume, sempre que escrevo algo e ou respondo, fa\u00e7o quest\u00e3o de me identificar, primeiro por que n\u00e3o tenho e nunca tive medo de mostrar a minha face e nem de ser responsabilizado por nada que digo e ou escrevo, pois s\u00f3 o fa\u00e7o quando \u00e9 ver\u00eddico e tenho certeza, depois [&hellip;]<\/p>\n","protected":false},"author":2,"featured_media":0,"comment_status":"open","ping_status":"open","sticky":false,"template":"","format":"standard","meta":{"_links_to":"","_links_to_target":""},"categories":[10],"tags":[],"_links":{"self":[{"href":"https:\/\/www.r2cpress.com.br\/v1\/wp-json\/wp\/v2\/posts\/54065"}],"collection":[{"href":"https:\/\/www.r2cpress.com.br\/v1\/wp-json\/wp\/v2\/posts"}],"about":[{"href":"https:\/\/www.r2cpress.com.br\/v1\/wp-json\/wp\/v2\/types\/post"}],"author":[{"embeddable":true,"href":"https:\/\/www.r2cpress.com.br\/v1\/wp-json\/wp\/v2\/users\/2"}],"replies":[{"embeddable":true,"href":"https:\/\/www.r2cpress.com.br\/v1\/wp-json\/wp\/v2\/comments?post=54065"}],"version-history":[{"count":3,"href":"https:\/\/www.r2cpress.com.br\/v1\/wp-json\/wp\/v2\/posts\/54065\/revisions"}],"predecessor-version":[{"id":54067,"href":"https:\/\/www.r2cpress.com.br\/v1\/wp-json\/wp\/v2\/posts\/54065\/revisions\/54067"}],"wp:attachment":[{"href":"https:\/\/www.r2cpress.com.br\/v1\/wp-json\/wp\/v2\/media?parent=54065"}],"wp:term":[{"taxonomy":"category","embeddable":true,"href":"https:\/\/www.r2cpress.com.br\/v1\/wp-json\/wp\/v2\/categories?post=54065"},{"taxonomy":"post_tag","embeddable":true,"href":"https:\/\/www.r2cpress.com.br\/v1\/wp-json\/wp\/v2\/tags?post=54065"}],"curies":[{"name":"wp","href":"https:\/\/api.w.org\/{rel}","templated":true}]}}