{"id":54146,"date":"2012-11-22T13:20:24","date_gmt":"2012-11-22T16:20:24","guid":{"rendered":"http:\/\/www.r2cpress.com.br\/v1\/?p=54146"},"modified":"2012-11-22T13:20:24","modified_gmt":"2012-11-22T16:20:24","slug":"prefeitura-municipal-de-ilheus-379","status":"publish","type":"post","link":"https:\/\/www.r2cpress.com.br\/v1\/2012\/11\/22\/prefeitura-municipal-de-ilheus-379\/","title":{"rendered":"Prefeitura Municipal de Ilh\u00e9us"},"content":{"rendered":"<p><center><a href=\"http:\/\/www.r2cpress.com.br\/v1\/wp-content\/uploads\/CAPA-SITE4.jpg\"><img loading=\"lazy\" src=\"http:\/\/www.r2cpress.com.br\/v1\/wp-content\/uploads\/CAPA-SITE4.jpg\" alt=\"\" title=\"CAPA SITE\" width=\"550\" height=\"366\" class=\"aligncenter size-full wp-image-54147\" srcset=\"https:\/\/www.r2cpress.com.br\/v1\/wp-content\/uploads\/CAPA-SITE4.jpg 550w, https:\/\/www.r2cpress.com.br\/v1\/wp-content\/uploads\/CAPA-SITE4-300x199.jpg 300w\" sizes=\"(max-width: 550px) 100vw, 550px\" \/><\/a><br \/>\nUnidades do \u201cMinha Casa\u201d ser\u00e3o entregues dias 19 e 20 de dezembro<br \/>\nEscola Heitor Dias apresentar\u00e1 Projeto Cantando Natal com Jesus<br \/>\nGrand Celebration chega neste s\u00e1bado a Ilh\u00e9us<\/center><\/p>\n<p><!--more--><\/p>\n<p>***<\/p>\n<p><strong>Unidades do \u201cMinha Casa\u201d ser\u00e3o entregues dias 19 e 20 de dezembro<\/strong><\/p>\n<p>O prefeito de Ilh\u00e9us, Newton Lima, visitou na manh\u00e3 desta quinta-feira (22) as obras de constru\u00e7\u00e3o das 1.300 unidades do Programa Minha Casa, Minha Vida na bairro do Banco da Vit\u00f3ria. Os servi\u00e7os j\u00e1 est\u00e3o praticamente conclu\u00eddos e a previs\u00e3o \u00e9 de que a entrega das chaves das casas aos beneficiados e a assinatura dos contratos de posse aconte\u00e7am j\u00e1 nos dias 19 e 20 de dezembro. O sorteio das casas ser\u00e1 realizado na pr\u00f3xima semana, em data ainda a confirmada pela Superintend\u00eancia Regional da Caixa Econ\u00f4mica Federal, em solenidade no Gin\u00e1sio de Esportes Herval Soledade, das 8 \u00e0s 17 horas. A representante da Secretaria de Assist\u00eancia Social e Trabalho (Sast), Cl\u00e1udia Macedo E\u00e7a, informou que tendo em vista o grande n\u00famero de beneficiados com o programa, o sorteio acontecer\u00e1 em dois dias, sendo que a lista com a rela\u00e7\u00e3o dos beneficiado de cada dia ser\u00e1 afixada no Gin\u00e1sio de Esportes e tamb\u00e9m na sede da Seast.<br \/>\nSatisfeito com o andamento das obras e com a qualidade dos servi\u00e7os, Newton Lima destacou a import\u00e2ncia do Programa Minha Casa Minha Vida para as fam\u00edlias que n\u00e3o tinham onde morar ou que viviam em condi\u00e7\u00f5es de mis\u00e9ria e que agora passar\u00e3o a dispor de um im\u00f3vel pr\u00f3prio e em excelentes condi\u00e7\u00f5es, com toda uma infraestrutura para uma melhor qualidade de vida. \u201cS\u00e3o todas bem arejadas e com acesso facilitado. Ser\u00e1 uma honra para o nosso governo entregar a centenas de ilheenses sua casa pr\u00f3pria, seu novo lar. Vamos garantir, ainda, que todos os servi\u00e7os pertinentes ao munic\u00edpio sejam garantidos e passem a funcionar paralelamente \u00e0 entrega do empreendimento\u201d, assegurou.<br \/>\nAs 1.300 unidades do Minha Casa, Minha Vida em Ilh\u00e9us est\u00e3o distribu\u00eddas em tr\u00eas condom\u00ednios: os residenciais Morada das Brisas, com 496 unidades habitacionais; o Morada das \u00c1guas I e II, com 488, e o Morada do Porto, com 292 unidades. Na parte externa est\u00e3o sendo constru\u00eddos uma creche, Posto de Sa\u00fade da Fam\u00edlia (PSF), m\u00f3dulo policial, quatro parques infantis, duas quadras poliesportivas, quiosques e uma ciclovia que ter\u00e1 1,2 quil\u00f4metro. Tudo isso sem contar que 24 im\u00f3veis est\u00e3o sendo totalmente adaptados para atender pessoas com defici\u00eancia.<br \/>\nAs unidades ser\u00e3o entregues completas, com piso em cer\u00e2mica, boxe no banheiro, portas, janelas e demais itens de acabamento. No ato da entrega, o respons\u00e1vel por cada uma das unidades receber\u00e1 ainda um kit de metais, composto por torneiras, ma\u00e7anetas, entre outros itens. Al\u00e9m da infraestrutura completa, os novos moradores ter\u00e3o acesso a diversos servi\u00e7os, como sa\u00fade e transporte e muitos espa\u00e7os de lazer, como campo de futebol, pra\u00e7as e parque infantil, entre outros equipamentos.<br \/>\nEmpenho &#8211; A princ\u00edpio surgiram pend\u00eancias com rela\u00e7\u00e3o a instala\u00e7\u00f5es el\u00e9tricas hidr\u00e1ulicas, mas o prefeito Newton Lima se reuniu no final do m\u00eas de outubro, em Salvador, com a dire\u00e7\u00e3o a Embasa, Coelba, e Departamento de Infraestrutura de Transportes da Bahia (Derba) para cobrar o empenho desses \u00f3rg\u00e3os na solu\u00e7\u00e3o desses problemas para que as unidades do Minha Casa, Minha Vida fossem entregues o mais r\u00e1pido poss\u00edvel para os beneficiados. As pend\u00eancias j\u00e1 foram resolvidas e a previs\u00e3o \u00e9 de que em dezembro todas as casas estejam completamente prontas.<br \/>\nCom a entrega das 1.300 casas do Programa Minha Casa, Minha Vida, o prefeito Newton Lima ficar\u00e1 na hist\u00f3ria da Ilh\u00e9us como o gestor que mais investiu em habita\u00e7\u00e3o da cidade. Recentemente foram entregues no Teot\u00f4nio Vilela mais de 120 casas no Alto S\u00e3o Jo\u00e3o, rua Jos\u00e9 Petr\u00facio e Travessa S\u00e3o Jos\u00e9. Tudo isso sem contar com as 272 casas que est\u00e3o sendo constru\u00eddas tamb\u00e9m no Teot\u00f4nio Vilela, atrav\u00e9s do Programa de Acelera\u00e7\u00e3o do Crescimento (PAC), em parceria com o Governo Federal, uma obra que envolve recursos na ordem de R$ 18 milh\u00f5es.<\/p>\n<p><strong>Escola Heitor Dias apresentar\u00e1 Projeto Cantando Natal com Jesus<\/strong><\/p>\n<p>Os alunos da Escola Municipal Heitor Dias, de Ilh\u00e9us, apresentam na pr\u00f3xima quinta-feira (29) o espet\u00e1culo Cantando Natal com Jesus, um musical que tem o objetivo de mostrar, atrav\u00e9s da dan\u00e7a, da m\u00fasica e do teatro, o verdadeiro sentido do natal. O espet\u00e1culo, que encerra com chave de ouro o Projeto Cantando Natal com Jesus 2012, ser\u00e1 apresentado \u00e0s 16 horas, na 1\u00aa Igreja Batista, situada na pra\u00e7a J. J. Seabra, centro, ao lado da Prefeitura, e \u00e9 aberto a todas as pessoas interessadas em vivenciar mais o esp\u00edrito natalino.<br \/>\nA diretora da Escola Heitor Dias, Jamile Menezes Maron, destaca a import\u00e2ncia desse projeto no processo de aprendizagem dos alunos e no crescimento pessoal de cada um. \u201cCom a m\u00fasica e atrav\u00e9s dela, o ser humano pode experimentar as mais variadas emo\u00e7\u00f5es, como alegria, tristeza, amor, perd\u00e3o, bondade, melancolia e muitos outros. Ela inspira, \u00e9 fonte de energia e coloca em movimento nossos sentimentos mais profundos\u201d, explica. Ela acrescenta ainda que com a apresenta\u00e7\u00e3o desse musical a escola busca mostrar a verdadeira hist\u00f3ria do natal, que far\u00e1 bem \u00e0s emo\u00e7\u00f5es e mentes das crian\u00e7as, dando sintonia e afinando seus interiores com a m\u00fasica.<br \/>\nO espet\u00e1culo tem como regente do coral a professora Jani Mota Borges Souza, a coreografia \u00e9 de Rute Lob\u00e3o, a apresenta\u00e7\u00e3o de bal\u00e9 foi coordenado pela professora Sirleide e a \u00e1rea de artes pl\u00e1stica ficou a cargo de Ademara Maron Menezes, al\u00e9m do envolvimento de toda equipe de professores no projeto. O Cantando Natal com Jesus \u00e9 apresentado anualmente pela Escola Heitor Dias com a participa\u00e7\u00e3o de 200 alunos, onde atrav\u00e9s de coreografia, bal\u00e9, coral e teatro, o col\u00e9gio busca desenvolver a sensibilidade musical explorando ritmos e express\u00e3o corporal.<\/p>\n<p><strong>Grand Celebration chega neste s\u00e1bado a Ilh\u00e9us<\/strong><\/p>\n<p>Mais um grande transatl\u00e2ntico vai aportar em Ilh\u00e9us este m\u00eas. \u00c9 o Grand Celebration, um dos navios que sempre costumam passar pela cidade durante a temporada de ver\u00e3o. Ele chega no s\u00e1bado (24), por volta das 8 horas, no Porto de Ilh\u00e9us, trazendo 1.690 passageiros. Todos eles ser\u00e3o recepcionados por baianas, grupos de capoeira, dan\u00e7a afro e por guias, que fazem parte do receptivo montado pela Secretaria Municipal de Turismo. Ainda no Porto, est\u00e3o montados estandes, onde os cruzeiristas ter\u00e3o acesso a material informativo e a um mapa com os principais pontos tur\u00edsticos e hist\u00f3ricos da cidade.<br \/>\nA programa\u00e7\u00e3o do passeio pela cidade deve incluir visitas a Catedral de S\u00e3o Sebasti\u00e3o e ao Bar Ves\u00favio, assim como \u00e0 Casa de Cultural Jorge Amado, todos localizados no Quarteir\u00e3o que possui o nome de um dos principais divulgadores da cidade para o Brasil e para o mundo, o escritor Jorge Amado. O Espa\u00e7o Cultural Bataclan, a Igreja Matriz de S\u00e3o Jorge e museu do Instituto Nossa Senhora da Piedade tamb\u00e9m costumam ser locais bastante visitados pelos turistas durante a visita a cidade.<br \/>\nO Grand Celebration \u00e9 a mais recente aquisi\u00e7\u00e3o da frota Ibero Cruzeiros. Trata-se de um navio com magn\u00edficas instala\u00e7\u00f5es contando com um sal\u00e3o de beleza e cabeleireiro, cassino, sauna, um centro de gin\u00e1stica, tr\u00eas piscinas, lojas e biblioteca. \u00c9 um transatl\u00e2ntico moderno, espa\u00e7oso e confort\u00e1vel, com roteiros que incluem Buenos Aires, Puntadel Este e Santa Catarina. O Grand Celebration tem como marca registrada a alegria, j\u00e1 que possui v\u00e1rios espa\u00e7os de lazer e entretenimento. Ele possui cabines em m\u00e9dia 30% maiores do que as dos outros navios que fazem a mesma rota. Al\u00e9m de grandes, as cabines s\u00e3o confort\u00e1veis, com ilumina\u00e7\u00e3o indireta e camas de solteiro que podem ser convertidas em cama de casal king size.<br \/>\nNo m\u00eas de dezembro a temporada de navios transatl\u00e2nticos continua com a chegada do transatl\u00e2ntico Costa Fascinosa, no dia 10, \u00e0s 8 horas da manh\u00e3, trazendo 3.780 turistas. J\u00e1 no dia 11 atracar\u00e1 no Porto de Ilh\u00e9us o navio MSC Fantasia, de alto luxo, que trar\u00e1 nada menos que 3.952 passageiros. Tamb\u00e9m est\u00e3o previstas para dezembro as paradas dos navios Costa Favolosa, no dia 14, Costa Fortuna, no dia 15, MSC Orchestra, no dia 19, Aidacara, no dia 25, e Grand Mistral, no dia 30. A temporada 2012\/2013 ser\u00e1 encerrada no dia 20 de mar\u00e7o com a chegada do navio Costa Fascinosa.<\/p>\n","protected":false},"excerpt":{"rendered":"<p>Unidades do \u201cMinha Casa\u201d ser\u00e3o entregues dias 19 e 20 de dezembro Escola Heitor Dias apresentar\u00e1 Projeto Cantando Natal com Jesus Grand Celebration chega neste s\u00e1bado a Ilh\u00e9us<\/p>\n","protected":false},"author":2,"featured_media":0,"comment_status":"open","ping_status":"open","sticky":false,"template":"","format":"standard","meta":{"_links_to":"","_links_to_target":""},"categories":[23],"tags":[],"_links":{"self":[{"href":"https:\/\/www.r2cpress.com.br\/v1\/wp-json\/wp\/v2\/posts\/54146"}],"collection":[{"href":"https:\/\/www.r2cpress.com.br\/v1\/wp-json\/wp\/v2\/posts"}],"about":[{"href":"https:\/\/www.r2cpress.com.br\/v1\/wp-json\/wp\/v2\/types\/post"}],"author":[{"embeddable":true,"href":"https:\/\/www.r2cpress.com.br\/v1\/wp-json\/wp\/v2\/users\/2"}],"replies":[{"embeddable":true,"href":"https:\/\/www.r2cpress.com.br\/v1\/wp-json\/wp\/v2\/comments?post=54146"}],"version-history":[{"count":2,"href":"https:\/\/www.r2cpress.com.br\/v1\/wp-json\/wp\/v2\/posts\/54146\/revisions"}],"predecessor-version":[{"id":54149,"href":"https:\/\/www.r2cpress.com.br\/v1\/wp-json\/wp\/v2\/posts\/54146\/revisions\/54149"}],"wp:attachment":[{"href":"https:\/\/www.r2cpress.com.br\/v1\/wp-json\/wp\/v2\/media?parent=54146"}],"wp:term":[{"taxonomy":"category","embeddable":true,"href":"https:\/\/www.r2cpress.com.br\/v1\/wp-json\/wp\/v2\/categories?post=54146"},{"taxonomy":"post_tag","embeddable":true,"href":"https:\/\/www.r2cpress.com.br\/v1\/wp-json\/wp\/v2\/tags?post=54146"}],"curies":[{"name":"wp","href":"https:\/\/api.w.org\/{rel}","templated":true}]}}