{"id":54150,"date":"2012-11-22T13:35:16","date_gmt":"2012-11-22T16:35:16","guid":{"rendered":"http:\/\/www.r2cpress.com.br\/v1\/?p=54150"},"modified":"2012-11-22T13:35:16","modified_gmt":"2012-11-22T16:35:16","slug":"prefeito-vane-anuncia-secretariado-e-reafirma-sua-proposta-de-governo","status":"publish","type":"post","link":"https:\/\/www.r2cpress.com.br\/v1\/2012\/11\/22\/prefeito-vane-anuncia-secretariado-e-reafirma-sua-proposta-de-governo\/","title":{"rendered":"Prefeito Vane anuncia secretariado e reafirma sua proposta de governo"},"content":{"rendered":"<p><center><a href=\"http:\/\/www.r2cpress.com.br\/v1\/wp-content\/uploads\/Secret\u00e1rios-e-dirigentes-municipais-de-Itabuna-2013-2016-foto-Thiago-Pereira.jpg\"><img loading=\"lazy\" src=\"http:\/\/www.r2cpress.com.br\/v1\/wp-content\/uploads\/Secret\u00e1rios-e-dirigentes-municipais-de-Itabuna-2013-2016-foto-Thiago-Pereira.jpg\" alt=\"\" title=\"Secret\u00e1rios e dirigentes municipais de Itabuna 2013-2016, foto Thiago Pereira\" width=\"550\" height=\"306\" class=\"aligncenter size-full wp-image-54152\" srcset=\"https:\/\/www.r2cpress.com.br\/v1\/wp-content\/uploads\/Secret\u00e1rios-e-dirigentes-municipais-de-Itabuna-2013-2016-foto-Thiago-Pereira.jpg 550w, https:\/\/www.r2cpress.com.br\/v1\/wp-content\/uploads\/Secret\u00e1rios-e-dirigentes-municipais-de-Itabuna-2013-2016-foto-Thiago-Pereira-300x166.jpg 300w\" sizes=\"(max-width: 550px) 100vw, 550px\" \/><\/a><\/center><br \/>\nO prefeito eleito Claudevane Moreira Leite, Vane do Renascer, anunciou na manh\u00e3 desta quinta-feira, 22, no Tarik Fontes Plaza Hotel, os nomes dos secret\u00e1rios e de dirigentes municipais de seu governo. Na oportunidade, em breve discurso, Vane reafirmou a proposta de uma gest\u00e3o eficiente e austera, diante das graves dificuldades que Itabuna enfrenta, principalmente em refer\u00eancia \u00e0 sa\u00fade e seguran\u00e7a p\u00fablica.  <\/p>\n<p>O prefeito eleito disse que \u201cos nomes escolhidos s\u00e3o aqueles que est\u00e3o antenados com o esp\u00edrito de renova\u00e7\u00e3o, mudan\u00e7a e esperan\u00e7a. Sentimentos que se fizeram presentes durante a campanha eleitoral e tamb\u00e9m depois da confirma\u00e7\u00e3o da vit\u00f3ria\u201d.  Vane esteve acompanhado do vice-prefeito eleito Wenceslau Augusto Junior, durante a cerim\u00f4nia que contou com a participa\u00e7\u00e3o da imprensa, vereadores eleitos e em exerc\u00edcio, dirigentes empresariais, amigos e familiares.<\/p>\n<p>Vane foi bastante aplaudido quando disse que n\u00e3o se esquece de que vai administrar uma cidade de evang\u00e9licos, cat\u00f3licos e pessoas de todos os credos e religi\u00f5es. \u201cIndependente de cren\u00e7as, orem pela cidade, orem pela nova equipe porque o desejo de todos n\u00f3s \u00e9 dar novos rumos a Itabuna, uma cidade complexa e muito grande e que necessita de paz e prosperidade para atender parcela de sua gente t\u00e3o sofrida\u201d, discursou. <\/p>\n<p>O prefeito eleito disse que a Empresa Municipal de \u00c1guas e Saneamento \u2013 Emasa \u00e9 a \u201cmenina dos seus olhos\u201d. Vane pediu ao presidente indicado, Ricardo Campos Pereira que tenha muita aten\u00e7\u00e3o para que a empresa d\u00ea solu\u00e7\u00f5es para o abastecimento de \u00e1gua, coleta e tratamento de esgotos sanit\u00e1rios.  <\/p>\n<p>Segundo o prefeito, \u201cnenhuma institui\u00e7\u00e3o vinculada \u00e0 prefeitura tem mais comissionados do que a Emasa, embora o munic\u00edpio tenha mais cargos que os munic\u00edpios de Ilh\u00e9us e Vit\u00f3ria da Conquista, juntos\u201d, tendo anunciado  cortes para redu\u00e7\u00e3o de despesas.  \u201cA pessoa que vai assumir a Emasa talvez seja aquela que mais vai sofrer, porque n\u00f3s n\u00e3o vamos permitir que uma empresa p\u00fablica de Itabuna sirva somente aos comissionados. Vamos fazer um corte no n\u00famero de comissionados da empresa e vamos coloc\u00e1-la no lugar que merece para fazer frente aos in\u00fameros desafios\u201d, disse o prefeito eleito.<\/p>\n<p><center><strong>A seguir, os indicados e um breve curr\u00edculo:<\/strong><\/center><\/p>\n<p><!--more--><\/p>\n<p>1.                 Procuradoria Geral do Munic\u00edpio<\/p>\n<p>HARRISON FERREIRA LEITE, advogado, especialista em Processo Civil pela Universidade Estadual de Santa Cruz, especialista em Direito Tribut\u00e1rio, Mestre em Direito pela JUSPODIUM, Mestre em Direito em Direito P\u00fablico pela Unifran, Doutor em Direito Tribut\u00e1rio pela Universidade Federal do Rio Grande do Sul.<\/p>\n<p>2.                 Secretaria de Assuntos Governamentais e Comunica\u00e7\u00e3o Social<\/p>\n<p>CLEIDE SOUSA DE OLIVEIRA \u2013 Advogada, p\u00f3s-graduada em Direito P\u00fablico, especialista em licita\u00e7\u00e3o, contratos e conv\u00eanios, pregoeira certificada, casada, tr\u00eas filhos.<\/p>\n<p>3.                 Secretaria de Planejamento e Tecnologia<\/p>\n<p>WENCESLAU AUGUSTO DOS SANTOS JUNIOR, advogado, professor da Universidade Estadual do Sudoeste (Uesb), vereador por dois mandatos, ex-coordenador da Defensoria P\u00fablica municipal, primeiro suplente de deputado estadual PCdoB, vice-prefeito eleito, casado, um filho.<\/p>\n<p>4.                 Secretaria da Fazenda<\/p>\n<p>MARCOS ANTONIO NASCIMENTO DE CERQUEIRA \u2013 Bacharel em Administra\u00e7\u00e3o pela Universidade Estadual de Santa Cruz (Uesc), mestrando em Governan\u00e7a e Cidadania, ex-funcion\u00e1rio do Banco do Brasil, empres\u00e1rio na \u00e1rea de Tecnologia da Informa\u00e7\u00e3o, empres\u00e1rio da hotelaria em Ilh\u00e9us, 49 anos, casado, tr\u00eas filhos.<\/p>\n<p>5.                 Secretaria de Administra\u00e7\u00e3o<\/p>\n<p>MARIANA DUARTE ALC\u00c2NTARA \u2013 Graduanda em Psicologia pela Faculdade de Tecnologia e Ci\u00eancias (FTC), ex-admistradora do Centro de Forma\u00e7\u00e3o de Condutores Regional, s\u00f3cia-adminstradora da Climetran, especialista em PMK Palograf\u00e1fico (testes de sele\u00e7\u00e3o e psicol\u00f3gico), casada.<\/p>\n<p>6.                 Secretaria de Desenvolvimento Urbano<\/p>\n<p>MARCOS ANTONIO MATOS MONTEIRO &#8211; Engenheiro civil, empres\u00e1rio do ramo de materiais de constru\u00e7\u00e3o, casado,<\/p>\n<p>7.                 Secretaria da Educa\u00e7\u00e3o<\/p>\n<p>DINALVA MELO DO NASCIMENTO \u2013 Professora, Mestre em Educa\u00e7\u00e3o, especialista em Gest\u00e3o Universit\u00e1ria, graduada em Filosofia, ex-secret\u00e1ria de Educa\u00e7\u00e3o de Ilh\u00e9us (1997-20040, professora da rede estadual de ensino e professora aposentada da Universidade Estadual de Santa Cruz (Uesc), pr\u00f3-reitora da Gradua\u00e7\u00e3o da Universidade Federal do Rec\u00f4ncavo da Bahia (UFRB), assessora de Planejamento da Uesc, membro da comiss\u00e3o de implanta\u00e7\u00e3o da Universidade Federal do Sul da Bahia (Ufesba).<\/p>\n<p>8.                 Secretaria de Sa\u00fade<\/p>\n<p>UBIRATAN MOREIRA PEDROSA \u2013 M\u00e9dico sanitarista, ex-secret\u00e1rio de Sa\u00fade de Itabuna (1983-1988), sanitarista, secret\u00e1rio municipal de Sa\u00fade de Juazeiro,Bahia,<\/p>\n<p>9.                 Secretaria de Transporte e Tr\u00e2nsito<\/p>\n<p>CLODOVIL MOREIRA SOARES \u2013 Delegado de Pol\u00edcia Civil da Bahia, p\u00f3s-graduado em Ci\u00eancias Criminais, professor do curso de Direito da Faculdade de Tecnologia e Ci\u00eancias (FTC), campus Itabuna, casado, uma filha.<\/p>\n<p>10.             Secretaria de Assist\u00eancia Social<\/p>\n<p>JOS\u00c9 CARLOS TRINDADE \u2013 Advogado, professor, superintendente de Direito da Secretaria de Justi\u00e7a e Direitos Humanos da Bahia, um dos formuladores do Plano Viver sem Drogas, Diretor dos conjuntos Penais de Lauro de Freitas e Jequi\u00e9.<\/p>\n<p>11.             Secretaria de Esporte e Recrea\u00e7\u00e3o<\/p>\n<p>EVANS MAXWEL DE ARA\u00daJO SILVA \u2013 Marinheiro de 1\u00aa Classe da Marinha de Guerra do Brasil, telegrafista, arquivista, auxiliar administrativo, t\u00e9cnico em Inform\u00e1tica e Enfermagem, desportista, fundador da Associa\u00e7\u00e3o de Voleibol de GOngofi, filiado e presidente do diret\u00f3rio municipal do Partido Verde (PV).<\/p>\n<p>12.             Secretaria de Agricultura e Meio-Ambiente<\/p>\n<p>LANNS ALVES DE ALMEIDA FILHO \u2013 Itabunense, formado Engenheiro Agr\u00f4nomo pela Universidade Estadual de Santa Cruz (Uesc), p\u00f3s-graduando em Gerenciamento de Projetos pela Funda\u00e7\u00e3o Getulio Vargas, assessor executivo da diretoria da Companhia de Desenvolvimento e A\u00e7\u00e3o Regional (CAR), gestor de neg\u00f3cios do Programa Vida Melhor, 32 anos, casado, um filho.<\/p>\n<p>13.             Secretaria de Ind\u00fastria e Com\u00e9rcio e Turismo<\/p>\n<p>JOS\u00c9 HUMBERTO RAMOS MARTINS \u2013 Advogado e bacharel em Administra\u00e7\u00e3o de Empresas, membro da Comiss\u00e3o Municipal do Partido Progressista, ex-funcion\u00e1rio e agente substituto do INSS e da Ceplac, onde chefiou o Setor de Treinamento e a Divis\u00e3o de Recursos Humanos, ex-coordenador do programa Prefeitura Cidad\u00e3o de Ilh\u00e9us, 63, casado, quatro filhos e seis netos.<\/p>\n<p>14.              Controladoria Geral do Munic\u00edpio<\/p>\n<p>OTON SOUZA DE MATOS \u2013 Bacharel em Ci\u00eancias Cont\u00e1beis, especialista em auditoria e per\u00edcia cont\u00e1bil pela Facsul \u2013 Unime, membro do Conselho Regional de Contabilidade, casado, tr\u00eas filhos.<\/p>\n<p>Administra\u00e7\u00e3o Descentralizada<\/p>\n<p>15.             Funda\u00e7\u00e3o Itabunense de Cultura e Cidadania \u2013 FICC<\/p>\n<p>ROBERTO JOS\u00c9 DA SILVA \u2013 Licenciado em Geografia, especialista em planejamento de cidades pela Uesc, Mestre em Geografia pela Universidade Federal de Sergipe.<\/p>\n<p>16.             Funda\u00e7\u00e3o Marimbeta &#8211; S\u00edtios de Integra\u00e7\u00e3o da Crian\u00e7a<\/p>\n<p>e do Adolescente<\/p>\n<p>JOS\u00c9 TELES DA SILVA JUNIOR \u2013 Bacharel em Economia, p\u00f3s-graduado em Pedagogia Empresarial, diretor de Departamento de Diversifica\u00e7\u00e3o Econ\u00f4mica e Renda da Prefeitura.<\/p>\n<p>17.             Empresa Municipal de Saneamento Ambiental S.A. \u2013 EMASA<\/p>\n<p>RICARDO CAMPOS PEREIRA \u2013 Engenheiro eletricista, engenheiro s\u00eanior da Coelba h\u00e1 28 anos, ex-presidente da empresa no per\u00edodo 2003-2004.<\/p>\n<p>18.             Funda\u00e7\u00e3o de Assist\u00eancia \u00e0 Sa\u00fade de Itabuna \u2013 Fasi \u2013 (Ainda sem indica\u00e7\u00e3o).<\/p>\n<p>Assessoria de Comunica\u00e7\u00e3o<\/p>\n<p>Gabinete do Prefeito Eleito<\/p>\n","protected":false},"excerpt":{"rendered":"<p>O prefeito eleito Claudevane Moreira Leite, Vane do Renascer, anunciou na manh\u00e3 desta quinta-feira, 22, no Tarik Fontes Plaza Hotel, os nomes dos secret\u00e1rios e de dirigentes municipais de seu governo. Na oportunidade, em breve discurso, Vane reafirmou a proposta de uma gest\u00e3o eficiente e austera, diante das graves dificuldades que Itabuna enfrenta, principalmente em [&hellip;]<\/p>\n","protected":false},"author":2,"featured_media":0,"comment_status":"open","ping_status":"open","sticky":false,"template":"","format":"standard","meta":{"_links_to":"","_links_to_target":""},"categories":[15],"tags":[],"_links":{"self":[{"href":"https:\/\/www.r2cpress.com.br\/v1\/wp-json\/wp\/v2\/posts\/54150"}],"collection":[{"href":"https:\/\/www.r2cpress.com.br\/v1\/wp-json\/wp\/v2\/posts"}],"about":[{"href":"https:\/\/www.r2cpress.com.br\/v1\/wp-json\/wp\/v2\/types\/post"}],"author":[{"embeddable":true,"href":"https:\/\/www.r2cpress.com.br\/v1\/wp-json\/wp\/v2\/users\/2"}],"replies":[{"embeddable":true,"href":"https:\/\/www.r2cpress.com.br\/v1\/wp-json\/wp\/v2\/comments?post=54150"}],"version-history":[{"count":4,"href":"https:\/\/www.r2cpress.com.br\/v1\/wp-json\/wp\/v2\/posts\/54150\/revisions"}],"predecessor-version":[{"id":54155,"href":"https:\/\/www.r2cpress.com.br\/v1\/wp-json\/wp\/v2\/posts\/54150\/revisions\/54155"}],"wp:attachment":[{"href":"https:\/\/www.r2cpress.com.br\/v1\/wp-json\/wp\/v2\/media?parent=54150"}],"wp:term":[{"taxonomy":"category","embeddable":true,"href":"https:\/\/www.r2cpress.com.br\/v1\/wp-json\/wp\/v2\/categories?post=54150"},{"taxonomy":"post_tag","embeddable":true,"href":"https:\/\/www.r2cpress.com.br\/v1\/wp-json\/wp\/v2\/tags?post=54150"}],"curies":[{"name":"wp","href":"https:\/\/api.w.org\/{rel}","templated":true}]}}