{"id":54165,"date":"2012-11-22T18:48:06","date_gmt":"2012-11-22T21:48:06","guid":{"rendered":"http:\/\/www.r2cpress.com.br\/v1\/?p=54165"},"modified":"2012-11-22T18:48:06","modified_gmt":"2012-11-22T21:48:06","slug":"boletim-eletronico-da-agencia-camara-de-noticias-94","status":"publish","type":"post","link":"https:\/\/www.r2cpress.com.br\/v1\/2012\/11\/22\/boletim-eletronico-da-agencia-camara-de-noticias-94\/","title":{"rendered":"Boletim Eletr\u00f4nico da Ag\u00eancia C\u00e2mara de Not\u00edcias"},"content":{"rendered":"<table width=\"700\" border=\"0\" cellspacing=\"0\" cellpadding=\"0\" align=\"center\">\n<tbody>\n<tr>\n<td colspan=\"2\">\n<h2>Manchetes do dia<\/h2>\n<\/td>\n<\/tr>\n<tr>\n<td colspan=\"2\">\n<ul>\n<li><a title=\"\" href=\"http:\/\/www2.camara.leg.br\/agencia\/noticias\/TRABALHO-E-PREVIDENCIA\/430713-CAMARA-APROVA-PEC-DAS-DOMESTICAS-EM-PRIMEIRO-TURNO.html\" target=\"_blank\">C\u00e2mara aprova PEC das Dom\u00e9sticas em primeiro turno<\/a><\/li>\n<li><a title=\"\" href=\"http:\/\/www2.camara.leg.br\/agencia\/noticias\/ASSISTENCIA-SOCIAL\/430722-CAMARA-APROVA-SAQUE-DO-PISPASEP-POR-IDOSO-DE-60-ANOS.html\" target=\"_blank\">C\u00e2mara aprova saque do PIS\/Pasep por idoso de 60 anos<\/a><\/li>\n<li><a title=\"\" href=\"http:\/\/www2.camara.leg.br\/agencia\/noticias\/DIREITO-E-JUSTICA\/430751-APROVADA-REGULAMENTACAO-DE-AUTONOMIA-DAS-DEFENSORIAS-ESTADUAIS.html\" target=\"_blank\">Aprovada regulamenta\u00e7\u00e3o de autonomia das defensorias estaduais<\/a><\/li>\n<li><a title=\"\" href=\"http:\/\/www2.camara.leg.br\/agencia\/noticias\/POLITICA\/430837-OPOSICAO-PROMETE-IR-A-JUSTICA-CONTRA-CRIACAO-DE-CARGOS-POR-MEIO-DE-MPS.html\" target=\"_blank\">Oposi\u00e7\u00e3o promete ir \u00e0 Justi\u00e7a contra cria\u00e7\u00e3o de cargos por meio de MPs<\/a><\/li>\n<li><a title=\"\" href=\"http:\/\/www2.camara.leg.br\/agencia\/noticias\/POLITICA\/430825-RELATORIO-DA-CPMI-DO-CACHOEIRA-SERA-ALTERADO,-MAS-PODE-SER-DERROTADO.html\" target=\"_blank\">Relat\u00f3rio da CPMI do Cachoeira ser\u00e1 alterado, mas pode ser derrotado<\/a><\/li>\n<li><a title=\"\" href=\"http:\/\/www2.camara.leg.br\/agencia\/noticias\/SEGURANCA\/430778-COMISSAO-APROVA-PEC-QUE-EXCLUI-POSSIBILIDADE-DE-MP-INVESTIGAR-CRIMES.html\" target=\"_blank\">Comiss\u00e3o aprova PEC que exclui possibilidade de MP investigar crimes<\/a><\/li>\n<li><a title=\"\" href=\"http:\/\/www2.camara.leg.br\/agencia\/noticias\/ADMINISTRACAO-PUBLICA\/430718-EXECUTIVO-ATUALIZA-PARAMETROS-DA-INFLACAO-E-SALARIO-MINIMO-SOBE-PARA-R$-674.html\" target=\"_blank\">Executivo atualiza par\u00e2metros da infla\u00e7\u00e3o e sal\u00e1rio m\u00ednimo sobe para R$ 674<\/a><\/li>\n<li><a title=\"\" href=\"http:\/\/www2.camara.leg.br\/agencia\/noticias\/SEGURANCA\/430726-DEPUTADOS-VISITAM-SAO-PAULO-NA-SEGUNDA-PARA-AVALIAR-AUMENTO-DA-VIOLENCIA.html\" target=\"_blank\">Deputados visitam S\u00e3o Paulo na segunda para avaliar aumento da viol\u00eancia<\/a><\/li>\n<\/ul>\n<\/td>\n<\/tr>\n<tr>\n<td colspan=\"2\"><\/td>\n<\/tr>\n<tr>\n<td colspan=\"2\">\n<table width=\"100%\" border=\"0\" cellspacing=\"0\" cellpadding=\"0\">\n<tbody>\n<tr>\n<td>\n<table width=\"100%\" border=\"0\" cellspacing=\"0\" cellpadding=\"0\">\n<tbody>\n<tr>\n<td rowspan=\"2\" valign=\"top\" width=\"70%\">\n<table width=\"100%\" border=\"0\" cellspacing=\"0\" cellpadding=\"0\">\n<tbody>\n<tr bgcolor=\"#FFFFFF\">\n<td>\n<h2>ADMINISTRA\u00c7\u00c3O P\u00daBLICA<\/h2>\n<\/td>\n<\/tr>\n<tr>\n<td>\n<ul>\n<li><a title=\"\" href=\"http:\/\/www2.camara.leg.br\/agencia\/noticias\/POLITICA\/430691-MARCO-MAIA-COBRA-VOTACAO,-NO-SENADO,-DE-NOME-DA-CAMARA-PARA-O-CNMP.html\" target=\"_blank\">Marco Maia cobra vota\u00e7\u00e3o, no Senado, de nome da C\u00e2mara para o CNMP<\/a><\/li>\n<li><a title=\"\" href=\"http:\/\/www2.camara.leg.br\/agencia\/noticias\/POLITICA\/430741-DEPUTADO-COBRA-MAIS-ATENCAO-PARA-PROPOSTAS-DA-LEGISLACAO-PARTICIPATIVA.html\" target=\"_blank\">Deputado cobra mais aten\u00e7\u00e3o para propostas da Legisla\u00e7\u00e3o Participativa<\/a><\/li>\n<li><a title=\"\" href=\"http:\/\/www2.camara.leg.br\/agencia\/noticias\/MEIO-AMBIENTE\/430756-CAMARA-CONQUISTA-SEGUNDO-LUGAR-NO-PREMIO-MELHORES-PRATICAS-DA-A3P.html\" target=\"_blank\">C\u00e2mara conquista segundo lugar no Pr\u00eamio Melhores Pr\u00e1ticas da A3P<\/a><\/li>\n<li><a title=\"\" href=\"http:\/\/www2.camara.leg.br\/agencia\/noticias\/ECONOMIA\/430773-COMISSAO-APROVA-MP-COM-CRIACAO-DE-CARGOS-E-REABERTURA-DO-REFIS-DA-CRISE.html\" target=\"_blank\">Comiss\u00e3o aprova MP com cria\u00e7\u00e3o de cargos e reabertura do Refis da Crise<\/a><\/li>\n<li><a title=\"\" href=\"http:\/\/www2.camara.leg.br\/agencia\/noticias\/MEIO-AMBIENTE\/430812-MEIO-AMBIENTE-APROVA-TRES-EMENDAS-AO-ORCAMENTO-DE-2013.html\" target=\"_blank\">Meio Ambiente aprova tr\u00eas emendas ao Or\u00e7amento de 2013<\/a><\/li>\n<li><a title=\"\" href=\"http:\/\/www2.camara.leg.br\/agencia\/noticias\/MEIO-AMBIENTE\/430822-INVESTIMENTO-ANUAL-DE-R$-20-POR-PESSOA-PODE-SANAR-FALTA-DE-AGUA-NO-NE,-DIZ-PROFESSOR.html\" target=\"_blank\">Investimento anual de R$ 20 por pessoa pode sanar falta de \u00e1gua no NE, diz professor<\/a><\/li>\n<li><a title=\"\" href=\"http:\/\/www2.camara.leg.br\/agencia\/noticias\/CIDADES\/430827-COMISSAO-REJEITA-NOVA-EXIGENCIA-DE-CARTA-GEOTECNICA-PARA-PLANO-DIRETOR.html\" target=\"_blank\">Comiss\u00e3o rejeita nova exig\u00eancia de carta geot\u00e9cnica para plano diretor<\/a><\/li>\n<li><a title=\"\" href=\"http:\/\/www2.camara.leg.br\/agencia\/noticias\/SEGURANCA\/430830-SINDICATO-DIZ-QUE-POLICIAIS-FEDERAIS-SERAO-O-PROXIMO-ALVO-DO-PCC.html\" target=\"_blank\">Sindicato diz que policiais federais ser\u00e3o o pr\u00f3ximo alvo do PCC<\/a><\/li>\n<li><a title=\"\" href=\"http:\/\/www2.camara.leg.br\/agencia\/noticias\/TRABALHO-E-PREVIDENCIA\/430831-DEBATE-EVIDENCIA-POLEMICA-EM-TORNO-DA-REGULAMENTACAO-DAS-TERCEIRIZACOES.html\" target=\"_blank\">Debate evidencia pol\u00eamica em torno da regulamenta\u00e7\u00e3o das terceiriza\u00e7\u00f5es<\/a><\/li>\n<li><a title=\"\" href=\"http:\/\/www2.camara.leg.br\/agencia\/noticias\/ECONOMIA\/430834-PRESIDENTE-DO-BC:-CRISE-INTERNACIONAL-DIMINUIU,-MAS-CRESCIMENTO-CONTINUA-BAIXO.html\" target=\"_blank\">Presidente do BC: crise internacional diminuiu, mas crescimento continua baixo<\/a><\/li>\n<li><a title=\"\" href=\"http:\/\/www2.camara.leg.br\/agencia\/noticias\/TRANSPORTE-E-TRANSITO\/430839-CAMARA-REJEITA-PROPOSTA-QUE-PRETENDIA-REGULAMENTAR-BLITZ-DE-TRANSITO.html\" target=\"_blank\">C\u00e2mara rejeita proposta que pretendia regulamentar blitz de tr\u00e2nsito<\/a><\/li>\n<li><a title=\"\" href=\"http:\/\/www2.camara.leg.br\/agencia\/noticias\/CIDADES\/430853-COMISSAO-APROVA-PROJETO-QUE-PUNE-PREFEITO-POR-OMISSAO-EM-DEFESA-CIVIL.html\" target=\"_blank\">Comiss\u00e3o aprova projeto que pune prefeito por omiss\u00e3o em defesa civil<\/a><\/li>\n<li><a title=\"\" href=\"http:\/\/www2.camara.leg.br\/agencia\/noticias\/TRANSPORTE-E-TRANSITO\/430855-TRANSPORTES-APROVA-LIMITADOR-DE-VELOCIDADE-PARA-ONIBUS-E-CAMINHOES.html\" target=\"_blank\">Transportes aprova limitador de velocidade para \u00f4nibus e caminh\u00f5es<\/a><\/li>\n<\/ul>\n<\/td>\n<\/tr>\n<tr bgcolor=\"#FFFFFF\">\n<td>\n<h2>AGROPECU\u00c1RIA<\/h2>\n<\/td>\n<\/tr>\n<tr>\n<td>\n<ul>\n<li><a title=\"\" href=\"http:\/\/www2.camara.leg.br\/agencia\/noticias\/MEIO-AMBIENTE\/430847-PARA-ESPECIALISTAS,-MANTER-REDUCAO-DO-DESMATAMENTO-E-DESAFIO-PARA-OS-PROXIMOS-ANOS.html\" target=\"_blank\">Para especialistas, manter redu\u00e7\u00e3o do desmatamento \u00e9 desafio para os pr\u00f3ximos anos<\/a><\/li>\n<\/ul>\n<\/td>\n<\/tr>\n<tr bgcolor=\"#FFFFFF\">\n<td>\n<h2>CI\u00caNCIA E TECNOLOGIA<\/h2>\n<\/td>\n<\/tr>\n<tr>\n<td>\n<ul>\n<li><a title=\"\" href=\"http:\/\/www2.camara.leg.br\/agencia\/noticias\/RELACOES-EXTERIORES\/430795-PLENARIO-APROVA-URGENCIA-PARA-CRIACAO-DE-VARAS-FEDERAIS-EM-MACAPA.html\" target=\"_blank\">Plen\u00e1rio aprova urg\u00eancia para cria\u00e7\u00e3o de varas federais em Macap\u00e1<\/a><\/li>\n<\/ul>\n<\/td>\n<\/tr>\n<tr bgcolor=\"#FFFFFF\">\n<td>\n<h2>COMUNICA\u00c7\u00c3O<\/h2>\n<\/td>\n<\/tr>\n<tr>\n<td>\n<ul>\n<li><a title=\"\" href=\"http:\/\/www2.camara.leg.br\/agencia\/noticias\/TRANSPORTE-E-TRANSITO\/430852-CAMARA-REJEITA-OBRIGATORIEDADE-DE-INTERNET-GRATUITA-NOS-AEROPORTOS.html\" target=\"_blank\">C\u00e2mara rejeita obrigatoriedade de internet gratuita nos aeroportos<\/a><\/li>\n<\/ul>\n<\/td>\n<\/tr>\n<tr bgcolor=\"#FFFFFF\">\n<td>\n<h2>DIREITO E JUSTI\u00c7A<\/h2>\n<\/td>\n<\/tr>\n<tr>\n<td>\n<ul>\n<li><a title=\"\" href=\"http:\/\/www2.camara.leg.br\/agencia\/noticias\/DIREITOS-HUMANOS\/430833-DEBATEDORES-LAMENTAM-POUCOS-AVANCOS-NO-COMBATE-A-GRUPOS-DE-EXTERMINIO.html\" target=\"_blank\">Debatedores lamentam poucos avan\u00e7os no combate a grupos de exterm\u00ednio<\/a><\/li>\n<\/ul>\n<\/td>\n<\/tr>\n<tr bgcolor=\"#FFFFFF\">\n<td>\n<h2>ECONOMIA<\/h2>\n<\/td>\n<\/tr>\n<tr>\n<td>\n<ul>\n<li><a title=\"\" href=\"http:\/\/www2.camara.leg.br\/agencia\/noticias\/TRANSPORTE-E-TRANSITO\/430849-COMISSAO-APROVA-SEGURO-CONTRA-DANOS-A-TERCEIROS-PARA-VEICULO-DE-CARGA.html\" target=\"_blank\">Comiss\u00e3o aprova seguro contra danos a terceiros para ve\u00edculo de carga<\/a><\/li>\n<\/ul>\n<\/td>\n<\/tr>\n<tr bgcolor=\"#FFFFFF\">\n<td>\n<h2>EDUCA\u00c7\u00c3O E CULTURA<\/h2>\n<\/td>\n<\/tr>\n<tr>\n<td>\n<ul>\n<li><a title=\"\" href=\"http:\/\/www2.camara.leg.br\/agencia\/noticias\/EDUCACAO-E-CULTURA\/430775-MOVIMENTO-TODOS-PELA-EDUCACAO-E-SENAI-RECEBEM-PREMIO-DARCY-RIBEIRO-2012.html\" target=\"_blank\">Movimento Todos pela Educa\u00e7\u00e3o e Senai recebem pr\u00eamio Darcy Ribeiro 2012<\/a><\/li>\n<\/ul>\n<\/td>\n<\/tr>\n<tr bgcolor=\"#FFFFFF\">\n<td>\n<h2>SA\u00daDE<\/h2>\n<\/td>\n<\/tr>\n<tr>\n<td>\n<ul>\n<li><a title=\"\" href=\"http:\/\/www2.camara.leg.br\/agencia\/noticias\/TRANSPORTE-E-TRANSITO\/430838-COMISSAO-APROVA-CADASTRO-PARA-MOTORISTA-ALCOOLIZADO-E-PENAS-MAIS-DURAS.html\" target=\"_blank\">Comiss\u00e3o aprova cadastro para motorista alcoolizado e penas mais duras<\/a><\/li>\n<\/ul>\n<\/td>\n<\/tr>\n<tr bgcolor=\"#FFFFFF\">\n<td>\n<h2>TRANSPORTE E TR\u00c2NSITO<\/h2>\n<\/td>\n<\/tr>\n<tr>\n<td>\n<ul>\n<li><a title=\"\" href=\"http:\/\/www2.camara.leg.br\/agencia\/noticias\/TRANSPORTE-E-TRANSITO\/430835-COMISSAO-REJEITA-MUDANCA-DE-NOME-DE-ANEL-RODOVIARIO-DE-BELO-HORIZONTE.html\" target=\"_blank\">Comiss\u00e3o rejeita mudan\u00e7a de nome de anel rodovi\u00e1rio de Belo Horizonte<\/a><\/li>\n<\/ul>\n<\/td>\n<\/tr>\n<\/tbody>\n<\/table>\n<\/td>\n<\/tr>\n<\/tbody>\n<\/table>\n<\/td>\n<\/tr>\n<\/tbody>\n<\/table>\n<\/td>\n<\/tr>\n<\/tbody>\n<\/table>\n","protected":false},"excerpt":{"rendered":"<p>Manchetes do dia C\u00e2mara aprova PEC das Dom\u00e9sticas em primeiro turno C\u00e2mara aprova saque do PIS\/Pasep por idoso de 60 anos Aprovada regulamenta\u00e7\u00e3o de autonomia das defensorias estaduais Oposi\u00e7\u00e3o promete ir \u00e0 Justi\u00e7a contra cria\u00e7\u00e3o de cargos por meio de MPs Relat\u00f3rio da CPMI do Cachoeira ser\u00e1 alterado, mas pode ser derrotado Comiss\u00e3o aprova PEC [&hellip;]<\/p>\n","protected":false},"author":2,"featured_media":0,"comment_status":"open","ping_status":"open","sticky":false,"template":"","format":"standard","meta":{"_links_to":"","_links_to_target":""},"categories":[18],"tags":[],"_links":{"self":[{"href":"https:\/\/www.r2cpress.com.br\/v1\/wp-json\/wp\/v2\/posts\/54165"}],"collection":[{"href":"https:\/\/www.r2cpress.com.br\/v1\/wp-json\/wp\/v2\/posts"}],"about":[{"href":"https:\/\/www.r2cpress.com.br\/v1\/wp-json\/wp\/v2\/types\/post"}],"author":[{"embeddable":true,"href":"https:\/\/www.r2cpress.com.br\/v1\/wp-json\/wp\/v2\/users\/2"}],"replies":[{"embeddable":true,"href":"https:\/\/www.r2cpress.com.br\/v1\/wp-json\/wp\/v2\/comments?post=54165"}],"version-history":[{"count":3,"href":"https:\/\/www.r2cpress.com.br\/v1\/wp-json\/wp\/v2\/posts\/54165\/revisions"}],"predecessor-version":[{"id":54168,"href":"https:\/\/www.r2cpress.com.br\/v1\/wp-json\/wp\/v2\/posts\/54165\/revisions\/54168"}],"wp:attachment":[{"href":"https:\/\/www.r2cpress.com.br\/v1\/wp-json\/wp\/v2\/media?parent=54165"}],"wp:term":[{"taxonomy":"category","embeddable":true,"href":"https:\/\/www.r2cpress.com.br\/v1\/wp-json\/wp\/v2\/categories?post=54165"},{"taxonomy":"post_tag","embeddable":true,"href":"https:\/\/www.r2cpress.com.br\/v1\/wp-json\/wp\/v2\/tags?post=54165"}],"curies":[{"name":"wp","href":"https:\/\/api.w.org\/{rel}","templated":true}]}}