{"id":54323,"date":"2012-11-25T17:58:32","date_gmt":"2012-11-25T20:58:32","guid":{"rendered":"http:\/\/www.r2cpress.com.br\/v1\/?p=54323"},"modified":"2012-11-25T17:58:32","modified_gmt":"2012-11-25T20:58:32","slug":"maria-regina-canhos-vicentin-em-o-fim-do-casamento","status":"publish","type":"post","link":"https:\/\/www.r2cpress.com.br\/v1\/2012\/11\/25\/maria-regina-canhos-vicentin-em-o-fim-do-casamento\/","title":{"rendered":"Maria Regina Canhos Vicentin em: O fim do casamento"},"content":{"rendered":"<p><img loading=\"lazy\" alt=\"\" src=\"http:\/\/www.r2cpress.com.br\/v1\/wp-content\/uploads\/Maria-Regina-Canhos-Vicentin_cart%C3%A3o.jpg\" class=\"alignleft\" width=\"300\" height=\"117\" \/>De uns tempos para c\u00e1 a igreja cat\u00f3lica vem dando especial aten\u00e7\u00e3o aos casais em segunda uni\u00e3o. O n\u00famero de separa\u00e7\u00f5es cresceu muito, evidenciando que as pessoas encontram dificuldade em manter um relacionamento que perdure no tempo. As causas para isso s\u00e3o in\u00fameras, e acho complicado julgar quem quer que seja; tendo em vista que somente os envolvidos conseguem avaliar exatamente como se sentem em rela\u00e7\u00e3o \u00e0 situa\u00e7\u00e3o conjugal, de que forma s\u00e3o tratados, e o quanto isso contribui para o crescimento m\u00fatuo ou para o empobrecimento da autoestima, surgimento da depress\u00e3o ou outros transtornos de ordem psicol\u00f3gica e emocional.<\/p>\n<p>A cada fase do relacionamento afetivo temos desafios a enfrentar. Quando se \u00e9 jovem, talvez uma das coisas mais dif\u00edceis seja romper os la\u00e7os com a fam\u00edlia anterior e sua influ\u00eancia, assumindo a vida de casados: \u201co homem deixa pai e m\u00e3e e se une \u00e0 sua mulher\u201d (Gn 2, 24a).  As primeiras adapta\u00e7\u00f5es s\u00e3o dolorosas porque cada qual tem o seu costume; foram criados em fam\u00edlias diferentes, com prioridades diversas. Passam a assumir muitas responsabilidades que aumentam cada vez mais, principalmente ap\u00f3s o nascimento dos filhos. Vai se delineando a forma como o casal preferencialmente se relaciona. Alguns \u201centre tapas e beijos\u201d, outros \u201ccedendo sempre\u201d, muitos \u201cabrindo m\u00e3o de seus gostos e desejos\u201d. Aquele amor, aquela paix\u00e3o inicial, vai dando lugar \u00e0 acomoda\u00e7\u00e3o. Passamos para outra fase do relacionamento.<\/p>\n<p><!--more--><\/p>\n<p>Vencidos os desafios iniciais, no momento em que se encontram aparentemente estabilizados, os filhos crescidos, a vida mais organizada; percebem que j\u00e1 n\u00e3o s\u00e3o marido e mulher h\u00e1 muito tempo. Viraram irm\u00e3os, m\u00e3e e filho, pai e filha, parentes. O calor que existia no in\u00edcio e aquecia as noites frias n\u00e3o existe mais. Existe apenas uma companhia (nem sempre agrad\u00e1vel) que nos recorda sermos casados. <\/p>\n<p>\u00c0s vezes, a constata\u00e7\u00e3o dessa mudan\u00e7a, por incr\u00edvel que pare\u00e7a, \u00e9 unilateral. Algu\u00e9m est\u00e1 muito bem; comodamente desfrutando das benesses que acabou angariando com a estrutura\u00e7\u00e3o do modelo conjugal adotado pelo casal ao longo dos anos. Enquanto isso, algu\u00e9m est\u00e1 muito mal; sofrendo com a condi\u00e7\u00e3o que acabou lhe sendo imposta pelo desgaste da rela\u00e7\u00e3o a dois. Ora, algo precisa ser feito para que n\u00e3o aconte\u00e7a o pior e sobrevenha a ruptura.<\/p>\n<p>Mas, e quando a voz de um n\u00e3o \u00e9 ouvida pelo outro? Quando a irrita\u00e7\u00e3o, a depress\u00e3o e o abandono n\u00e3o s\u00e3o percebidos? Quando os sinais do desgaste n\u00e3o s\u00e3o notados porque est\u00e1 bom demais para um e ruim demais para o outro? A\u00ed, infelizmente, \u00e9 o fim do casamento. E n\u00e3o adianta prantear querendo ressuscitar algo que se foi. N\u00e3o queira julgar ou arrumar culpados para um problema que nasceu no seio de um arranjo conjugal mal sucedido. N\u00e3o d\u00e1 para manter um relacionamento em que apenas uma das partes vive com satisfa\u00e7\u00e3o. Isso pode at\u00e9 acontecer, mas j\u00e1 n\u00e3o \u00e9 matrim\u00f4nio. Assemelha-se mais \u00e0 pris\u00e3o ou manic\u00f4mio. Quem quiser preservar seu casamento mantenha os olhos e ouvidos bem abertos, a sua conduta flex\u00edvel e o seu cora\u00e7\u00e3o apaixonado.<\/p>\n<p><strong>Maria Regina Canhos Vicentin (e.mail: contato@mariaregina.com.br) \u00e9 escritora.<br \/>\n      Acesse e divulgue o site da autora: www.mariaregina.com.br.<br \/>\n<\/strong><\/p>\n","protected":false},"excerpt":{"rendered":"<p>De uns tempos para c\u00e1 a igreja cat\u00f3lica vem dando especial aten\u00e7\u00e3o aos casais em segunda uni\u00e3o. O n\u00famero de separa\u00e7\u00f5es cresceu muito, evidenciando que as pessoas encontram dificuldade em manter um relacionamento que perdure no tempo. As causas para isso s\u00e3o in\u00fameras, e acho complicado julgar quem quer que seja; tendo em vista que [&hellip;]<\/p>\n","protected":false},"author":2,"featured_media":0,"comment_status":"open","ping_status":"open","sticky":false,"template":"","format":"standard","meta":{"_links_to":"","_links_to_target":""},"categories":[12],"tags":[],"_links":{"self":[{"href":"https:\/\/www.r2cpress.com.br\/v1\/wp-json\/wp\/v2\/posts\/54323"}],"collection":[{"href":"https:\/\/www.r2cpress.com.br\/v1\/wp-json\/wp\/v2\/posts"}],"about":[{"href":"https:\/\/www.r2cpress.com.br\/v1\/wp-json\/wp\/v2\/types\/post"}],"author":[{"embeddable":true,"href":"https:\/\/www.r2cpress.com.br\/v1\/wp-json\/wp\/v2\/users\/2"}],"replies":[{"embeddable":true,"href":"https:\/\/www.r2cpress.com.br\/v1\/wp-json\/wp\/v2\/comments?post=54323"}],"version-history":[{"count":2,"href":"https:\/\/www.r2cpress.com.br\/v1\/wp-json\/wp\/v2\/posts\/54323\/revisions"}],"predecessor-version":[{"id":54325,"href":"https:\/\/www.r2cpress.com.br\/v1\/wp-json\/wp\/v2\/posts\/54323\/revisions\/54325"}],"wp:attachment":[{"href":"https:\/\/www.r2cpress.com.br\/v1\/wp-json\/wp\/v2\/media?parent=54323"}],"wp:term":[{"taxonomy":"category","embeddable":true,"href":"https:\/\/www.r2cpress.com.br\/v1\/wp-json\/wp\/v2\/categories?post=54323"},{"taxonomy":"post_tag","embeddable":true,"href":"https:\/\/www.r2cpress.com.br\/v1\/wp-json\/wp\/v2\/tags?post=54323"}],"curies":[{"name":"wp","href":"https:\/\/api.w.org\/{rel}","templated":true}]}}