{"id":54329,"date":"2012-11-25T20:52:14","date_gmt":"2012-11-25T23:52:14","guid":{"rendered":"http:\/\/www.r2cpress.com.br\/v1\/?p=54329"},"modified":"2012-11-25T20:52:14","modified_gmt":"2012-11-25T23:52:14","slug":"hans-schaeppi-em-h-o-t-e-l-a-r-i-a-e-t-u-r-i-s-m-o-6","status":"publish","type":"post","link":"https:\/\/www.r2cpress.com.br\/v1\/2012\/11\/25\/hans-schaeppi-em-h-o-t-e-l-a-r-i-a-e-t-u-r-i-s-m-o-6\/","title":{"rendered":"Hans  Schaeppi em: H O T E L A R I A  E  T U R I S M O"},"content":{"rendered":"<p style=\"text-align: left;\" align=\"center\"><em><strong>por Hans\u00a0 Schaeppi<\/strong><\/em><\/p>\n<p align=\"center\">\u00a0<strong><\/strong><\/p>\n<div style=\"width: 249px\" class=\"wp-caption alignleft\"><img loading=\"lazy\" title=\"Hans Schaeppi\" src=\"http:\/\/www.r2cpress.com.br\/v1\/wp-content\/uploads\/Hans-Schaeppi_.jpg\" alt=\"Hans Schaeppi\" width=\"239\" height=\"318\" \/><p class=\"wp-caption-text\">Hans Schaeppi<\/p><\/div>\n<p align=\"center\"><strong>PORTO \u00c0 VISTA!<\/strong><\/p>\n<p>\u00a0\u00a0\u00a0\u00a0\u00a0\u00a0 O parecer favor\u00e1vel do IBAMA \u00e0 constru\u00e7\u00e3o do Porto de Ilh\u00e9us, e a afirmativa da presidente Dilma Rouseff, de que o Porto Sul \u00e9 prioridade do seu governo, tornam mais \u00e0 vista o in\u00edcio das obras de constru\u00e7\u00e3o do mesmo. O pacote de portos j\u00e1 formatado pelo governo federal custar\u00e1 R$ 40 milh\u00f5es com contratos a serem firmados a partir do pr\u00f3ximo ano, sendo a maior parte dois recursos aplicada pela iniciativa privada. Tudo indica, que o in\u00edcio das obras do Porto Sul aconte\u00e7a no primeiro semestre do pr\u00f3ximo ano. O prefeito Newton Lima, acha que\u00a0 a constru\u00e7\u00e3o do Complexo Intermodal Porto Sul representar\u00e1 a volta de Ilh\u00e9us ao desenvolvimento econ\u00f4mico e social, somente comparado aos tempos \u00e1ureos da cacauicultura.<\/p>\n<p align=\"center\"><strong>HOTELARIA DE SALVADOR EM OUTUBRO<\/strong><\/p>\n<p>\u00a0\u00a0\u00a0\u00a0\u00a0\u00a0 As pesquisas realizadas pela Associa\u00e7\u00e3o Brasileira da Ind\u00fastria de Hot\u00e9is \u2013 Abih-BA e ABIH Nacional, feitas com base em levantamento junto a 22 grandes e m\u00e9dios hot\u00e9is de Salvador, correspondendo a 3.400 apartamentos, (17% do total dos 20 mil apartamentos da capital baiana &#8211; 40.000 leitos), revelaram que a hotelaria fechou o m\u00eas de outubro com uma taxa m\u00e9dia de ocupa\u00e7\u00e3o de 61,08% e di\u00e1ria m\u00e9dia de R$ 195,55. Em setembro, os resultados foram de 60,5% na taxa m\u00e9dia e de R$ 189,09 na di\u00e1ria m\u00e9dia. Aracaju, Belo Horizonte e Vit\u00f3ria, superaram a capital baiana em taxa de ocupa\u00e7\u00e3o (74,20%, 64,3% e 64,46%, respectivamente) e di\u00e1ria m\u00e9dia (R$ 213,76, R$ 253,35 e R$ 203,97, respectivamente). Perde assim, a hotelaria de Salvador, n\u00e3o somente para essas tr\u00eas cidades, como para outras do Nordeste, como Fortaleza e Natal. A Abih-BA atribui a queda na ocupa\u00e7\u00e3o dos hot\u00e9is, ao fraco desempenho do turismo de eventos.<\/p>\n<p align=\"center\"><strong>ELEI\u00c7\u00c3O DA ATIL<\/strong><\/p>\n<p align=\"center\"><!--more--><\/p>\n<p>\u00a0\u00a0\u00a0\u00a0\u00a0\u00a0 Todas as empresas ligadas ao turismo de Ilh\u00e9us, est\u00e3o sendo convocadas pelo atual presidente da ATIL, Ricardo Miyasato a comparecerem no pr\u00f3ximo dia 27 de novembro (ter\u00e7a-feira), na sede da entidade, no Centro de Conven\u00e7\u00f5es Lu\u00eds Eduardo Magalh\u00e3es, das 13:00h \u00e0s 18:00h, para votarem na escolha da nova Diretoria e Conselho Fiscal da Atil, para o bi\u00eanio 2012\/2014. A apresenta\u00e7\u00e3o das chapas teve o prazo encerrado no \u00faltimo dia 12 de novembro, e nenhuma chapa foi inscrita&#8230;<\/p>\n<p>O trade espera que a nova Diretoria a ser eleita, tenha uma din\u00e2mica maior do que tem acontecido nos \u00faltimos anos; batalhando junto aos poderes p\u00fablicos, por a\u00e7\u00f5es que beneficiem diretamente o turismo municipal.<\/p>\n<p align=\"center\"><strong>PALHASSEATA<\/strong><\/p>\n<p>\u00a0\u00a0\u00a0\u00a0 \u00a0\u00a0No pr\u00f3ximo dia 8 de dezembro (segunda-feira), os palha\u00e7os estar\u00e3o nas ruas de Ilh\u00e9us, comemorando o Dia dos Palha\u00e7os. Eles sair\u00e3o da Casa dos Artistas, a partir das 9 horas levando \u00e0s ruas sua alegria, irrever\u00eancia, e palha\u00e7adas. \u00c9 a Segunda Palhasseata, organizada pelo Grupo Teatral Maktub, e patrocinada pela Funda\u00e7\u00e3o Cultural do Estado da Bahia, tendo sido premiada no Calend\u00e1rio das Artes. O Grupo recebeu o apoio do Circo da Lua, refor\u00e7ando ainda mais a II Palhasseata, que conta tamb\u00e9m com o apoio do Teatro Popular de Ilh\u00e9us, O Boi da Cara Preta; e outros. O grupo j\u00e1 vem recolhendo materiais recicl\u00e1veis para confec\u00e7\u00e3o de suas fantasias e adere\u00e7os, coletados quando o com\u00e9rcio de Ilh\u00e9us encerra suas atividades. O p\u00fablico pode colaborar fazendo a doa\u00e7\u00e3o de brinquedos que ser\u00e3o distribu\u00eddos no Natal.<\/p>\n<p align=\"center\"><strong>GRAND CELEBRATION<\/strong><\/p>\n<p>\u00a0\u00a0\u00a0\u00a0\u00a0\u00a0 Est\u00e1 previsto para ancorar no Porto de Ilh\u00e9us neste s\u00e1bado, 24, o transatl\u00e2ntico Grand Celebration, do grupo espanhol Ibero. Como j\u00e1 informamos nesta coluna, o navio tem capacidade para 1.896 passageiros e 620 tripulantes e \u00e9 conhecido por seu conte\u00fado alegre, com 3 piscinas e 3 jacuzzi; al\u00e9m de teatro, bares e restaurantes. Previsto para aportar \u00e0s 8:00h, e deixar nossa cidade \u00e0s 18:00h.<\/p>\n<p align=\"center\"><strong>CENTEN\u00c1RIO DA ACI<\/strong><\/p>\n<p>\u00a0\u00a0\u00a0\u00a0\u00a0 A comemora\u00e7\u00e3o dos 100 anos da Associa\u00e7\u00e3o Comercial de Ilh\u00e9us teve sua data antecipada para o dia 29 do corrente m\u00eas (quinta-feira), a pedido do governador Jaques Wagner. A solenidade comemorativa do centen\u00e1rio da ACI ser\u00e1 conduzida pelo seu presidente Nilton Cruz, constando da inaugura\u00e7\u00e3o de uma placa alusiva \u00e0 data;\u00a0 a entrega de placas a personagens que colaboraram para o engrandecimento do com\u00e9rcio de Ilh\u00e9us; \u00a0seguindo-se um coquetel. Entre os homenageados, estar\u00e3o o ministro dos Transportes, Paulo S\u00e9rgio Passos, o governador do Estado, Jaques Wagner, e o prefeito de Ilh\u00e9us, Newton Lima. O governador aproveitar\u00e1 sua presen\u00e7a em Ilh\u00e9us, para inaugurar, tamb\u00e9m no dia 29, \u00a0o novo pr\u00e9dio do DPT (Departamento de Pol\u00edcia T\u00e9cnica).<\/p>\n<p align=\"center\"><strong>B I T S\u00a0 &#8211;\u00a0 T U R<\/strong><\/p>\n<p>Tudo indica que teremos um \u201cBlack Christmas\u201d (Natal Negro), no que se refere \u00e0 ilumina\u00e7\u00e3o natalina. Com a Prefeitura sem recursos, e o com\u00e9rcio idem, vamos mais uma vez passar as festas natalinas na penumbra *** Nenhuma chapa se credenciou para assumir a nova Diretoria da Associa\u00e7\u00e3o de Turismo de Ilh\u00e9us (ATIL)&#8230; *** Tenta-se convencer Marco Lessa a assumir a presid\u00eancia da entidade, o que seria uma boa *** O Teatro Municipal de Ilh\u00e9us apresenta neste final de semana (s\u00e1bado e domingo), o espet\u00e1culo solo \u201c7 conto\u201d, com o ator\u00a0 Luis Miranda<\/p>\n","protected":false},"excerpt":{"rendered":"<p>por Hans\u00a0 Schaeppi \u00a0 PORTO \u00c0 VISTA! \u00a0\u00a0\u00a0\u00a0\u00a0\u00a0 O parecer favor\u00e1vel do IBAMA \u00e0 constru\u00e7\u00e3o do Porto de Ilh\u00e9us, e a afirmativa da presidente Dilma Rouseff, de que o Porto Sul \u00e9 prioridade do seu governo, tornam mais \u00e0 vista o in\u00edcio das obras de constru\u00e7\u00e3o do mesmo. O pacote de portos j\u00e1 formatado pelo [&hellip;]<\/p>\n","protected":false},"author":2,"featured_media":0,"comment_status":"open","ping_status":"open","sticky":false,"template":"","format":"standard","meta":{"_links_to":"","_links_to_target":""},"categories":[27],"tags":[],"_links":{"self":[{"href":"https:\/\/www.r2cpress.com.br\/v1\/wp-json\/wp\/v2\/posts\/54329"}],"collection":[{"href":"https:\/\/www.r2cpress.com.br\/v1\/wp-json\/wp\/v2\/posts"}],"about":[{"href":"https:\/\/www.r2cpress.com.br\/v1\/wp-json\/wp\/v2\/types\/post"}],"author":[{"embeddable":true,"href":"https:\/\/www.r2cpress.com.br\/v1\/wp-json\/wp\/v2\/users\/2"}],"replies":[{"embeddable":true,"href":"https:\/\/www.r2cpress.com.br\/v1\/wp-json\/wp\/v2\/comments?post=54329"}],"version-history":[{"count":3,"href":"https:\/\/www.r2cpress.com.br\/v1\/wp-json\/wp\/v2\/posts\/54329\/revisions"}],"predecessor-version":[{"id":54332,"href":"https:\/\/www.r2cpress.com.br\/v1\/wp-json\/wp\/v2\/posts\/54329\/revisions\/54332"}],"wp:attachment":[{"href":"https:\/\/www.r2cpress.com.br\/v1\/wp-json\/wp\/v2\/media?parent=54329"}],"wp:term":[{"taxonomy":"category","embeddable":true,"href":"https:\/\/www.r2cpress.com.br\/v1\/wp-json\/wp\/v2\/categories?post=54329"},{"taxonomy":"post_tag","embeddable":true,"href":"https:\/\/www.r2cpress.com.br\/v1\/wp-json\/wp\/v2\/tags?post=54329"}],"curies":[{"name":"wp","href":"https:\/\/api.w.org\/{rel}","templated":true}]}}